{"id":304276,"date":"2025-08-08T04:29:17","date_gmt":"2025-08-08T04:29:17","guid":{"rendered":"https:\/\/www.europesays.com\/fr\/304276\/"},"modified":"2025-08-08T04:29:17","modified_gmt":"2025-08-08T04:29:17","slug":"les-negociations-se-poursuivent-apres-lentree-en-vigueur-des-nouveaux-droits-de-douane-americains-07-08-2025-a-2101","status":"publish","type":"post","link":"https:\/\/www.europesays.com\/fr\/304276\/","title":{"rendered":"Les n\u00e9gociations se poursuivent apr\u00e8s l&rsquo;entr\u00e9e en vigueur des nouveaux droits de douane am\u00e9ricains &#8211; 07\/08\/2025 \u00e0 21:01"},"content":{"rendered":"<p>        <img fetchpriority=\"high\" decoding=\"async\" src=\"https:\/\/www.europesays.com\/fr\/wp-content\/uploads\/2025\/08\/10a97967ddd3d5f37f854f019cdcb7f8-760x507.jpg\" alt=\"Le pr\u00e9sident am\u00e9ricain Donald Trump \u00e0 la Maison Blanche le 6 ao\u00fbt 2025 ( AFP \/ Brendan SMIALOWSKI )\" loading=\"eager\" width=\"760\" height=\"507\" style=\"max-width: 100%!important; height: auto;\"\/><\/p>\n<p class=\"c-image-news__legend\">Le pr\u00e9sident am\u00e9ricain Donald Trump \u00e0 la Maison Blanche le 6 ao\u00fbt 2025 ( AFP \/ Brendan SMIALOWSKI )<\/p>\n<p>\n Des pays continuent jeudi de n\u00e9gocier avec Washington dans l&rsquo;espoir de r\u00e9duire l&rsquo;impact des surtaxes massives d\u00e9sormais impos\u00e9es sur leurs produits par Donald Trump, qui entend remodeler le commerce international au profit des Etats-Unis.\n<\/p>\n<p>\n Appliqu\u00e9es depuis 00H01 (04H01 GMT) ces surtaxes viennent remplacer, pour les principaux partenaires commerciaux des Etats-Unis, les droits de douane de 10% mis en place en avril, qui restent cependant en vigueur pour plus d&rsquo;une centaine de pays.\n<\/p>\n<p>\n Elles ont pour but, selon le pr\u00e9sident am\u00e9ricain, de r\u00e9\u00e9quilibrer les \u00e9changes entre les Etats-Unis et leurs partenaires, qui \u00ab\u00a0profitent\u00a0\u00bb d&rsquo;apr\u00e8s lui de la premi\u00e8re puissance \u00e9conomique mondiale.\n<\/p>\n<p>\n \u00ab\u00a0Il est minuit !!! Des milliards de dollars de droits de douane affluent maintenant vers les Etats-Unis d&rsquo;Am\u00e9rique\u00a0\u00bb, a-t-il claironn\u00e9 sur son r\u00e9seau Truth Social quelques minutes apr\u00e8s l&rsquo;\u00e9ch\u00e9ance.\n<\/p>\n<p>\n Ces surtaxes se situent dans une large fourchette, comprise entre 15% et 41%.\n<\/p>\n<p>\n Parmi les partenaires vis\u00e9s par les taux les plus \u00e9lev\u00e9s, la Suisse tentait toujours ces derniers jours de n\u00e9gocier avec Washington, dans l&rsquo;espoir de faire baisser la surtaxe de 39% d\u00e9sormais appliqu\u00e9e aux produits helv\u00e9tiques.\n<\/p>\n<p>\n En signe de bonne volont\u00e9, Berne a annonc\u00e9 jeudi ne pas envisager \u00ab\u00a0pour l&rsquo;instant\u00a0\u00bb de repr\u00e9sailles sur les produits am\u00e9ricains.\n<\/p>\n<p> &#8211; Autres surtaxes \u00e0 venir &#8211;<\/p>\n<p>\n Le gouvernement sud-africain a annonc\u00e9 de son c\u00f4t\u00e9 que le pr\u00e9sident Cyril Ramaphosa s&rsquo;\u00e9tait entretenu mercredi avec son homologue am\u00e9ricain, Pretoria assurant que \u00ab\u00a0les deux dirigeants se sont engag\u00e9s \u00e0 poursuivre leurs discussions\u00a0\u00bb.\n<\/p>\n<p>        <img decoding=\"async\" src=\"https:\/\/www.europesays.com\/fr\/wp-content\/uploads\/2025\/08\/129b42a2c0b4b35a73f2c099787bb195-760x507.jpg\" alt=\"Un investisseur \u00e0 Wall Street le 7 ao\u00fbt 2025 ( AFP \/ TIMOTHY A. CLARY )\" loading=\"eager\" width=\"760\" height=\"507\" style=\"max-width: 100%!important; height: auto;\"\/><\/p>\n<p class=\"c-image-news__legend\">Un investisseur \u00e0 Wall Street le 7 ao\u00fbt 2025 ( AFP \/ TIMOTHY A. CLARY )<\/p>\n<p>\n L&rsquo;Afrique du Sud est le pays d&rsquo;Afrique subsaharienne le plus durement vis\u00e9, avec des droits de douane additionnels de 30% d\u00e9sormais impos\u00e9s sur ses exportations.\n<\/p>\n<p>\n Avant l&rsquo;entr\u00e9e en vigueur de ces nouvelles taxes, le taux effectif moyen appliqu\u00e9 aux produits entrant aux Etats-Unis \u00e9tait d\u00e9j\u00e0 de 18,4%, soit le plus \u00e9lev\u00e9 depuis 1933, selon le centre de recherche Budget Lab de l&rsquo;Universit\u00e9 Yale.\n<\/p>\n<p>\n Ce taux devrait maintenant s&rsquo;\u00e9tablir \u00e0 pr\u00e8s de 20%, selon les analystes de Pantheon Macroeconomics.\n<\/p>\n<p>\n Et de nouvelles annonces sont attendues, puisque le locataire de la Maison Blanche souhaite \u00e9galement taxer les produits pharmaceutiques et les semiconducteurs import\u00e9s.\n<\/p>\n<p>\n Ces derniers, ainsi que les puces, devraient se voir appliquer une taxe de 100%, a-t-il pr\u00e9cis\u00e9 mercredi.\n<\/p>\n<p>\n Wall Street n&rsquo;a malgr\u00e9 tout pas sembl\u00e9 particuli\u00e8rement inqui\u00e8te devant cette nouvelle \u00e9tape, les indices \u00e0 la Bourse de New York ouvrant en hausse jeudi, suivant la tendance observ\u00e9e sur les march\u00e9s europ\u00e9ens.\n<\/p>\n<p> &#8211; Impact \u00e9conomique attendu &#8211;<\/p>\n<p>\n Les investisseurs estiment que l&rsquo;entr\u00e9e en vigueur de ces droits de douane apporte plus de certitudes et observent qu&rsquo;un certain nombre d&rsquo;exceptions ont \u00e9t\u00e9 ajout\u00e9es, selon les pays, r\u00e9duisant l&rsquo;amplitude des surtaxes.\n<\/p>\n<p>        <img decoding=\"async\" src=\"https:\/\/www.europesays.com\/fr\/wp-content\/uploads\/2025\/08\/8d841d76ce4ec1575938291455650d57-760x506.jpg\" alt=\"Un porte-containers sur le port de Baltimore (Etats-Unis) le 7 ao\u00fbt 2025 ( AFP \/ Jim WATSON )\" loading=\"eager\" width=\"760\" height=\"506\" style=\"max-width: 100%!important; height: auto;\"\/><\/p>\n<p class=\"c-image-news__legend\">Un porte-containers sur le port de Baltimore (Etats-Unis) le 7 ao\u00fbt 2025 ( AFP \/ Jim WATSON )<\/p>\n<p>\n Pour l&rsquo;heure, alors que le gouvernement am\u00e9ricain assurait que \u00ab\u00a0des dizaines d&rsquo;accords\u00a0\u00bb seraient sign\u00e9s ces derniers mois, tout juste sept ont \u00e9t\u00e9 annonc\u00e9s, notamment avec l&rsquo;UE, le Japon ou le Royaume-Uni.\n<\/p>\n<p>\n Il s&rsquo;agit le plus souvent de pr\u00e9-accords, devant encore \u00eatre formalis\u00e9s, accompagn\u00e9s de promesses d&rsquo;investissements massifs aux Etats-Unis.\n<\/p>\n<p>\n Signe que tout ne semble pas encore finalis\u00e9, Tokyo et Washington faisaient ces derni\u00e8res heures une lecture diff\u00e9rente sur la mani\u00e8re dont les 15% sont d\u00e9sormais appliqu\u00e9s sur les produits japonais. Le Japon y voit un plafond (si les droits de douane ant\u00e9rieurs \u00e9taient inf\u00e9rieurs \u00e0 15%), alors que les Etats-Unis soulignaient qu&rsquo;ils venaient s&rsquo;ajouter aux taxes pr\u00e9-existantes.\n<\/p>\n<p>\n La tr\u00eave dans la guerre commerciale avec la Chine reste \u00e9galement en vigueur, les deux premi\u00e8res \u00e9conomies mondiales s&rsquo;\u00e9tant accord\u00e9es le mois dernier sur le maintien d&rsquo;une pause tarifaire afin de poursuivre leurs n\u00e9gociations: les droits de douane suppl\u00e9mentaires am\u00e9ricains sur les produits chinois sont fix\u00e9s temporairement \u00e0 30%, tandis que les taxes chinoises sur les importations am\u00e9ricaines restent \u00e0 10%.\n<\/p>\n<p>\n Pr\u00e9vue pour arriver \u00e0 expiration le 12 ao\u00fbt, la tr\u00eave devrait \u00eatre prolong\u00e9e \u00ab\u00a0de 90 jours suppl\u00e9mentaires\u00a0\u00bb, a estim\u00e9 sur Fox Business le secr\u00e9taire au Commerce Howard Lutnick, \u00ab\u00a0c&rsquo;est mon sentiment\u00a0\u00bb.\n<\/p>\n<p>\n Le pr\u00e9sident Trump a vant\u00e9 les m\u00e9rites des accords d\u00e9j\u00e0 conclus, qui gonflent les recettes publiques d&rsquo;une \u00e9conomie largement endett\u00e9e.\n<\/p>\n<p>\n Selon Howard Lutnick, les surtaxes devraient rapporter aux Etats-Unis 50 milliards de dollars chaque mois. \u00ab\u00a0Ce sont des chiffres incroyables. Et personne ne riposte\u00a0\u00bb, a-t-il vant\u00e9.\n<\/p>\n<p>\n L&rsquo;impact de ces taxes sur les importations continue cependant d&rsquo;inqui\u00e9ter les \u00e9conomistes, qui les voient nourrir l&rsquo;inflation et ralentir la croissance aux Etats-Unis, avec des effets sur l&#8217;emploi.<\/p>\n","protected":false},"excerpt":{"rendered":"Le pr\u00e9sident am\u00e9ricain Donald Trump \u00e0 la Maison Blanche le 6 ao\u00fbt 2025 ( AFP \/ Brendan SMIALOWSKI&hellip;\n","protected":false},"author":2,"featured_media":304277,"comment_status":"","ping_status":"","sticky":false,"template":"","format":"standard","meta":{"footnotes":""},"categories":[6],"tags":[400,398,408,35,405,33,34,1011,27,403,402,399,404,401,406,407],"class_list":{"0":"post-304276","1":"post","2":"type-post","3":"status-publish","4":"format-standard","5":"has-post-thumbnail","7":"category-economie","8":"tag-action-cac-40","9":"tag-bourse-de-paris","10":"tag-boursorama","11":"tag-business","12":"tag-cotations","13":"tag-economie","14":"tag-economy","15":"tag-fr","16":"tag-france","17":"tag-indices-devises","18":"tag-investir","19":"tag-investissement","20":"tag-marche-boursier","21":"tag-sicav","22":"tag-trackers","23":"tag-warrants"},"share_on_mastodon":{"url":"https:\/\/pubeurope.com\/@fr\/114991265665093925","error":""},"_links":{"self":[{"href":"https:\/\/www.europesays.com\/fr\/wp-json\/wp\/v2\/posts\/304276","targetHints":{"allow":["GET"]}}],"collection":[{"href":"https:\/\/www.europesays.com\/fr\/wp-json\/wp\/v2\/posts"}],"about":[{"href":"https:\/\/www.europesays.com\/fr\/wp-json\/wp\/v2\/types\/post"}],"author":[{"embeddable":true,"href":"https:\/\/www.europesays.com\/fr\/wp-json\/wp\/v2\/users\/2"}],"replies":[{"embeddable":true,"href":"https:\/\/www.europesays.com\/fr\/wp-json\/wp\/v2\/comments?post=304276"}],"version-history":[{"count":0,"href":"https:\/\/www.europesays.com\/fr\/wp-json\/wp\/v2\/posts\/304276\/revisions"}],"wp:featuredmedia":[{"embeddable":true,"href":"https:\/\/www.europesays.com\/fr\/wp-json\/wp\/v2\/media\/304277"}],"wp:attachment":[{"href":"https:\/\/www.europesays.com\/fr\/wp-json\/wp\/v2\/media?parent=304276"}],"wp:term":[{"taxonomy":"category","embeddable":true,"href":"https:\/\/www.europesays.com\/fr\/wp-json\/wp\/v2\/categories?post=304276"},{"taxonomy":"post_tag","embeddable":true,"href":"https:\/\/www.europesays.com\/fr\/wp-json\/wp\/v2\/tags?post=304276"}],"curies":[{"name":"wp","href":"https:\/\/api.w.org\/{rel}","templated":true}]}}