{"id":304290,"date":"2025-08-08T04:37:10","date_gmt":"2025-08-08T04:37:10","guid":{"rendered":"https:\/\/www.europesays.com\/fr\/304290\/"},"modified":"2025-08-08T04:37:10","modified_gmt":"2025-08-08T04:37:10","slug":"a-six-fours-dominique-la-veuve-de-bernard-tapie-revient-sur-50-ans-de-vie-commune-avec-le-celebre-homme-daffaires","status":"publish","type":"post","link":"https:\/\/www.europesays.com\/fr\/304290\/","title":{"rendered":"A Six-Fours, Dominique, la veuve de Bernard Tapie, revient sur 50 ans de vie commune avec le c\u00e9l\u00e8bre homme d\u2019affaires"},"content":{"rendered":"<p>Ce mercredi soir \u00e0 la Maison du patrimoine, Dominique Tapie \u00e9tait l\u2019invit\u00e9e du Comit\u00e9 de liaison des associations bruscaines (CLAB) pour une rencontre litt\u00e9raire. Venue pr\u00e9senter son livre Bernard, la fureur de vivre, elle a attir\u00e9 une foule nombreuse. En marge de l\u2019\u00e9v\u00e9nement, elle s\u2019est confi\u00e9e sur ce livre \u00e9crit sans d\u00e9tour, pour revenir sur cinquante ans de vie aux c\u00f4t\u00e9s de Bernard Tapie.<\/p>\n<p>\u00a0\u00bb Il fallait lui tenir t\u00eate\u00a0\u00bb<\/p>\n<p>Ce n\u2019est pas un hommage. Ce n\u2019est pas non plus un r\u00e8glement de comptes. Dominique Tapie le pr\u00e9cise d\u00e8s les premi\u00e8res minutes: \u00ab\u00a0Je suis sans concession. Je connais bien ses d\u00e9fauts. On peut aborder tous les sujets. Je dis la v\u00e9rit\u00e9.\u00a0\u00bb Le r\u00e9cit revient sur cinquante ann\u00e9es de vie commune avec un homme qu\u2019elle d\u00e9crit comme dot\u00e9 d\u2019une intelligence \u00ab\u00a0sup\u00e9rieure\u00a0\u00bb, mais avec lequel il fallait sans cesse composer. Elle parle d\u2019une \u00ab\u00a0relation de n\u00e9gociation permanente\u00a0\u00bb, y compris dans des d\u00e9cisions aussi intimes que celle de garder l\u2019enfant qui s\u2019est invit\u00e9 dans son ventre. \u00ab\u00a0Il fallait lui tenir t\u00eate. C\u2019est ce qui fait que notre histoire a dur\u00e9.\u00a0\u00bb<\/p>\n<p>Ce refus de la soumission, elle l\u2019a maintenu m\u00eame lorsque Bernard Tapie l\u2019a engag\u00e9e dans ses affaires contre son gr\u00e9. Elle explique que sa secr\u00e9taire signait certains documents \u00e0 sa place. Elle se retrouve impliqu\u00e9e dans des engagements qui ne sont pas les siens. Jusqu\u2019\u00e0 devoir vendre l\u2019appartement de sa grand-m\u00e8re.<\/p>\n<p>\u00ab\u00a0Ils l\u2019ont fait passer pour un escroc\u00a0\u00bb<\/p>\n<p>\u00c0 la mort de Bernard, elle h\u00e9rite d\u2019une dette colossale. \u00ab\u00a0Je lui en veux profond\u00e9ment.\u00a0\u00bb Mais c\u2019est en \u00e9crivant que quelque chose se d\u00e9noue. Le travail d\u2019\u00e9criture est une th\u00e9rapie, un point d\u2019apaisement: \u00ab\u00a0Je me suis r\u00e9concili\u00e9e avec lui, parce que f\u00e2ch\u00e9s nous n\u2019avions jamais \u00e9t\u00e9 heureux.\u00a0\u00bb<\/p>\n<p>\u00c0 la question de son pire souvenir avec la presse, elle \u00e9voque imm\u00e9diatement l\u2019affaire du Cr\u00e9dit Lyonnais, \u00ab\u00a0la mani\u00e8re dont il a \u00e9t\u00e9 vilipend\u00e9 par les journalistes\u00a0\u00bb.<\/p>\n<p>Dominique Tapie parle d\u2019un homme issu d\u2019un milieu pauvre, qui voulait montrer qu\u2019il avait r\u00e9ussi, sans jamais faire de l\u2019argent une fin en soi. \u00ab\u00a0Il faisait \u201ctapis\u00a0\u00bb \u00e0 chaque fois qu\u2019il plongeait dans une nouvelle aventure. Ce qu\u2019il voulait, c\u2019\u00e9tait montrer qu\u2019on pouvait s\u2019\u00e9lever. Et ils l\u2019ont fait passer pour un escroc, alors que c\u2019est la banque qui l\u2019a escroqu\u00e9. \u00bb<\/p>\n<p>L\u2019exposition m\u00e9diatique ne s\u2019est pas arr\u00eat\u00e9e aux affaires. Dominique Tapie se souvient de l\u2019annonce d\u2019une pr\u00e9tendue idylle entre son mari et Oph\u00e9lie Winter. Elle ne dit rien et plante la couverture du magazine dans le bois de la porte de leur chambre, \u00e0 l\u2019aide d\u2019un couteau de cuisine! Un autre article, paru dans Paris Match, \u00e9num\u00e8re ses sacs \u00e0 main: il entra\u00eenera une nouvelle saisie.<\/p>\n<p>\u00ab\u00a0La politique, il en est sorti lamin\u00e9\u00a0\u00bb<\/p>\n<p>Sur la question politique, elle est cat\u00e9gorique. Pour elle, c\u2019est l\u00e0 que tout a bascul\u00e9. \u00ab\u00a0Comme par hasard\u2026 Il est rentr\u00e9 en politique, il \u00e9tait immens\u00e9ment riche. Il en est sorti lamin\u00e9. Il a fait l\u2019inverse des autres, dit-elle en riant. Mis en faillite alors que ses comptes allaient bien \u00e0 la base. Il y a eu une machination, et c\u2019est \u00e7a que je n\u2019arrive pas \u00e0 oublier.\u00a0\u00bb<\/p>\n<p>Dominique Tapie \u00e9voque aussi l\u2019incarc\u00e9ration dans l\u2019affaire du match OM-Valenciennes. Elle ne le d\u00e9fend pas: \u00ab\u00a0J\u2019ai dit tant pis pour lui. Il a voulu jouer avec le feu\u2026 Son \u00e9quipe, c\u2019\u00e9tait son b\u00e9b\u00e9. Mais il a pris trop de risques.\u00a0\u00bb Et elle ajoute: \u00ab\u00a0Je signale quand m\u00eame qu\u2019il ne s\u2019est pas enrichi avec cette histoire.\u00a0\u00bb<\/p>\n<p>Elle mentionne aussi un chapitre de leur vie plus m\u00e9connu: la menace terroriste avec la bande \u00e0 Baader. Sur une liste retrouv\u00e9e figure le nom de Bernard Tapie. Les services sp\u00e9ciaux lui proposent une protection. Il refuse mais demande un garde du corps pour leur fils, alors au lyc\u00e9e. Elle, dit-elle, ne l\u2019a pas pris au s\u00e9rieux. \u00ab\u00a0Vous savez, il y a eu tellement de choses dans ma vie\u2026 (rires).\u00a0\u00bb<\/p>\n","protected":false},"excerpt":{"rendered":"Ce mercredi soir \u00e0 la Maison du patrimoine, Dominique Tapie \u00e9tait l\u2019invit\u00e9e du Comit\u00e9 de liaison des associations&hellip;\n","protected":false},"author":2,"featured_media":304291,"comment_status":"","ping_status":"","sticky":false,"template":"","format":"standard","meta":{"footnotes":""},"categories":[9619],"tags":[1111,11,1777,674,1011,27,12,882,25,2310,3366],"class_list":{"0":"post-304290","1":"post","2":"type-post","3":"status-publish","4":"format-standard","5":"has-post-thumbnail","7":"category-toulon","8":"tag-actu","9":"tag-actualites","10":"tag-eu","11":"tag-europe","12":"tag-fr","13":"tag-france","14":"tag-news","15":"tag-provence-alpes-cote-dazur","16":"tag-republique-francaise","17":"tag-toulon","18":"tag-vie-locale"},"share_on_mastodon":{"url":"https:\/\/pubeurope.com\/@fr\/114991296891235204","error":""},"_links":{"self":[{"href":"https:\/\/www.europesays.com\/fr\/wp-json\/wp\/v2\/posts\/304290","targetHints":{"allow":["GET"]}}],"collection":[{"href":"https:\/\/www.europesays.com\/fr\/wp-json\/wp\/v2\/posts"}],"about":[{"href":"https:\/\/www.europesays.com\/fr\/wp-json\/wp\/v2\/types\/post"}],"author":[{"embeddable":true,"href":"https:\/\/www.europesays.com\/fr\/wp-json\/wp\/v2\/users\/2"}],"replies":[{"embeddable":true,"href":"https:\/\/www.europesays.com\/fr\/wp-json\/wp\/v2\/comments?post=304290"}],"version-history":[{"count":0,"href":"https:\/\/www.europesays.com\/fr\/wp-json\/wp\/v2\/posts\/304290\/revisions"}],"wp:featuredmedia":[{"embeddable":true,"href":"https:\/\/www.europesays.com\/fr\/wp-json\/wp\/v2\/media\/304291"}],"wp:attachment":[{"href":"https:\/\/www.europesays.com\/fr\/wp-json\/wp\/v2\/media?parent=304290"}],"wp:term":[{"taxonomy":"category","embeddable":true,"href":"https:\/\/www.europesays.com\/fr\/wp-json\/wp\/v2\/categories?post=304290"},{"taxonomy":"post_tag","embeddable":true,"href":"https:\/\/www.europesays.com\/fr\/wp-json\/wp\/v2\/tags?post=304290"}],"curies":[{"name":"wp","href":"https:\/\/api.w.org\/{rel}","templated":true}]}}