{"id":304294,"date":"2025-08-08T04:42:18","date_gmt":"2025-08-08T04:42:18","guid":{"rendered":"https:\/\/www.europesays.com\/fr\/304294\/"},"modified":"2025-08-08T04:42:18","modified_gmt":"2025-08-08T04:42:18","slug":"le-national-debute-ce-vendredi-ligue-de-football-de-normandie","status":"publish","type":"post","link":"https:\/\/www.europesays.com\/fr\/304294\/","title":{"rendered":"Le National d\u00e9bute ce vendredi \u2013 LIGUE DE FOOTBALL DE NORMANDIE"},"content":{"rendered":"<p>                    <img width=\"611\" height=\"378\" src=\"https:\/\/www.europesays.com\/fr\/wp-content\/uploads\/2025\/08\/IMG_9319-611x378.jpg\" class=\"vignette-large wp-post-image\" alt=\"\" decoding=\"async\" fetchpriority=\"high\"  \/>                    <\/p>\n<p>\n                        Le National d\u00e9bute ce vendredi\n                    <\/p>\n<p>Le coup d\u2019envoi de la saison 2025\/2026 du championnat National sera siffl\u00e9 ce vendredi 8 ao\u00fbt \u00e0 19h30.<\/p>\n<p>Un championnat toujours tr\u00e8s relev\u00e9 o\u00f9 nous retrouverons trois de nos clubs : Quevilly Rouen M\u00e9tropole, le SM Caen et le FC Rouen 1899.<\/p>\n<p>Pour cette premi\u00e8re journ\u00e9e d\u2019ouverture, le SM Caen recevra Aubagne, le FC Rouen accueillera le FC Fleury 91, enfin Quevilly Rouen M\u00e9tropole se d\u00e9placera au Paris 13 Atletico.<\/p>\n<p>A noter le report pour cette premi\u00e8re journ\u00e9e de la rencontre entre le Football Bourg en Bresse P\u00e9ronnas et Ajaccio AC<\/p>\n<p style=\"text-align: center;\"><strong><a href=\"https:\/\/normandie.fff.fr\/wp-content\/uploads\/sites\/17\/2025\/08\/Calendrier-2025-2026.pdf\" rel=\"nofollow noopener\" target=\"_blank\">Le calendrier 2025-2026<\/a><\/strong><\/p>\n<blockquote>\n<p><strong>L\u2019ensemble des rencontres du championnat National est \u00e0 suivre <a href=\"https:\/\/www.youtube.com\/Championnat_National_Officiel\" target=\"_blank\" rel=\"noopener nofollow\">sur la cha\u00eene Youtube du championnat.<\/a><\/strong><\/p>\n<\/blockquote>\n<p><a href=\"https:\/\/www.europesays.com\/fr\/wp-content\/uploads\/2025\/08\/GwEESE3W4AAjNB4.jpeg\"><img loading=\"lazy\" decoding=\"async\" class=\"aligncenter size-full wp-image-44352\" src=\"https:\/\/www.europesays.com\/fr\/wp-content\/uploads\/2025\/08\/GwEESE3W4AAjNB4.jpeg\" alt=\"\" width=\"1080\" height=\"1350\"  \/><\/a><\/p>\n<p><strong>Une saison de derbies<\/strong><\/p>\n<p>Avec trois clubs normands la saison offrira de nombreux derbies, les dates \u00e0 ne pas manquer :<\/p>\n<ul>\n<li class=\"light\">15 ao\u00fbt (J2) : QRM-SMC<\/li>\n<li class=\"light\">21 octobre (J11) : SMC-FCR<\/li>\n<li class=\"light\">12 d\u00e9cembre (J16) : FCR-QRM<\/li>\n<li class=\"light\">23 janvier (J18) : SMC-QRM<\/li>\n<li class=\"light\">27 mars (J27) : FCR-SMC<\/li>\n<li class=\"light\">1er mai (J32) : QRM-FCR<\/li>\n<\/ul>\n<p>\u00a0<\/p>\n<p>\u00a0<\/p>\n<p>Par<br \/>\n                     Anthony<br \/>\n                     Cordoba\n                <\/p>\n","protected":false},"excerpt":{"rendered":"Le National d\u00e9bute ce vendredi Le coup d\u2019envoi de la saison 2025\/2026 du championnat National sera siffl\u00e9 ce&hellip;\n","protected":false},"author":2,"featured_media":304295,"comment_status":"","ping_status":"","sticky":false,"template":"","format":"standard","meta":{"footnotes":""},"categories":[9587],"tags":[1111,11,1777,674,1011,27,12,5161,25,9590],"class_list":{"0":"post-304294","1":"post","2":"type-post","3":"status-publish","4":"format-standard","5":"has-post-thumbnail","7":"category-rouen","8":"tag-actu","9":"tag-actualites","10":"tag-eu","11":"tag-europe","12":"tag-fr","13":"tag-france","14":"tag-news","15":"tag-normandie","16":"tag-republique-francaise","17":"tag-rouen"},"share_on_mastodon":{"url":"https:\/\/pubeurope.com\/@fr\/114991316546556933","error":""},"_links":{"self":[{"href":"https:\/\/www.europesays.com\/fr\/wp-json\/wp\/v2\/posts\/304294","targetHints":{"allow":["GET"]}}],"collection":[{"href":"https:\/\/www.europesays.com\/fr\/wp-json\/wp\/v2\/posts"}],"about":[{"href":"https:\/\/www.europesays.com\/fr\/wp-json\/wp\/v2\/types\/post"}],"author":[{"embeddable":true,"href":"https:\/\/www.europesays.com\/fr\/wp-json\/wp\/v2\/users\/2"}],"replies":[{"embeddable":true,"href":"https:\/\/www.europesays.com\/fr\/wp-json\/wp\/v2\/comments?post=304294"}],"version-history":[{"count":0,"href":"https:\/\/www.europesays.com\/fr\/wp-json\/wp\/v2\/posts\/304294\/revisions"}],"wp:featuredmedia":[{"embeddable":true,"href":"https:\/\/www.europesays.com\/fr\/wp-json\/wp\/v2\/media\/304295"}],"wp:attachment":[{"href":"https:\/\/www.europesays.com\/fr\/wp-json\/wp\/v2\/media?parent=304294"}],"wp:term":[{"taxonomy":"category","embeddable":true,"href":"https:\/\/www.europesays.com\/fr\/wp-json\/wp\/v2\/categories?post=304294"},{"taxonomy":"post_tag","embeddable":true,"href":"https:\/\/www.europesays.com\/fr\/wp-json\/wp\/v2\/tags?post=304294"}],"curies":[{"name":"wp","href":"https:\/\/api.w.org\/{rel}","templated":true}]}}