{"id":304296,"date":"2025-08-08T04:45:55","date_gmt":"2025-08-08T04:45:55","guid":{"rendered":"https:\/\/www.europesays.com\/fr\/304296\/"},"modified":"2025-08-08T04:45:55","modified_gmt":"2025-08-08T04:45:55","slug":"5-idees-sorties-pour-ce-week-end-a-grenoble-du-8-au-10-aout","status":"publish","type":"post","link":"https:\/\/www.europesays.com\/fr\/304296\/","title":{"rendered":"5 id\u00e9es sorties pour ce week-end \u00e0 Grenoble du 8 au 10 ao\u00fbt"},"content":{"rendered":"<p class=\"intro\">Entre sensations fortes, m\u00e9lodies envo\u00fbtantes et spectacles hilarants, ce week-end du 8 au 10 ao\u00fbt promet d&rsquo;\u00eatre riche en \u00e9motions\u00a0! De Walibi aux concerts intimistes en passant par le cirque traditionnel, la r\u00e9gion grenobloise d\u00e9ploie ses plus beaux atouts pour vous divertir. Que vous soyez amateur de culture, passionn\u00e9 d&rsquo;adr\u00e9naline ou simplement en qu\u00eate d&rsquo;une sortie familiale r\u00e9ussie, ces cinq propositions sauront combler toutes vos envies d&rsquo;\u00e9vasion.<\/p>\n<p class=\"mise_en_avant\"><strong>Pr\u00e9visions m\u00e9t\u00e9o ce week-end\u00a0:<\/strong> Pr\u00e9parez-vous \u00e0 un cocktail estival avec 35\u00b0C et peu de nuages vendredi, 36\u00b0C avec une l\u00e9g\u00e8re pluie samedi (parfait pour les activit\u00e9s couvertes\u00a0!), et un dimanche royal \u00e0 34\u00b0C sous un ciel d\u00e9gag\u00e9.<\/p>\n<p>1\/ Walibi Rh\u00f4ne-Alpes &#8211; L&rsquo;aventure vous attend \u00e0 deux pas de Grenoble\u00a0!<\/p>\n<p>Envie de sensations fortes et de moments partag\u00e9s en famille\u00a0? Direction <a href=\"https:\/\/www.jds.fr\/manifestations\/walibi-rhone-alpes-billet-liberte-989553_A\" rel=\"nofollow noopener\" target=\"_blank\">Walibi Rh\u00f4ne-Alpes aux Aveni\u00e8res Veyrins-Thuellin<\/a> pour une journ\u00e9e d&rsquo;aventures inoubliable\u00a0! \ud83c\udfa2 Avec ses 34 attractions r\u00e9parties dans trois univers th\u00e9matiques captivants &#8211; Explorer Adventure, Festival City et Exotic Island &#8211; le parc promet des d\u00e9fis et d\u00e9couvertes pour tous les go\u00fbts. Une s\u00e9lection \u00e9vidente pour ceux qui veulent allier adr\u00e9naline et convivialit\u00e9 \u00e0 moins d&rsquo;une heure de Grenoble.<\/p>\n<p>\ud83d\udca1 <strong>Notre conseil\u00a0:<\/strong> Privil\u00e9giez une arriv\u00e9e matinale pour profiter pleinement des attractions avant l&rsquo;affluence de l&rsquo;apr\u00e8s-midi, et n&rsquo;oubliez pas votre cr\u00e8me solaire avec ces temp\u00e9ratures estivales\u00a0!<\/p>\n<p>\ud83d\udccd Walibi Rh\u00f4ne-Alpes | Les Aveni\u00e8res Veyrins-Thuellin<br \/>\ud83d\udcc5 Jusqu&rsquo;au 04\/01\/2026<\/p>\n<p class=\"mise_en_avant\">\ud83d\udc49 <a href=\"https:\/\/www.jds.fr\/manifestations\/walibi-rhone-alpes-billet-liberte-989553_A\" rel=\"nofollow noopener\" target=\"_blank\">Walibi Rh\u00f4ne-Alpes &#8211; Billet Libert\u00e9\u00a0: toutes les informations<\/a><\/p>\n<p><a class=\"btn btn-lg shadow-lg btn-primary rounded-pill fnac_link\" data-fnac=\"in_article\" href=\"https:\/\/www.awin1.com\/pclick.php?p=39339198074&amp;a=634278&amp;m=12494&amp;clickref=in_article-A-desktop\" target=\"_blank\" rel=\"nofollow noopener\"> Acheter des billets<\/a><\/p>\n<p>2\/ 61\u00e8me Festival International de Musique de Chambre &#8211; L&rsquo;\u00e9l\u00e9gance musicale \u00e0 Chirens<\/p>\n<p>Les m\u00e9lomanes, r\u00e9jouissez-vous\u00a0! Le <a href=\"https:\/\/www.jds.fr\/grenoble\/concerts\/musique-classique\/61-eme-festival-international-de-musique-de-chambre-1002283_A\" rel=\"nofollow noopener\" target=\"_blank\">61\u00e8me Festival International de Musique de Chambre \u00e0 Chirens<\/a> vous invite vendredi 8 ao\u00fbt \u00e0 d\u00e9couvrir le Quatuor Zemlinsky dans l&rsquo;\u00e9crin exceptionnel du Prieur\u00e9. \ud83c\udfbc Ce monument historique au pied de la Chartreuse offre une acoustique naturelle remarquable qui magnifie chaque note. Un rendez-vous incontournable pour les amateurs de musique classique et de patrimoine.<\/p>\n<p>\ud83d\udca1 <strong>Notre conseil\u00a0:<\/strong> Arrivez un peu en avance pour fl\u00e2ner dans ce site class\u00e9 et vous impr\u00e9gner de l&rsquo;atmosph\u00e8re unique des lieux avant que la magie op\u00e8re.<\/p>\n<p>\ud83d\udccd Prieur\u00e9 de Chirens | Chirens<br \/>\ud83d\udcc5 Du 08\/08\/2025 au 20\/09\/2025<\/p>\n<p class=\"mise_en_avant\">\ud83d\udc49 <a href=\"https:\/\/www.jds.fr\/grenoble\/concerts\/musique-classique\/61-eme-festival-international-de-musique-de-chambre-1002283_A\" rel=\"nofollow noopener\" target=\"_blank\">61 Eme Festival International de Musique de Chambre\u00a0: toutes les informations<\/a><\/p>\n<p><a class=\"btn btn-lg shadow-lg btn-primary rounded-pill fnac_link\" data-fnac=\"in_article\" href=\"https:\/\/www.awin1.com\/pclick.php?p=41430529625&amp;a=634278&amp;m=12494&amp;clickref=in_article-A-desktop\" target=\"_blank\" rel=\"nofollow noopener\"> Acheter des billets<\/a><\/p>\n<p>3\/ Un Couple (presque) Parfait &#8211; L&rsquo;amour version com\u00e9die \u00e0 Grenoble<\/p>\n<p>Pour une soir\u00e9e de rire garantie, rendez-vous \u00e0 la <a href=\"https:\/\/www.jds.fr\/grenoble\/spectacles\/humour\/un-couple-presque-parfait-696958_A\" rel=\"nofollow noopener\" target=\"_blank\">Com\u00e9die de Grenoble pour\u00a0\u00ab\u00a0Un Couple (presque) Parfait\u00a0\u00bb<\/a>\u00a0! \ud83d\ude02 Ce spectacle hilarant d\u00e9cortique avec finesse les relations amoureuses et leurs petites (grandes\u00a0?) contradictions. Avec plus de 40 000 spectateurs conquis, cette com\u00e9die touchante s&rsquo;adresse \u00e0 tous, c\u00e9libataires ou en couple\u00a0! Une valeur s\u00fbre pour passer un excellent moment.<\/p>\n<p>\ud83d\udca1 <strong>Notre conseil\u00a0:<\/strong> Venez accompagn\u00e9(e) pour partager les fous rires et peut-\u00eatre reconna\u00eetre quelques situations&#8230; un peu trop famili\u00e8res\u00a0!<\/p>\n<p>\ud83d\udccd Com\u00e9die de Grenoble | Grenoble<br \/>\ud83d\udcc5 Du 07\/08\/2025 au 09\/08\/2025<\/p>\n<p class=\"mise_en_avant\">\ud83d\udc49 <a href=\"https:\/\/www.jds.fr\/grenoble\/spectacles\/humour\/un-couple-presque-parfait-696958_A\" rel=\"nofollow noopener\" target=\"_blank\">Un Couple (presque) Parfait\u00a0: toutes les informations<\/a><\/p>\n<p><a class=\"btn btn-lg shadow-lg btn-primary rounded-pill fnac_link\" data-fnac=\"in_article\" href=\"https:\/\/www.awin1.com\/pclick.php?p=41094718806&amp;a=634278&amp;m=12494&amp;clickref=in_article-A-desktop\" target=\"_blank\" rel=\"nofollow noopener\"> Acheter des billets<\/a><\/p>\n<p>4\/ Cirque Adriana Zavatta &#8211; La magie du chapiteau \u00e0 Villard-de-Lans<\/p>\n<p>Place \u00e0 la f\u00e9erie circassienne avec le <a href=\"https:\/\/www.jds.fr\/grenoble\/spectacles\/cirque\/cirque-adriana-zavatta-1112192_A\" rel=\"nofollow noopener\" target=\"_blank\">Cirque Adriana Zavatta \u00e0 Villard-de-Lans<\/a>\u00a0! \ud83c\udfaa Sous son imposant chapiteau climatis\u00e9, d\u00e9couvrez 1h45 d&rsquo;\u00e9motions pures avec le nouveau programme 2025. Ce cirque traditionnel offre un spectacle familial authentique o\u00f9 se m\u00ealent prouesses artistiques et moments magiques. L&rsquo;art circassien dans toute sa splendeur, \u00e0 savourer en famille sur le plateau du Vercors\u00a0!<\/p>\n<p>\ud83d\udca1 <strong>Notre conseil\u00a0:<\/strong> Optez pour les repr\u00e9sentations du samedi \u00e0 16h pour profiter ensuite de la fra\u00eecheur de Villard-de-Lans en fin de journ\u00e9e, parfait apr\u00e8s ces temp\u00e9ratures caniculaires.<\/p>\n<p>\ud83d\udccd Stade de Foot Les Geymonds | Villard-de-Lans<br \/>\ud83d\udcc5 Jusqu&rsquo;au 30\/08\/2025<\/p>\n<p class=\"mise_en_avant\">\ud83d\udc49 <a href=\"https:\/\/www.jds.fr\/grenoble\/spectacles\/cirque\/cirque-adriana-zavatta-1112192_A\" rel=\"nofollow noopener\" target=\"_blank\">Cirque Adriana Zavatta\u00a0: toutes les informations<\/a><\/p>\n<p><a data-lightbox=\"article\" data-title=\" \u00a9 Cirque Adriana Zavatta\" class=\"image detail fullwidth\" href=\"https:\/\/www.jds.fr\/medias\/image\/0.88389500-1753947954-686243-1200-0-F.webp\" title=\" \u00a9 Cirque Adriana Zavatta\" rel=\"nofollow noopener\" target=\"_blank\"><br \/>\n<img decoding=\"async\" loading=\"lazy\" src=\"https:\/\/www.europesays.com\/fr\/wp-content\/uploads\/2025\/08\/0.88389500-1753947954-686243-1200-0.webp.webp\"   alt=\"Cirque Adriana Zavatta\" class=\"shortcode_image border\"\/><br \/>\n\u00a9 Cirque Adriana Zavatta<br \/>\n<\/a>\n<\/p>\n<p>5\/ Les p&rsquo;tits march\u00e9s de l&rsquo;\u00e9t\u00e9 au Chardon Bleu &#8211; Shopping local \u00e0 La Morte<\/p>\n<p>Pour une escapade authentique et rafra\u00eechissante, d\u00e9couvrez <a href=\"https:\/\/www.jds.fr\/foires-et-salons\/marches\/les-p-tits-marches-de-l-ete-au-chardon-bleu-1053868_A\" rel=\"nofollow noopener\" target=\"_blank\">les p&rsquo;tits march\u00e9s de l&rsquo;\u00e9t\u00e9 \u00e0 La Morte<\/a>\u00a0! \ud83d\udecd\ufe0f Au parking du Chardon Bleu, d\u00e9nicher des souvenirs locaux et produits artisanaux devient un plaisir simple et convivial. Une bouff\u00e9e d&rsquo;air frais id\u00e9ale pour s&rsquo;\u00e9vader de la chaleur urbaine et repartir avec de jolies d\u00e9couvertes locales.<\/p>\n<p>\ud83d\udca1 <strong>Notre conseil\u00a0:<\/strong> Profitez de l&rsquo;altitude de La Morte pour \u00e9chapper aux fortes chaleurs du week-end, et combinez votre visite avec une petite randonn\u00e9e dans les environs.<\/p>\n<p>\ud83d\udccd Parking du Chardon Bleu<br \/>\nRoute de la mure | La Morte<br \/>\ud83d\udcc5 Du 08\/08\/2025 au 22\/08\/2025<\/p>\n<p class=\"mise_en_avant\">\ud83d\udc49 <a href=\"https:\/\/www.jds.fr\/foires-et-salons\/marches\/les-p-tits-marches-de-l-ete-au-chardon-bleu-1053868_A\" rel=\"nofollow noopener\" target=\"_blank\">Les p&rsquo;tits march\u00e9s de l&rsquo;\u00e9t\u00e9 au chardon bleu\u00a0: toutes les informations<\/a><\/p>\n<p class=\"font-size-30 fw-bold lh-1 mt-0 mb-4\">Je trouve les meilleures sorties dans ma ville<\/p>\n","protected":false},"excerpt":{"rendered":"Entre sensations fortes, m\u00e9lodies envo\u00fbtantes et spectacles hilarants, ce week-end du 8 au 10 ao\u00fbt promet d&rsquo;\u00eatre riche&hellip;\n","protected":false},"author":2,"featured_media":304297,"comment_status":"","ping_status":"","sticky":false,"template":"","format":"standard","meta":{"footnotes":""},"categories":[9566],"tags":[1111,11,2430,1777,674,1011,27,2731,12,25],"class_list":{"0":"post-304296","1":"post","2":"type-post","3":"status-publish","4":"format-standard","5":"has-post-thumbnail","7":"category-grenoble","8":"tag-actu","9":"tag-actualites","10":"tag-auvergne-rhone-alpes","11":"tag-eu","12":"tag-europe","13":"tag-fr","14":"tag-france","15":"tag-grenoble","16":"tag-news","17":"tag-republique-francaise"},"share_on_mastodon":{"url":"https:\/\/pubeurope.com\/@fr\/114991332348886227","error":""},"_links":{"self":[{"href":"https:\/\/www.europesays.com\/fr\/wp-json\/wp\/v2\/posts\/304296","targetHints":{"allow":["GET"]}}],"collection":[{"href":"https:\/\/www.europesays.com\/fr\/wp-json\/wp\/v2\/posts"}],"about":[{"href":"https:\/\/www.europesays.com\/fr\/wp-json\/wp\/v2\/types\/post"}],"author":[{"embeddable":true,"href":"https:\/\/www.europesays.com\/fr\/wp-json\/wp\/v2\/users\/2"}],"replies":[{"embeddable":true,"href":"https:\/\/www.europesays.com\/fr\/wp-json\/wp\/v2\/comments?post=304296"}],"version-history":[{"count":0,"href":"https:\/\/www.europesays.com\/fr\/wp-json\/wp\/v2\/posts\/304296\/revisions"}],"wp:featuredmedia":[{"embeddable":true,"href":"https:\/\/www.europesays.com\/fr\/wp-json\/wp\/v2\/media\/304297"}],"wp:attachment":[{"href":"https:\/\/www.europesays.com\/fr\/wp-json\/wp\/v2\/media?parent=304296"}],"wp:term":[{"taxonomy":"category","embeddable":true,"href":"https:\/\/www.europesays.com\/fr\/wp-json\/wp\/v2\/categories?post=304296"},{"taxonomy":"post_tag","embeddable":true,"href":"https:\/\/www.europesays.com\/fr\/wp-json\/wp\/v2\/tags?post=304296"}],"curies":[{"name":"wp","href":"https:\/\/api.w.org\/{rel}","templated":true}]}}