{"id":304298,"date":"2025-08-08T04:46:09","date_gmt":"2025-08-08T04:46:09","guid":{"rendered":"https:\/\/www.europesays.com\/fr\/304298\/"},"modified":"2025-08-08T04:46:09","modified_gmt":"2025-08-08T04:46:09","slug":"cette-asso-propose-une-visite-originale-de-la-ville","status":"publish","type":"post","link":"https:\/\/www.europesays.com\/fr\/304298\/","title":{"rendered":"cette asso propose une visite originale de la ville"},"content":{"rendered":"<p>            Par<br \/>\n        <strong><br \/>\n            <a href=\"https:\/\/actu.fr\/auteur\/lou-batteux\" title=\"Consulter tous les articles de Lou Batteux\" target=\"_blank\" rel=\"noopener\">Lou Batteux<\/a><br \/>\n        <\/strong><\/p>\n<p>        Publi\u00e9 le<\/p>\n<p>            8 ao\u00fbt 2025 \u00e0 6h32        <\/p>\n<p>D\u00e9ambuler dans les rues de Rennes en dansant\u2009? Et pourquoi pas\u2009! Participez \u00e0<strong> Happy Manif<\/strong> (Chacun fait-fait-fait c\u2019qui lui pla\u00eet-pla\u00eet-pla\u00eet) le samedi 6\u00a0septembre.<\/p>\n<p class=\" wall-content\">De <strong>15h30 \u00e0 18h30<\/strong>, le <strong>chor\u00e9graphe David Rolland<\/strong> vous guidera dans les rues du Blosne et les couloirs du <strong>Triangle<\/strong> pour f\u00eater les <strong>40\u00a0ans<\/strong> de ce dernier.<\/p>\n<p>Un \u00e9v\u00e8nement \u00ab\u2009propice \u00e0 la bonne humeur g\u00e9n\u00e9rale\u2009\u00bb<\/p>\n<p class=\" wall-content\">\u00c9quip\u00e9s de <strong>casques audio<\/strong>, les Rennais pourront participer \u00e0 une <strong>visite dans\u00e9e<\/strong> qui leur fera \u00ab\u2009traverser 40\u00a0ans de liens forts\u2009\u00bb entre le Triangle et son quartier gr\u00e2ce \u00e0 des archives et des t\u00e9moignages, explique l\u2019association.<\/p>\n<p class=\" wall-content\">Lors de ce parcours dansant, les deux danseurs <strong>Bruce Chiefare<\/strong>, artiste associ\u00e9 du Triangle, et <strong>Hugo<\/strong> vous r\u00e9servent une surprise. L\u2019excursion sera \u00ab\u2009propice \u00e0 la bonne humeur g\u00e9n\u00e9rale\u2009\u00bb, garantit Le Triangle.<\/p>\n<p>Comment participer<\/p>\n<p class=\" wall-content\">Accessible \u00e0 toute la famille<strong> \u00e0 partir de 8\u00a0ans<\/strong>, l\u2019Happy Manif d\u00e9marrera <strong>devant le Conservatoire<\/strong>, place Jean-Normand, et se poursuivra dans les rues du Blosne et les couloirs du Triangle.<\/p>\n<p class=\" wall-content\">L\u2019activit\u00e9 est <strong>gratuite, mais<\/strong>\u00a0il est conseill\u00e9 de <strong>s\u2019inscrire<\/strong> au pr\u00e9alable.\u00a0Une <strong>pi\u00e8ce d\u2019identit\u00e9<\/strong> vous sera demand\u00e9e lors de l\u2019emprunt des casques.<\/p>\n<p>Les inscriptions \u00e0 l\u2019Happy Manif pourront se faire directement aupr\u00e8s du Triangle, au retour des vacances de ses membres, le 28\u00a0ao\u00fbt.<\/p>\n<p class=\" wall-content\">Suivez toute l\u2019actualit\u00e9 de vos villes et m\u00e9dias favoris en vous inscrivant \u00e0 <a href=\"https:\/\/moncompte.actu.fr\" title=\"D\u00e9couvez Mon Actu\" rel=\"nofollow noopener\" data-trk=\"{&quot;cta&quot;:{&quot;action&quot;:&quot;https:\\\/\\\/moncompte.actu.fr&quot;,&quot;category&quot;:&quot;mon compte&quot;,&quot;from&quot;:&quot;article footer&quot;,&quot;name&quot;:&quot;Mon actu&quot;,&quot;type&quot;:&quot;cta&quot;}}\" target=\"_blank\">Mon Actu<\/a>.<\/p>\n","protected":false},"excerpt":{"rendered":"Par Lou Batteux Publi\u00e9 le 8 ao\u00fbt 2025 \u00e0 6h32 D\u00e9ambuler dans les rues de Rennes en dansant\u2009?&hellip;\n","protected":false},"author":2,"featured_media":304299,"comment_status":"","ping_status":"","sticky":false,"template":"","format":"standard","meta":{"footnotes":""},"categories":[2821],"tags":[1111,11,829,5972,1777,674,1011,27,7905,1652,1272,12,584,25],"class_list":{"0":"post-304298","1":"post","2":"type-post","3":"status-publish","4":"format-standard","5":"has-post-thumbnail","7":"category-rennes","8":"tag-actu","9":"tag-actualites","10":"tag-bretagne","11":"tag-danse","12":"tag-eu","13":"tag-europe","14":"tag-fr","15":"tag-france","16":"tag-le-blosne","17":"tag-loisirs-culture","18":"tag-manifestations","19":"tag-news","20":"tag-rennes","21":"tag-republique-francaise"},"share_on_mastodon":{"url":"https:\/\/pubeurope.com\/@fr\/114991332413016596","error":""},"_links":{"self":[{"href":"https:\/\/www.europesays.com\/fr\/wp-json\/wp\/v2\/posts\/304298","targetHints":{"allow":["GET"]}}],"collection":[{"href":"https:\/\/www.europesays.com\/fr\/wp-json\/wp\/v2\/posts"}],"about":[{"href":"https:\/\/www.europesays.com\/fr\/wp-json\/wp\/v2\/types\/post"}],"author":[{"embeddable":true,"href":"https:\/\/www.europesays.com\/fr\/wp-json\/wp\/v2\/users\/2"}],"replies":[{"embeddable":true,"href":"https:\/\/www.europesays.com\/fr\/wp-json\/wp\/v2\/comments?post=304298"}],"version-history":[{"count":0,"href":"https:\/\/www.europesays.com\/fr\/wp-json\/wp\/v2\/posts\/304298\/revisions"}],"wp:featuredmedia":[{"embeddable":true,"href":"https:\/\/www.europesays.com\/fr\/wp-json\/wp\/v2\/media\/304299"}],"wp:attachment":[{"href":"https:\/\/www.europesays.com\/fr\/wp-json\/wp\/v2\/media?parent=304298"}],"wp:term":[{"taxonomy":"category","embeddable":true,"href":"https:\/\/www.europesays.com\/fr\/wp-json\/wp\/v2\/categories?post=304298"},{"taxonomy":"post_tag","embeddable":true,"href":"https:\/\/www.europesays.com\/fr\/wp-json\/wp\/v2\/tags?post=304298"}],"curies":[{"name":"wp","href":"https:\/\/api.w.org\/{rel}","templated":true}]}}