{"id":304300,"date":"2025-08-08T04:47:12","date_gmt":"2025-08-08T04:47:12","guid":{"rendered":"https:\/\/www.europesays.com\/fr\/304300\/"},"modified":"2025-08-08T04:47:12","modified_gmt":"2025-08-08T04:47:12","slug":"on-ne-devait-pas-venir-mais-on-a-entendu-dire-que-cetait-sympa-rennes-galere-t-elle-toujours-a-attirer-les-touristes","status":"publish","type":"post","link":"https:\/\/www.europesays.com\/fr\/304300\/","title":{"rendered":"\u00ab\u00a0On ne devait pas venir mais on a entendu dire que c\u2019\u00e9tait sympa\u00a0\u00bb\u00a0: Rennes gal\u00e8re-t-elle toujours \u00e0 attirer les touristes\u00a0?"},"content":{"rendered":"<p>Ils sont venus de loin pour venir observer la capitale bretonne. Damien, C\u00e9cile et leur fille Juliette s\u2019arr\u00eatent pour prendre quelques clich\u00e9s de l\u2019\u00e9glise Saint-Germain. \u00ab On vient de Bordeaux, on a fait cinq heures de route pour venir ici ! \u00bb, affirme Damien. Comme des millions de touristes tous les ans, la famille bordelaise a d\u00e9cid\u00e9 de venir passer ses vacances \u00e0 Rennes. \u00ab On est arriv\u00e9 hier et on reste toute la semaine. <br \/>On avait envie de visiter Rennes car \u00e7a fait partie de notre p\u00e9riple. On va aussi faire le Mont Saint-Michel, Saint-Malo, Cancale et Broc\u00e9liande \u00bb, raconte Damien. \u00ab On a trouv\u00e9 un logement \u00e0 Saint-Gr\u00e9goire et l\u00e0, on part faire tous les monuments de la ville \u00bb, sourit C\u00e9cile.<\/p>\n<p>Et parmi le grand nombre de touristes fran\u00e7ais, d\u2019autres ont m\u00eame travers\u00e9 les fronti\u00e8res pour venir go\u00fbter \u00e0 la vie rennaise. C\u2019est le cas de Coraline, Simon et leurs deux enfants qui arrivent tout droit de Namur en Belgique. \u00ab On ne devait pas venir \u00e0 Rennes normalement mais on a entendu dire que du point de vue architectural, c\u2019\u00e9tait sympa \u00bb, raconte Coraline.<\/p>\n<p>\u00ab C\u2019est chouette, les maisons \u00e0 pans de bois ! Au d\u00e9but, on n\u2019\u00e9tait pas sp\u00e9cialement motiv\u00e9s pour une journ\u00e9e en ville mais c\u2019est vrai qu\u2019ici c\u2019est tr\u00e8s paisible \u00bb, confie Simon. \u00ab On avait lou\u00e9 \u00e0 la biblioth\u00e8que un guide de la r\u00e9gion et c\u2019\u00e9tait dr\u00f4le car les gens l\u2019avaient annot\u00e9, ils avaient mis des \u00e9toiles sur des lieux. Et, l\u00e0 le parlement de Bretagne \u00e9tait tr\u00e8s bien not\u00e9 ! \u00bb, rigole Coraline.<\/p>\n<p>Le tourisme en hausse \u00e0 Rennes<\/p>\n<p>Des t\u00e9moignages qui concordent avec le dernier rapport de l\u2019observatoire du tourisme, paru en juillet 2025. La fr\u00e9quentation touristique sur Rennes M\u00e9tropole a augment\u00e9 de 1 % en 2024 par rapport \u00e0 l\u2019ann\u00e9e pr\u00e9c\u00e9dente. Un chiffre qui cache deux tendances oppos\u00e9es : une hausse de 4 % des touristes \u00e9trangers contrebalanc\u00e9es par un l\u00e9ger recul de touristes fran\u00e7ais. La client\u00e8le \u00e9trang\u00e8re repr\u00e9sente, \u00e0 elle seule, 1\/3 des touristes \u00e0 Rennes. Parmi le top des pays visiteurs, les Espagnols sont les plus nombreux, suivis des Allemands et des Anglais.<\/p>\n<p>En 2024, c\u2019est vers la mi-d\u00e9cembre que le pic de fr\u00e9quentation touristiques a \u00e9t\u00e9 atteint avec plus de 70 000 visites par jour dans Rennes M\u00e9tropole. Durant l\u2019\u00e9t\u00e9 dernier, l\u2019observatoire du tourisme comptabilisait \u00e9galement entre 40 000 et 50 000 visites chaque jour. Et le tourisme, \u00e7a rapporte pour la ville de Rennes. Rien que la taxe de s\u00e9jours, pay\u00e9e par les touristes pour s\u00e9journer dans la ville, a connu une hausse de 10 %. Ainsi, c\u2019est 3 millions d\u2019euros qui ont \u00e9t\u00e9 collect\u00e9s par Rennes M\u00e9tropole en 2024.<\/p>\n<p>H\u00f4tellerie et la restauration en difficult\u00e9s<\/p>\n<p>Du c\u00f4t\u00e9 de la fr\u00e9quentation des h\u00f4tels, 2,17 millions de nuits ont \u00e9t\u00e9 r\u00e9serv\u00e9es par les touristes, soit une hausse de 4 % par rapport \u00e0 2023. Au total, c\u2019est 10 500 contrats qui ont \u00e9t\u00e9 sign\u00e9s en h\u00f4tellerie et en restauration, un chiffre stable par rapport \u00e0 l\u2019ann\u00e9e derni\u00e8re mais qui cache certaines difficult\u00e9s rencontr\u00e9es par le secteur. En effet, l\u2019observatoire du tourisme remarque un recul des embauches entre 2023 et 2024 qui se caract\u00e9rise par une baisse de 4 % dans la restauration et 1,4 % dans l\u2019h\u00e9bergement. On observe \u00e9galement une hausse des offres d\u2019emploi non pourvues.<\/p>\n<p>Parmi les moyens de transport les plus pl\u00e9biscit\u00e9s, le train reste devant avec pr\u00e8s de 16 millions de voyageurs en gare de Rennes. Une tendance \u00e0 la hausse qui confirme la bonne dynamique observ\u00e9e depuis 2016. \u00c0 l\u2019inverse, <a href=\"https:\/\/www.letelegramme.fr\/ille-et-vilaine\/rennes-35000\/frequentation-en-berne-a-laeroport-de-rennes-comment-en-est-on-arrive-la-6830392.php\" target=\"_blank\" rel=\"noopener\">la fr\u00e9quentation \u00e0 l\u2019a\u00e9roport Rennes-Saint Jacques continue de diminuer<\/a> avec une baisse de 16 % par rapport \u00e0 2023, accentuant la baisse de 31 % observ\u00e9e depuis 2019.<\/p>\n","protected":false},"excerpt":{"rendered":"Ils sont venus de loin pour venir observer la capitale bretonne. Damien, C\u00e9cile et leur fille Juliette s\u2019arr\u00eatent&hellip;\n","protected":false},"author":2,"featured_media":304301,"comment_status":"","ping_status":"","sticky":false,"template":"","format":"standard","meta":{"footnotes":""},"categories":[2821],"tags":[1111,11,829,1777,674,1011,27,848,4555,12,584,25],"class_list":{"0":"post-304300","1":"post","2":"type-post","3":"status-publish","4":"format-standard","5":"has-post-thumbnail","7":"category-rennes","8":"tag-actu","9":"tag-actualites","10":"tag-bretagne","11":"tag-eu","12":"tag-europe","13":"tag-fr","14":"tag-france","15":"tag-ille-et-vilaine","16":"tag-local","17":"tag-news","18":"tag-rennes","19":"tag-republique-francaise"},"share_on_mastodon":{"url":"https:\/\/pubeurope.com\/@fr\/114991336140124068","error":""},"_links":{"self":[{"href":"https:\/\/www.europesays.com\/fr\/wp-json\/wp\/v2\/posts\/304300","targetHints":{"allow":["GET"]}}],"collection":[{"href":"https:\/\/www.europesays.com\/fr\/wp-json\/wp\/v2\/posts"}],"about":[{"href":"https:\/\/www.europesays.com\/fr\/wp-json\/wp\/v2\/types\/post"}],"author":[{"embeddable":true,"href":"https:\/\/www.europesays.com\/fr\/wp-json\/wp\/v2\/users\/2"}],"replies":[{"embeddable":true,"href":"https:\/\/www.europesays.com\/fr\/wp-json\/wp\/v2\/comments?post=304300"}],"version-history":[{"count":0,"href":"https:\/\/www.europesays.com\/fr\/wp-json\/wp\/v2\/posts\/304300\/revisions"}],"wp:featuredmedia":[{"embeddable":true,"href":"https:\/\/www.europesays.com\/fr\/wp-json\/wp\/v2\/media\/304301"}],"wp:attachment":[{"href":"https:\/\/www.europesays.com\/fr\/wp-json\/wp\/v2\/media?parent=304300"}],"wp:term":[{"taxonomy":"category","embeddable":true,"href":"https:\/\/www.europesays.com\/fr\/wp-json\/wp\/v2\/categories?post=304300"},{"taxonomy":"post_tag","embeddable":true,"href":"https:\/\/www.europesays.com\/fr\/wp-json\/wp\/v2\/tags?post=304300"}],"curies":[{"name":"wp","href":"https:\/\/api.w.org\/{rel}","templated":true}]}}