{"id":304302,"date":"2025-08-08T04:49:18","date_gmt":"2025-08-08T04:49:18","guid":{"rendered":"https:\/\/www.europesays.com\/fr\/304302\/"},"modified":"2025-08-08T04:49:18","modified_gmt":"2025-08-08T04:49:18","slug":"lucas-hogsberg-en-route-pour-strasbourg-alsasports","status":"publish","type":"post","link":"https:\/\/www.europesays.com\/fr\/304302\/","title":{"rendered":"Lucas Hogsberg en route pour Strasbourg \u2014 Alsa&rsquo;Sports"},"content":{"rendered":"<p><strong>Le d\u00e9fenseur Lucas Hogsberg est en passe de rejoindre la charni\u00e8re centrale du Racing Club de Strasbourg, selon des informations du m\u00e9dia danois Bold que nous sommes en mesure de confirmer. <\/strong><\/p>\n<p>Un nouveau d\u00e9fenseur central s\u2019appr\u00eate \u00e0 rejoindre les rangs strasbourgeois. Apr\u00e8s les venues d\u2019Andrew Omobamidele (suite \u00e0 un pr\u00eat), Mamadou Sarr et Souma\u00efla Coulibaly, l\u2019international danois Lucas Hogsberg serait proche du Racing, selon des informations du m\u00e9dia danois Bold que nous sommes en mesure de confirmer. Son club, le FC Nordsj\u00e6lland, aurait un accord avec le Racing pour un transfert sec autour de 15 millions d\u2019euros, hors bonus, pour racheter le contrat de H\u00f8gsberg, qui avait prolong\u00e9 jusqu\u2019en 2028 il y a un an.<\/p>\n","protected":false},"excerpt":{"rendered":"Le d\u00e9fenseur Lucas Hogsberg est en passe de rejoindre la charni\u00e8re centrale du Racing Club de Strasbourg, selon&hellip;\n","protected":false},"author":2,"featured_media":304303,"comment_status":"","ping_status":"","sticky":false,"template":"","format":"standard","meta":{"footnotes":""},"categories":[2820],"tags":[1111,11,1777,674,63,1011,27,775,12,4448,25,640],"class_list":{"0":"post-304302","1":"post","2":"type-post","3":"status-publish","4":"format-standard","5":"has-post-thumbnail","7":"category-strasbourg","8":"tag-actu","9":"tag-actualites","10":"tag-eu","11":"tag-europe","12":"tag-football","13":"tag-fr","14":"tag-france","15":"tag-grand-est","16":"tag-news","17":"tag-rc-strasbourg","18":"tag-republique-francaise","19":"tag-strasbourg"},"share_on_mastodon":{"url":"https:\/\/pubeurope.com\/@fr\/114991344070757299","error":""},"_links":{"self":[{"href":"https:\/\/www.europesays.com\/fr\/wp-json\/wp\/v2\/posts\/304302","targetHints":{"allow":["GET"]}}],"collection":[{"href":"https:\/\/www.europesays.com\/fr\/wp-json\/wp\/v2\/posts"}],"about":[{"href":"https:\/\/www.europesays.com\/fr\/wp-json\/wp\/v2\/types\/post"}],"author":[{"embeddable":true,"href":"https:\/\/www.europesays.com\/fr\/wp-json\/wp\/v2\/users\/2"}],"replies":[{"embeddable":true,"href":"https:\/\/www.europesays.com\/fr\/wp-json\/wp\/v2\/comments?post=304302"}],"version-history":[{"count":0,"href":"https:\/\/www.europesays.com\/fr\/wp-json\/wp\/v2\/posts\/304302\/revisions"}],"wp:featuredmedia":[{"embeddable":true,"href":"https:\/\/www.europesays.com\/fr\/wp-json\/wp\/v2\/media\/304303"}],"wp:attachment":[{"href":"https:\/\/www.europesays.com\/fr\/wp-json\/wp\/v2\/media?parent=304302"}],"wp:term":[{"taxonomy":"category","embeddable":true,"href":"https:\/\/www.europesays.com\/fr\/wp-json\/wp\/v2\/categories?post=304302"},{"taxonomy":"post_tag","embeddable":true,"href":"https:\/\/www.europesays.com\/fr\/wp-json\/wp\/v2\/tags?post=304302"}],"curies":[{"name":"wp","href":"https:\/\/api.w.org\/{rel}","templated":true}]}}