{"id":304308,"date":"2025-08-08T04:56:15","date_gmt":"2025-08-08T04:56:15","guid":{"rendered":"https:\/\/www.europesays.com\/fr\/304308\/"},"modified":"2025-08-08T04:56:15","modified_gmt":"2025-08-08T04:56:15","slug":"ces-girondin-e-s-qui-se-prennent-au-jeu-du-cosplay","status":"publish","type":"post","link":"https:\/\/www.europesays.com\/fr\/304308\/","title":{"rendered":"Ces Girondin.e.s qui se prennent au jeu du cosplay"},"content":{"rendered":"<p class=\"wp-block-post-excerpt__excerpt\">Depuis 2005 et la cr\u00e9ation du salon Animasia par l\u2019association Mandora, la Gironde a vu fleurir les \u00e9v\u00e9nements cosplay \u2014 tout comme ses adeptes. Du Bordeaux Geekfest en mai \u00e0 la F\u00eate m\u00e9di\u00e9vale et fantastique de Saint-Ciers, qui se tient les 9 et 10 ao\u00fbt, la sc\u00e8ne locale s\u2019anime. Rue89 Bordeaux a rencontr\u00e9 quelques passionn\u00e9.e.s, dont Mayamystic_ ou Agathe &amp; Greg, qui parviennent parfois \u00e0 en faire leur m\u00e9tier. <\/p>\n<p><a href=\"https:\/\/rue89bordeaux.com\/category\/kiosque-abonne\/\" rel=\"tag noopener\" target=\"_blank\">\u00c9dition abonn\u00e9s<\/a>, <a href=\"https:\/\/rue89bordeaux.com\/category\/reportage\/\" rel=\"tag noopener\" target=\"_blank\">Reportage<\/a><\/p>\n<p>Clara Len\u00f4tre<\/p>\n<p>Publi\u00e9 le 8 ao\u00fbt 2025\u00a0\u00a0\u00b7\u00a0\u00a0<\/p>\n<p>Imprim\u00e9 le 8 ao\u00fbt 2025 \u00e0 06h56\u00a0\u00a0\u00b7\u00a0\u00a0<\/p>\n<p>\t\t\t\t\t7\u00a0minutes\n<\/p>\n<blockquote class=\"wp-block-quote is-layout-flow wp-block-quote-is-layout-flow\">\n<p>\u201cLe cosplay consiste \u00e0 incarner ses personnages pr\u00e9f\u00e9r\u00e9s avec des costumes qu\u2019on peut fabriquer, acheter ou personnaliser \u00e0 sa fa\u00e7on.\u201d<\/p>\n<\/blockquote>\n<p>Voil\u00e0 comment Shana alias Mayamystic_, 24 ans, originaire du bassin d\u2019Arcachon et aujourd\u2019hui Talen\u00e7aise, d\u00e9finit sa passion et m\u00e9tier. \u00ab\u00a0Dans cosplay, il y a costume et jeu\u00a0\u00bb, pr\u00e9cise Lisa alias Lisa Psycho\u2019s play, Bordelaise de 28 ans et assistante administrative dans une entreprise pharmaceutique.<\/p>\n<p>Les deux aspects sont importants : \u00ab\u00a0Le costume a une qualit\u00e9 sup\u00e9rieure et est bien plus travaill\u00e9 et abouti qu\u2019un d\u00e9guisement\u00a0\u00bb, compl\u00e8te Gr\u00e9goire, 33 ans vivant avec sa compagne Agathe, 34 ans dans l\u2019Entre-deux-Mers. Travaillant l\u2019un dans le fun\u00e9raire, l\u2019autre dans la communication, ils se font conna\u00eetre sur les r\u00e9seaux et dans la communaut\u00e9 cosplay sous le nom de The Charmings cosplay.<\/p>\n<p>Le terme play de son c\u00f4t\u00e9 suppose que le cosplayeur joue le r\u00f4le de son personnage avec un minimum de mise en sc\u00e8ne, d\u2019expressions faciales et de poses. A partir de cette base commune, chaque cosplayeur reste libre dans sa pratique et univers choisi.<\/p>\n<p>\t\tPas qu\u2019un seul cosplay<\/p>\n<p>Dans l\u2019imaginaire collectif, le cosplay rime souvent avec anim\u00e9s et mangas, comme en t\u00e9moigne l\u2019\u00e9v\u00e8nement bordelais Animasia et ses 30 000 visiteurs annuels. Pourtant, la communaut\u00e9 regorge de diversit\u00e9, et malgr\u00e9 une hi\u00e9rarchie implicite, chacun reste libre dans ses choix d\u2019interpr\u00e9tation. Et la France, bien qu\u2019en retard, voit fleurir de nouveaux \u00e9v\u00e8nements un peu partout. <\/p>\n<p>En Gironde,  une f\u00eate m\u00e9di\u00e9vale et fantastique aura ainsi lieu le week-end du 9 et 10 ao\u00fbt \u00e0 Saint-Ciers, dans le Ch\u00e2teau de la Martini\u00e8re, pour le plus grand plaisir de Lisa et de ses amis. Ceux-ci font souvent le tour de France de Bordeaux \u00e0 Paris en passant par Tours, Angers et la Bretagne, pour se rendre aux diverses conventions organis\u00e9es tout au long de l\u2019ann\u00e9e.<\/p>\n<p>Rue89 Bordeaux a besoin de vos dons<\/p>\n<p>Mille mercis \u00e0 nos 131 donateurs ! Gr\u00e2ce \u00e0 vous, nous avons atteint notre objectif initial de 10\u202f000\u202f\u20ac. Ce soutien va nous permettre de renflouer notre tr\u00e9sorerie, apr\u00e8s le d\u00e9sengagement en 2025 d\u2019un annonceur important \u2013 Bordeaux M\u00e9tropole \u2013 et de r\u00e9gler nos factures en attente.<br \/>Cependant, la cagnotte reste ouverte jusqu\u2019\u00e0 fin septembre afin de vous laisser l\u2019occasion de continuer \u00e0 soutenir votre m\u00e9dia ind\u00e9pendant. Chaque don est d\u00e9ductible des imp\u00f4ts \u00e0 hauteur de 66\u202f%. En recevoir davantage nous permettra de consolider nos finances, d\u2019envisager une rentr\u00e9e sereine, et surtout, d\u2019enrichir nos contenus et de renforcer notre r\u00e9daction.<\/p>\n<p><\/p>\n<p>Lisez la suite pour 1\u20ac<\/p>\n<p>En profitant de notre offre d\u2019essai, r\u00e9siliable en ligne \u00e0 tout moment.<\/p>\n<p><strong>Pour acc\u00e9der \u00e0 cet article, il faut \u00eatre abonn\u00e9. Pourquoi\u00a0?<\/strong><\/p>\n<p>Les informations exclusives, les enqu\u00eates et certains reportages constituent l\u2019\u00e9dition abonn\u00e9s de Rue89 Bordeaux. En tant que m\u00e9dia ind\u00e9pendant, nos ressources proviennent de nos lectrices et lecteurs abonn\u00e9s, aucun milliardaire ni groupe bancaire ne nous finance.<\/p>\n<p>Nous demandons \u00e0 nos lecteurs une faible contribution pour disposer \u00e0 Bordeaux d\u2019un m\u00e9dia critique des pouvoirs, capable d\u2019enqu\u00eater et de traiter les enjeux locaux en profondeur et dans la dur\u00e9e.<\/p>\n<p>Chaque abonnement compte. Toutes nos recettes sont investies dans un journalisme local ind\u00e9pendant, dont la force et la r\u00e9activit\u00e9 d\u00e9pend directement du nombre d\u2019abonn\u00e9s actifs.<\/p>\n<p class=\"has-text-align-right\"><strong><a href=\"https:\/\/rue89bordeaux.com\/?p=128375\" data-type=\"page\" data-id=\"0\" target=\"_blank\" rel=\"noopener\">Je m\u2019abonne\u00a0 <\/a><\/strong><\/p>\n<p>\t\t\t<a href=\"https:\/\/rue89bordeaux.com\/\" class=\"custom-logo-link\" rel=\"home noopener\" target=\"_blank\"><img loading=\"lazy\" decoding=\"async\" width=\"290\" height=\"49\" src=\"https:\/\/www.europesays.com\/fr\/wp-content\/uploads\/2025\/04\/logo.png\" class=\"custom-logo\" alt=\"Rue89Bordeaux Enqu\u00eates et informations de proximit\u00e9\"  \/><\/a><\/p>\n<p>\n\t\t\t\tAbonnez-vous maintenant pour suivre l\u2019actualit\u00e9 locale.\t\t\t<\/p>\n<p class=\"font-bold font-serif-heading mb-2 text-4xl\">\n\t\t\t\t\t\tL\u2019investigation locale \u00e0 port\u00e9e de main.\n\t\t\t\t\t<\/p>\n<p>\n\t\t\t\t\t\tAbonnez-vous et profitez d\u2019un acc\u00e8s illimit\u00e9 \u00e0 Rue89Bordeaux. Annulez quand vous voulez.\n\t\t\t\t\t<\/p>\n<p class=\"xl:text-sm\">\n\t\t\t\t\tD\u00e9j\u00e0 abonn\u00e9\u00a0?<br \/>\n\t\t\t\t\t<a class=\"border border-transparent text-center transition-colors duration-instant focus:border-info focus:rounded focus:shadow-focus cursor-pointer text-black hover:text-gray-700 active:bg-black-700 font-semibold inline-block\" href=\"https:\/\/rue89bordeaux.com\/user\/login\/?redirect=\/2025\/08\/ces-girondin-e-s-qui-se-prennent-au-jeu-du-cosplay\/\" target=\"_blank\" rel=\"noopener\">Connectez-vous<\/a>\t\t\t\t<\/p>\n<p>\n\t\t\t\tChoisissez votre formule\u00a0:\n\t\t\t<\/p>\n<p>\t\t\t\tFermer<\/p>\n","protected":false},"excerpt":{"rendered":"Depuis 2005 et la cr\u00e9ation du salon Animasia par l\u2019association Mandora, la Gironde a vu fleurir les \u00e9v\u00e9nements&hellip;\n","protected":false},"author":2,"featured_media":304309,"comment_status":"","ping_status":"","sticky":false,"template":"","format":"standard","meta":{"footnotes":""},"categories":[2817],"tags":[1111,11,1997,251,1777,674,1011,27,6681,12,2219,25],"class_list":{"0":"post-304308","1":"post","2":"type-post","3":"status-publish","4":"format-standard","5":"has-post-thumbnail","7":"category-bordeaux","8":"tag-actu","9":"tag-actualites","10":"tag-bordeaux","11":"tag-culture","12":"tag-eu","13":"tag-europe","14":"tag-fr","15":"tag-france","16":"tag-manga","17":"tag-news","18":"tag-nouvelle-aquitaine","19":"tag-republique-francaise"},"share_on_mastodon":{"url":"https:\/\/pubeurope.com\/@fr\/114991371785576720","error":""},"_links":{"self":[{"href":"https:\/\/www.europesays.com\/fr\/wp-json\/wp\/v2\/posts\/304308","targetHints":{"allow":["GET"]}}],"collection":[{"href":"https:\/\/www.europesays.com\/fr\/wp-json\/wp\/v2\/posts"}],"about":[{"href":"https:\/\/www.europesays.com\/fr\/wp-json\/wp\/v2\/types\/post"}],"author":[{"embeddable":true,"href":"https:\/\/www.europesays.com\/fr\/wp-json\/wp\/v2\/users\/2"}],"replies":[{"embeddable":true,"href":"https:\/\/www.europesays.com\/fr\/wp-json\/wp\/v2\/comments?post=304308"}],"version-history":[{"count":0,"href":"https:\/\/www.europesays.com\/fr\/wp-json\/wp\/v2\/posts\/304308\/revisions"}],"wp:featuredmedia":[{"embeddable":true,"href":"https:\/\/www.europesays.com\/fr\/wp-json\/wp\/v2\/media\/304309"}],"wp:attachment":[{"href":"https:\/\/www.europesays.com\/fr\/wp-json\/wp\/v2\/media?parent=304308"}],"wp:term":[{"taxonomy":"category","embeddable":true,"href":"https:\/\/www.europesays.com\/fr\/wp-json\/wp\/v2\/categories?post=304308"},{"taxonomy":"post_tag","embeddable":true,"href":"https:\/\/www.europesays.com\/fr\/wp-json\/wp\/v2\/tags?post=304308"}],"curies":[{"name":"wp","href":"https:\/\/api.w.org\/{rel}","templated":true}]}}