{"id":304316,"date":"2025-08-08T05:00:09","date_gmt":"2025-08-08T05:00:09","guid":{"rendered":"https:\/\/www.europesays.com\/fr\/304316\/"},"modified":"2025-08-08T05:00:09","modified_gmt":"2025-08-08T05:00:09","slug":"lille-restaurant-loisirs-magasins-des-nouveautes-arrivent-au-centre-commercial-lillenium","status":"publish","type":"post","link":"https:\/\/www.europesays.com\/fr\/304316\/","title":{"rendered":"Lille. Restaurant, loisirs, magasins&#8230; Des nouveaut\u00e9s arrivent au centre commercial Lillenium"},"content":{"rendered":"<p>            Par<br \/>\n        <strong><br \/>\n            <a href=\"https:\/\/actu.fr\/auteur\/hervine-mahaud\" title=\"Consulter tous les articles de Hervine Mahaud\" target=\"_blank\" rel=\"noopener\">Hervine Mahaud<\/a><br \/>\n        <\/strong><\/p>\n<p>        Publi\u00e9 le<\/p>\n<p>            8 ao\u00fbt 2025 \u00e0 6h30        <\/p>\n<p>Alors qu\u2019il f\u00eatera ses 5 ans le 25 ao\u00fbt prochain, le <b>centre commercial<\/b> de <b>Lille-Sud<\/b> annonce des nouveaut\u00e9s, pour le second semestre 2025. Apr\u00e8s avoir inaugur\u00e9 un <b>nouveau magasin discount<\/b>, <b>Lillenium<\/b> va bient\u00f4t accueillir un <b>nouveau restaurant<\/b>, des <b>boutiques \u00e9ph\u00e9m\u00e8res<\/b> pens\u00e9es pour les <b>enfants<\/b> \u00e0 quelques jours de la rentr\u00e9e scolaire. Il va aussi y avoir un renouveau du c\u00f4t\u00e9 du p\u00f4le <b>loisirs<\/b>. On fait le point sur les nombreuses <b>nouveaut\u00e9s \u00e0 venir<\/b>.<\/p>\n<p>Une nouvelle directrice, pour une nouvelle dynamique<\/p>\n<p class=\" wall-content\">La premi\u00e8re, et non des moindres, est l\u2019arriv\u00e9e en juillet d\u2019une <b>nouvelle directrice<\/b> : <b>Sabine Gavin-Plagne<\/b>. Avant d\u2019arriver \u00e0 Lille, elle dirigeait deux centres commerciaux \u00e0 Reims. Elle croit au <b>\u00ab\u00a0potentiel\u00a0\u00bb de Lillenium<\/b> o\u00f9 \u00ab\u00a0il y a plein de choses \u00e0 faire\u00a0\u00bb.<\/p>\n<p class=\" wall-content\">Enthousiaste \u00e0 l\u2019id\u00e9e de relever le d\u00e9fi, elle compte bien faire remonter tous les \u00e9l\u00e9ments de terrain au propri\u00e9taire du centre, le premier d\u00e9cisionnaire. Le but ? \u00ab\u00a0Il faut <b>trouver les bons ingr\u00e9dients<\/b> pour relancer le centre, pour que \u00e7a vive.\u00a0\u00bb D\u2019apr\u00e8s son diagnostic, \u00ab\u00a0<b>Lillenium n\u2019est pas en trop<\/b>, il compl\u00e8te l\u2019offre qui est propos\u00e9e dans la m\u00e9tropole de Lille\u00a0\u00bb.<\/p>\n<p>Des nouvelles boutiques, avec toujours des petits prix<\/p>\n<p class=\" wall-content\">En cinq ans d\u2019existence, l\u2019offre a \u00e9volu\u00e9, et a surtout d\u00fb s\u2019adapter \u00e0 la client\u00e8le du quartier : <b>beaucoup de familles, des \u00e9tudiants, des jeunes actifs<\/b>. Les nouvelles ouvertures sont donc pens\u00e9es pour correspondre \u00e0 leurs demandes : <b>des petits prix avant tout<\/b>.<\/p>\n<p class=\" wall-content\">Ainsi, <a href=\"https:\/\/actu.fr\/hauts-de-france\/lille_59350\/lille-sud-le-nouveau-magasin-action-pris-d-assaut-des-son-ouverture-a-lillenium_52358851.html\" target=\"_blank\" rel=\"noopener\">le magasin Action ouvert en 2022 cartonne<\/a>. Et <a href=\"https:\/\/actu.fr\/hauts-de-france\/lille_59350\/lille-cette-enseigne-deco-et-maison-qui-cartonne-en-france-debarque-au-centre-commercial-lillenium_63001768.html\" target=\"_blank\" rel=\"noopener\">l\u2019enseigne qui vient de s\u2019installer juste \u00e0 c\u00f4t\u00e9<\/a>, devrait elle aussi conna\u00eetre un beau succ\u00e8s. Inaugur\u00e9e le 2 ao\u00fbt, elle propose des articles d\u00e9co et maison \u00e0 prix discount. \u00ab\u00a0C\u2019est la premi\u00e8re fois que la marque s\u2019installe en centre commercial. Si \u00e7a pla\u00eet, on verra \u00e0 d\u00e9velopper d\u2019autres concepts dans le centre.\u00a0\u00bb<\/p>\n<p class=\" wall-content\">Au rayon petits prix, il y a deux nouveaut\u00e9s \u00e0 annoncer : des <b>boutiques \u00e9ph\u00e9m\u00e8res<\/b> lanc\u00e9es \u00e0 l\u2019occasion de la <a href=\"https:\/\/actu.fr\/economie\/allocation-de-rentree-scolaire-ars-2025-voici-combien-vous-allez-bientot-toucher-selon-l-age-des-enfants_63000690.html\" target=\"_blank\" rel=\"noopener\">rentr\u00e9e scolaire<\/a> par <a href=\"https:\/\/actu.fr\/hauts-de-france\/lille_59350\/lille-une-vraie-friperie-avec-des-petits-prix-et-nouveautes-chaque-jour-debarque-a-lillenium_61452449.html\" target=\"_blank\" rel=\"noopener\">la friperie C ta frip<\/a>. Il y a d\u2019abord une bouquinerie qui ouvrira du 18 ao\u00fbt au 6 septembre au rez-de-chauss\u00e9e, en face de la sc\u00e8ne centrale. \u00ab\u00a060 m2 uniquement d\u00e9di\u00e9s aux livres neufs et d\u2019occasion \u00e0 petits prix : livres de poche, BD, mangas, manuels scolaires, magazines, romans\u2026\u00a0\u00bb, annonce Lillenium.<\/p>\n<p class=\" wall-content\"><a href=\"https:\/\/www.instagram.com\/p\/DNBkaYpIrkF\/embed\" title=\"Ouvrir le lien sur Instagram\" target=\"_blank\" rel=\"noopener\">Visualiser le contenu sur Instagram<\/a><\/p>\n<p class=\" wall-content\">Puis au premier \u00e9tage, du 18 ao\u00fbt au 21 septembre, les parents pourront relooker leurs <b>enfants<\/b> chez <b>Dressing Kids<\/b>. Le lieu proposera des <b>v\u00eatements et accessoires de la naissance \u00e0 16 ans<\/b>.<\/p>\n<p>De grosses annonces pour le deuxi\u00e8me \u00e9tage du centre commercial<\/p>\n<p class=\" wall-content\">Au 2\u00e8me \u00e9tage, il y aura pas mal de chamboulements dans les semaines \u00e0 venir, avec l\u2019installation de deux nouveaut\u00e9s. La premi\u00e8re, dont l\u2019ouverture est pr\u00e9vue pour septembre, c\u2019est une attraction immersive l\u00e0 o\u00f9 se trouvait <b>Le D\u00e9fi des Sorciers<\/b>, <a href=\"https:\/\/actu.fr\/hauts-de-france\/lille_59350\/bar-a-potions-boutiques-enigmes-un-lieu-de-1200-m%C2%B2-dediee-a-harry-potter-ouvre-a-lille_60314528.html\" target=\"_blank\" rel=\"noopener\">un lieu de 1200 m2 sur le th\u00e8me d\u2019Harry Potter<\/a>. L\u2019\u00e9quipe de Secret Studio, \u00e0 qui l\u2019on doit aussi <b>Jurassic Safari<\/b>, promet \u00ab\u00a0un <b>concept totalement in\u00e9dit<\/b>.\u00a0\u00bb \u00ab\u00a0Ce sera la grande surprise de la rentr\u00e9e\u00a0\u00bb, annonce la directrice de Lillenium, qui ne d\u00e9voile donc pas l\u2019univers qui va s\u2019installer. Mais une chose est s\u00fbre : \u00ab\u00a0ce ne sera <b>pas que pour les enfants<\/b>, on pourra <b>venir rien qu\u2019entre adultes<\/b>, pour un afterwork par exemple.\u00a0\u00bb\u00a0<\/p>\n<p class=\" wall-content\">Autre secret bien gard\u00e9 puisque le dossier est \u00ab\u00a0en cours de signature\u00a0\u00bb, c\u2019est l\u2019<b>ouverture d\u2019un restaurant<\/b>, toujours au 2\u00e8me \u00e9tage, \u00e0 la place de feu Vapiano. \u00ab\u00a0C\u2019est un <b>restaurateur d\u00e9j\u00e0 tr\u00e8s connu \u00e0 Lille<\/b>, il va proposer un <b>concept qui parle \u00e0 tout le monde<\/b>, plut\u00f4t de type <b>brasserie<\/b>\u00ab\u00a0, avance Sabine Gavin-Plagne. Le myst\u00e8re sur l\u2019identit\u00e9 du nouvel arrivant sera probablement lev\u00e9 prochainement. L\u2019ouverture est pr\u00e9vue \u00ab\u00a0avant fin 2025\u00a0\u00bb.<\/p>\n<p class=\" wall-content\">Avec ces deux arriv\u00e9es, la directrice esp\u00e8re bien donner un nouvel \u00e9lan \u00e0 cet \u00e9tage sous-exploit\u00e9 et, a fortiori, au centre commercial de Lille-Sud.<\/p>\n<p class=\" wall-content\">Suivez toute l\u2019actualit\u00e9 de vos villes et m\u00e9dias favoris en vous inscrivant \u00e0 <a href=\"https:\/\/moncompte.actu.fr\" title=\"D\u00e9couvez Mon Actu\" rel=\"nofollow noopener\" data-trk=\"{&quot;cta&quot;:{&quot;action&quot;:&quot;https:\\\/\\\/moncompte.actu.fr&quot;,&quot;category&quot;:&quot;mon compte&quot;,&quot;from&quot;:&quot;article footer&quot;,&quot;name&quot;:&quot;Mon actu&quot;,&quot;type&quot;:&quot;cta&quot;}}\" target=\"_blank\">Mon Actu<\/a>.<\/p>\n<p>                    <script async src=\"\/\/www.instagram.com\/embed.js\"><\/script><\/p>\n","protected":false},"excerpt":{"rendered":"Par Hervine Mahaud Publi\u00e9 le 8 ao\u00fbt 2025 \u00e0 6h30 Alors qu\u2019il f\u00eatera ses 5 ans le 25&hellip;\n","protected":false},"author":2,"featured_media":304317,"comment_status":"","ping_status":"","sticky":false,"template":"","format":"standard","meta":{"footnotes":""},"categories":[2815],"tags":[1111,11,215,33,1777,674,1011,27,811,1307,12,3147,25],"class_list":{"0":"post-304316","1":"post","2":"type-post","3":"status-publish","4":"format-standard","5":"has-post-thumbnail","7":"category-lille","8":"tag-actu","9":"tag-actualites","10":"tag-commerce","11":"tag-economie","12":"tag-eu","13":"tag-europe","14":"tag-fr","15":"tag-france","16":"tag-hauts-de-france","17":"tag-lille","18":"tag-news","19":"tag-nouveaux-commerces","20":"tag-republique-francaise"},"share_on_mastodon":{"url":"https:\/\/pubeurope.com\/@fr\/114991387393603064","error":""},"_links":{"self":[{"href":"https:\/\/www.europesays.com\/fr\/wp-json\/wp\/v2\/posts\/304316","targetHints":{"allow":["GET"]}}],"collection":[{"href":"https:\/\/www.europesays.com\/fr\/wp-json\/wp\/v2\/posts"}],"about":[{"href":"https:\/\/www.europesays.com\/fr\/wp-json\/wp\/v2\/types\/post"}],"author":[{"embeddable":true,"href":"https:\/\/www.europesays.com\/fr\/wp-json\/wp\/v2\/users\/2"}],"replies":[{"embeddable":true,"href":"https:\/\/www.europesays.com\/fr\/wp-json\/wp\/v2\/comments?post=304316"}],"version-history":[{"count":0,"href":"https:\/\/www.europesays.com\/fr\/wp-json\/wp\/v2\/posts\/304316\/revisions"}],"wp:featuredmedia":[{"embeddable":true,"href":"https:\/\/www.europesays.com\/fr\/wp-json\/wp\/v2\/media\/304317"}],"wp:attachment":[{"href":"https:\/\/www.europesays.com\/fr\/wp-json\/wp\/v2\/media?parent=304316"}],"wp:term":[{"taxonomy":"category","embeddable":true,"href":"https:\/\/www.europesays.com\/fr\/wp-json\/wp\/v2\/categories?post=304316"},{"taxonomy":"post_tag","embeddable":true,"href":"https:\/\/www.europesays.com\/fr\/wp-json\/wp\/v2\/tags?post=304316"}],"curies":[{"name":"wp","href":"https:\/\/api.w.org\/{rel}","templated":true}]}}