{"id":304324,"date":"2025-08-08T05:04:09","date_gmt":"2025-08-08T05:04:09","guid":{"rendered":"https:\/\/www.europesays.com\/fr\/304324\/"},"modified":"2025-08-08T05:04:09","modified_gmt":"2025-08-08T05:04:09","slug":"lyon-une-circulation-tres-tendue-sur-les-routes-ce-week-end-voici-les-axes-a-eviter","status":"publish","type":"post","link":"https:\/\/www.europesays.com\/fr\/304324\/","title":{"rendered":"Lyon. Une circulation tr\u00e8s tendue sur les routes ce week-end, voici les axes \u00e0 \u00e9viter"},"content":{"rendered":"<p>            Par<br \/>\n        <strong><br \/>\n            <a href=\"https:\/\/actu.fr\/auteur\/emma-ressegaire\" title=\"Consulter tous les articles de Emma Ressegaire\" target=\"_blank\" rel=\"noopener\">Emma Ressegaire<\/a><br \/>\n        <\/strong><\/p>\n<p>        Publi\u00e9 le<\/p>\n<p>            8 ao\u00fbt 2025 \u00e0 6h54        <\/p>\n<p>La circulation sera, \u00e0 nouveau, <strong>tr\u00e8s difficile<\/strong> pour ce deuxi\u00e8me week-end d\u2019ao\u00fbt <strong>dans le sens des d\u00e9parts<\/strong> sur les routes d\u2019Auvergne-Rh\u00f4ne-Alpes. La journ\u00e9e la plus charg\u00e9e du week-end est le samedi 9 ao\u00fbt. En effet, <strong>Bison Fut\u00e9 voit rouge<\/strong> sur la r\u00e9gion.<\/p>\n<p class=\" wall-content\">Dans le sens des d\u00e9parts, il est <strong>recommand\u00e9 d\u2019\u00e9viter<\/strong> l\u2019autoroute A7, entre Lyon et Orange, de 6 heures \u00e0 17 heures et entre Orange et Marseille, de 15 heures \u00e0 17 heures. Tout comme le <a href=\"https:\/\/actu.fr\/societe\/lyon-bouchon-monstre-vers-le-tunnel-du-mont-blanc-a7-tres-chargee-journee-rouge-ce-vendredi_62958207.html\" target=\"_blank\" rel=\"noopener\">tunnel du Mont-Blanc<\/a>, liant la France et l\u2019Italie, de 10 heures \u00e0 16 heures.<\/p>\n<p>Une circulation moins dense pour les retours<\/p>\n<p class=\" wall-content\">Dans le sens des retours, <strong>la circulation sera plus fluide<\/strong>. Cela restera dense mais pas satur\u00e9e. Toutefois, il est tout de m\u00eame conseill\u00e9 aux usagers d\u2019\u00e9viter l\u2019autoroute A7, entre <a href=\"https:\/\/actu.fr\/marseille\/\" target=\"_blank\" rel=\"noopener\">Marseille<\/a> et Orange, de 11 heures \u00e0 16 heures, et entre Orange et Lyon, de 12 heures \u00e0 19 heures et le tunnel du Mont-Blanc entre 15 heures et 19 heures.\u00a0<\/p>\n<p class=\" wall-content\">\n<p>Drapeau vert pour dimanche<\/p>\n<p class=\" wall-content\">En ce qui concerne ce dimanche 10 ao\u00fbt, <strong>le trafic sera nettement meilleur.<\/strong> Bison Fut\u00e9 hisse le <strong>drapeau vert<\/strong>. Mais il est quand m\u00eame \u00e9galement conseill\u00e9 d\u2019\u00e9viter, dans le sens des d\u00e9parts, l\u2019autoroute A7 entre <a href=\"https:\/\/actu.fr\/auvergne-rhone-alpes\/lyon_69123\" target=\"_blank\" rel=\"noopener\">Lyon<\/a> et Orange de 15 heures \u00e0 18 heures.<\/p>\n<p class=\" wall-content\">Pour les retours, il est \u00e9galement conseill\u00e9 d\u2019\u00e9viter de prendre l\u2019A7 entre Orange et Lyon de 11 heures \u00e0 16 heures et le tunnel du Mont-Blanc de 15 heures \u00e0 19 heures.<\/p>\n<p class=\" wall-content\">Suivez toute l\u2019actualit\u00e9 de vos villes et m\u00e9dias favoris en vous inscrivant \u00e0 <a href=\"https:\/\/moncompte.actu.fr\" title=\"D\u00e9couvez Mon Actu\" rel=\"nofollow noopener\" data-trk=\"{&quot;cta&quot;:{&quot;action&quot;:&quot;https:\\\/\\\/moncompte.actu.fr&quot;,&quot;category&quot;:&quot;mon compte&quot;,&quot;from&quot;:&quot;article footer&quot;,&quot;name&quot;:&quot;Mon actu&quot;,&quot;type&quot;:&quot;cta&quot;}}\" target=\"_blank\">Mon Actu<\/a>.<\/p>\n","protected":false},"excerpt":{"rendered":"Par Emma Ressegaire Publi\u00e9 le 8 ao\u00fbt 2025 \u00e0 6h54 La circulation sera, \u00e0 nouveau, tr\u00e8s difficile pour&hellip;\n","protected":false},"author":2,"featured_media":304325,"comment_status":"","ping_status":"","sticky":false,"template":"","format":"standard","meta":{"footnotes":""},"categories":[1889],"tags":[1111,11,2430,6427,1777,674,1011,27,803,2428,12,25,104],"class_list":{"0":"post-304324","1":"post","2":"type-post","3":"status-publish","4":"format-standard","5":"has-post-thumbnail","7":"category-lyon","8":"tag-actu","9":"tag-actualites","10":"tag-auvergne-rhone-alpes","11":"tag-bison-fute","12":"tag-eu","13":"tag-europe","14":"tag-fr","15":"tag-france","16":"tag-info-trafic","17":"tag-lyon","18":"tag-news","19":"tag-republique-francaise","20":"tag-societe"},"share_on_mastodon":{"url":"https:\/\/pubeurope.com\/@fr\/114991403092433717","error":""},"_links":{"self":[{"href":"https:\/\/www.europesays.com\/fr\/wp-json\/wp\/v2\/posts\/304324","targetHints":{"allow":["GET"]}}],"collection":[{"href":"https:\/\/www.europesays.com\/fr\/wp-json\/wp\/v2\/posts"}],"about":[{"href":"https:\/\/www.europesays.com\/fr\/wp-json\/wp\/v2\/types\/post"}],"author":[{"embeddable":true,"href":"https:\/\/www.europesays.com\/fr\/wp-json\/wp\/v2\/users\/2"}],"replies":[{"embeddable":true,"href":"https:\/\/www.europesays.com\/fr\/wp-json\/wp\/v2\/comments?post=304324"}],"version-history":[{"count":0,"href":"https:\/\/www.europesays.com\/fr\/wp-json\/wp\/v2\/posts\/304324\/revisions"}],"wp:featuredmedia":[{"embeddable":true,"href":"https:\/\/www.europesays.com\/fr\/wp-json\/wp\/v2\/media\/304325"}],"wp:attachment":[{"href":"https:\/\/www.europesays.com\/fr\/wp-json\/wp\/v2\/media?parent=304324"}],"wp:term":[{"taxonomy":"category","embeddable":true,"href":"https:\/\/www.europesays.com\/fr\/wp-json\/wp\/v2\/categories?post=304324"},{"taxonomy":"post_tag","embeddable":true,"href":"https:\/\/www.europesays.com\/fr\/wp-json\/wp\/v2\/tags?post=304324"}],"curies":[{"name":"wp","href":"https:\/\/api.w.org\/{rel}","templated":true}]}}