{"id":304326,"date":"2025-08-08T05:05:19","date_gmt":"2025-08-08T05:05:19","guid":{"rendered":"https:\/\/www.europesays.com\/fr\/304326\/"},"modified":"2025-08-08T05:05:19","modified_gmt":"2025-08-08T05:05:19","slug":"insolite-le-meilleur-debit-internet-fixe-du-monde-se-trouve-a-lyon","status":"publish","type":"post","link":"https:\/\/www.europesays.com\/fr\/304326\/","title":{"rendered":"Insolite. Le meilleur d\u00e9bit internet fixe du monde se trouve\u2026 \u00e0 Lyon\u00a0!"},"content":{"rendered":"<p>Ce n\u2019est sans doute pas l\u00e0 qu\u2019on l\u2019attendait le plus mais elle l\u2019a fait. Lyon a \u00e9t\u00e9 d\u00e9sign\u00e9e, dans une \u00e9tude de Speedtest, comme la ville avec le meilleur haut d\u00e9bit internet fixe. Il s\u2019\u00e9tablit, en moyenne, \u00e0 347,52 M\u00e9gabits par seconde (Mbps), ce qui lui permet de d\u00e9passer, sur le podium, Abou Dabi aux \u00c9mirats Arabes Unis et Valpara\u00edso au Chili. Il faut ensuite descendre \u00e0 la 23e place pour trouver une nouvelle ville fran\u00e7aise, et pas n\u2019importe laquelle\u00a0: Paris.<\/p>\n<p>Au classement par pays, la France se dresse tout de m\u00eame au 3e , m\u00eame si elle perd une place par rapport \u00e0 l\u2019ann\u00e9e derni\u00e8re. En moyenne, elle propose un d\u00e9bit de 393,15 Mbps selon Speedtest. Elle talonne ainsi Singapour et Hong Kong et devance le Chili, les \u00c9mirats arabes unis ou encore les \u00c9tats-Unis.<\/p>\n<p>  98\u00a0% des adresses de la M\u00e9tropole de Lyon \u00e9ligibles \u00e0 la fibre<\/p>\n<p>Ces places sur le podium ne sont pas &#8211; vraiment &#8211; un hasard. Ces derni\u00e8res ann\u00e9es, la France, et plus localement le D\u00e9partement du Rh\u00f4ne et la M\u00e9tropole de Lyon, ont investi et accompagn\u00e9 les op\u00e9rateurs priv\u00e9s afin de d\u00e9velopper l\u2019acc\u00e8s \u00e0 la fibre optique. Fin 2024, <a href=\"https:\/\/www.leprogres.fr\/politique\/2024\/12\/19\/internet-60-des-rhodaniens-ont-deja-adopte-la-fibre-optique\" target=\"_blank\" rel=\"noopener\">95\u00a0% des foyers et locaux professionnels du d\u00e9partement<\/a> pouvaient se raccorder \u00e0 la fibre. D\u00e9but 2025, la M\u00e9tropole de Lyon indiquait, elle, que 98\u00a0% des adresses sur son territoire \u00e9taient raccordables \u00e0 une offre tr\u00e8s haut d\u00e9bit.<\/p>\n<p>Speedest est un outil d\u00e9velopp\u00e9 par Ookla. Il permet \u00e0 n\u2019importe qui dans le monde de tester sa connexion internet en temps r\u00e9el. L\u2019occasion, pour l\u2019entreprise, de r\u00e9colter de tr\u00e8s nombreuses donn\u00e9es sur le sujet, utilis\u00e9es notamment pour cette \u00e9tude.<\/p>\n","protected":false},"excerpt":{"rendered":"Ce n\u2019est sans doute pas l\u00e0 qu\u2019on l\u2019attendait le plus mais elle l\u2019a fait. Lyon a \u00e9t\u00e9 d\u00e9sign\u00e9e,&hellip;\n","protected":false},"author":2,"featured_media":304327,"comment_status":"","ping_status":"","sticky":false,"template":"","format":"standard","meta":{"footnotes":""},"categories":[1889],"tags":[1111,11,2430,4406,33,2757,1777,674,107,1011,27,5015,2428,2756,12,25,2429],"class_list":{"0":"post-304326","1":"post","2":"type-post","3":"status-publish","4":"format-standard","5":"has-post-thumbnail","7":"category-lyon","8":"tag-actu","9":"tag-actualites","10":"tag-auvergne-rhone-alpes","11":"tag-commerce-et-services","12":"tag-economie","13":"tag-edition-lyon-villeurbanne","14":"tag-eu","15":"tag-europe","16":"tag-fil-info","17":"tag-fr","18":"tag-france","19":"tag-innovation-et-start-up","20":"tag-lyon","21":"tag-lyon-bassin","22":"tag-news","23":"tag-republique-francaise","24":"tag-rhone"},"share_on_mastodon":{"url":"https:\/\/pubeurope.com\/@fr\/114991407010945726","error":""},"_links":{"self":[{"href":"https:\/\/www.europesays.com\/fr\/wp-json\/wp\/v2\/posts\/304326","targetHints":{"allow":["GET"]}}],"collection":[{"href":"https:\/\/www.europesays.com\/fr\/wp-json\/wp\/v2\/posts"}],"about":[{"href":"https:\/\/www.europesays.com\/fr\/wp-json\/wp\/v2\/types\/post"}],"author":[{"embeddable":true,"href":"https:\/\/www.europesays.com\/fr\/wp-json\/wp\/v2\/users\/2"}],"replies":[{"embeddable":true,"href":"https:\/\/www.europesays.com\/fr\/wp-json\/wp\/v2\/comments?post=304326"}],"version-history":[{"count":0,"href":"https:\/\/www.europesays.com\/fr\/wp-json\/wp\/v2\/posts\/304326\/revisions"}],"wp:featuredmedia":[{"embeddable":true,"href":"https:\/\/www.europesays.com\/fr\/wp-json\/wp\/v2\/media\/304327"}],"wp:attachment":[{"href":"https:\/\/www.europesays.com\/fr\/wp-json\/wp\/v2\/media?parent=304326"}],"wp:term":[{"taxonomy":"category","embeddable":true,"href":"https:\/\/www.europesays.com\/fr\/wp-json\/wp\/v2\/categories?post=304326"},{"taxonomy":"post_tag","embeddable":true,"href":"https:\/\/www.europesays.com\/fr\/wp-json\/wp\/v2\/tags?post=304326"}],"curies":[{"name":"wp","href":"https:\/\/api.w.org\/{rel}","templated":true}]}}