{"id":304328,"date":"2025-08-08T05:06:09","date_gmt":"2025-08-08T05:06:09","guid":{"rendered":"https:\/\/www.europesays.com\/fr\/304328\/"},"modified":"2025-08-08T05:06:09","modified_gmt":"2025-08-08T05:06:09","slug":"que-prevoit-bison-fute-ce-week-end-sur-les-routes-de-paris-et-dile-de-france","status":"publish","type":"post","link":"https:\/\/www.europesays.com\/fr\/304328\/","title":{"rendered":"que pr\u00e9voit Bison Fut\u00e9 ce week-end sur les routes de Paris et d&rsquo;\u00cele-de-France\u00a0?"},"content":{"rendered":"<p>            Par<br \/>\n        <strong><br \/>\n            <a href=\"https:\/\/actu.fr\/auteur\/redaction-paris\" title=\"Consulter tous les articles de R\u00e9daction Paris\" target=\"_blank\" rel=\"noopener\">R\u00e9daction Paris<\/a><br \/>\n        <\/strong><\/p>\n<p>        Publi\u00e9 le<\/p>\n<p>            8 ao\u00fbt 2025 \u00e0 6h44        <\/p>\n<p>Les vacances continuent et la m\u00e9t\u00e9o s\u2019est enfin mise au diapason. Alors que <a href=\"https:\/\/actu.fr\/ile-de-france\/paris_75056\/meteo-france-declenche-la-vigilance-canicule-a-quoi-s-attendre-a-paris-et-en-ile-de-france-a-partir-de-jeudi_63006802.html\" target=\"_blank\" rel=\"noopener\">le soleil brillera<\/a> \u00e0 Paris et en \u00cele-de-France, ce week-end du 8 au 10\u00a0ao\u00fbt 2025, certains Franciliens feront peut-\u00eatre le choix de quitter la r\u00e9gion pour rejoindre leur lieu de vill\u00e9giature. La <a href=\"https:\/\/actu.fr\/tag\/circulation\" target=\"_blank\" rel=\"noopener\">circulation<\/a> sera-t-elle <strong>fluide et agr\u00e9able<\/strong>\u2009? <a href=\"https:\/\/actu.fr\/tag\/bison-fute\" target=\"_blank\" rel=\"noopener\">Bison Fut\u00e9<\/a> a fait ses pr\u00e9visions.<\/p>\n<p>Vendredi 8\u00a0ao\u00fbt 2025<\/p>\n<p class=\" wall-content\">La journ\u00e9e sera class\u00e9e orange, soit difficile dans le sens des d\u00e9parts et vert dans celui des retours. Le d\u00e9but de journ\u00e9e sera sans encombre. Les premiers ralentissements sur les autoroutes de transit Nord-Sud \u00ab\u2009pourraient appara\u00eetre en milieu de matin\u00e9e, principalement sur les autoroutes A10 et A6 et sur les axes qui y convergent notamment l\u2019A86 et l\u2019A6b\u2009\u00bb, explique le centre national d\u2019information routi\u00e8re.<\/p>\n<p class=\" wall-content\"><strong>Les conseils de Bison Fut\u00e9\u2009:<\/strong><\/p>\n<p class=\" wall-content\">Dans le sens des d\u00e9parts\u2009:<\/p>\n<p class=\" wall-content\">\u2013 quittez ou traversez l\u2019\u00cele-de-France avant 9h ou apr\u00e8s 20h,<br \/>\u2013 \u00e9vitez l\u2019autoroute A1 entre Paris et Lille, de 17h \u00e0 19h,<br \/>\u2013 \u00e9vitez l\u2019autoroute A11 entre Chartres et Angers, de 17h \u00e0 20h,<br \/>\u2013 \u00e9vitez la route nationale RN165, entre Nantes et Quimper, de 17h \u00e0 19h,<br \/>\u2013 \u00e9vitez l\u2019autoroute A10, entre Paris et Blois, de 14h \u00e0 17h,<br \/>\u2013 \u00e9vitez l\u2019autoroute A7, entre Lyon et Orange, de 16h \u00e0 19h,<br \/>\u2013 \u00e9vitez l\u2019autoroute A71, entre Orl\u00e9ans et Bourges, de 10h \u00e0 19h.<\/p>\n<p class=\" wall-content\">Dans le sens des retours\u2009:<\/p>\n<p class=\" wall-content\">\u2013 rejoignez ou traversez l\u2019\u00cele-de-France avant 14h ou apr\u00e8s 19h,<br \/>\u2013 \u00e9vitez l\u2019autoroute A9, entre l\u2019Espagne et Montpellier, de 15h \u00e0 20h, et entre Montpellier et Orange, de 16h \u00e0 18h,<br \/>\u2013 \u00e9vitez l\u2019autoroute A8, entre l\u2019Italie et Le Luc, de 18h \u00e0 20h,<br \/>\u2013 \u00e9vitez l\u2019autoroute A7, entre Marseille et Orange, de 13h \u00e0 16h, et entre Orange et Lyon, de 14h \u00e0 19h,<br \/>\u2013 \u00e9vitez le tunnel du Mont-Blanc (N205), entre l\u2019Italie et la France, de 16h \u00e0 19h.<\/p>\n<p>Samedi 9\u00a0ao\u00fbt 2025<\/p>\n<p class=\" wall-content\">Les d\u00e9parts et d\u00e9sormais les retours seront aussi orange. La circulation sera dense d\u00e8s le d\u00e9but de la journ\u00e9e, \u00ab\u2009sur les autoroutes de transit Nord-Sud.\u2009\u00bb Attention aussi aux ralentissements sur les autoroutes A86 et A6b\u00a0qui convergent vers les autoroutes A10 et A6. \u00ab\u2009Rapidement, le trafic sur ces axes s\u2019intensifiera nettement et rendra plus difficile la circulation, les difficult\u00e9s atteignant leur maximum en fin de matin\u00e9e. D\u00e8s lors, elles diminueront progressivement et en milieu d\u2019apr\u00e8s-midi, on pourra consid\u00e9rer les difficult\u00e9s de circulation li\u00e9es aux d\u00e9parts termin\u00e9es.\u2009\u00bb<\/p>\n<p class=\" wall-content\">Dans le sens des retours, les difficult\u00e9s seront enregistr\u00e9es entre le milieu de l\u2019apr\u00e8s-midi et le d\u00e9but de soir\u00e9e.<\/p>\n<p class=\" wall-content\"><strong>Les conseils de Bison Fut\u00e9\u2009:<\/strong><\/p>\n<p class=\" wall-content\">Dans le sens des d\u00e9parts<\/p>\n<p class=\" wall-content\">\u2013 quittez ou traversez l\u2019\u00cele-de-France avant 5h ou apr\u00e8s 15h,<br \/>\u2013 \u00e9vitez l\u2019autoroute A13, entre Paris et Rouen, de 11h \u00e0 13h, et entre Rouen et Caen, de 10h \u00e0 14h,<br \/>\u2013 \u00e9vitez la route nationale RN165, entre Nantes et Quimper, de 12h \u00e0 19h,<br \/>\u2013 \u00e9vitez l\u2019autoroute A10, entre Paris et Poitiers, de 9h \u00e0 11h, et entre Poitiers et Bordeaux, de 11h \u00e0 19h,<br \/>\u2013 \u00e9vitez l\u2019autoroute A63, entre Bordeaux et Bayonne, de 10h \u00e0 19h,<br \/>\u2013 \u00e9vitez l\u2019autoroute A7, entre Lyon et Orange, de 6h \u00e0 17h, et entre Orange et Marseille, de 15h \u00e0 17h,<br \/>\u2013 \u00e9vitez l\u2019autoroute A75, entre Clermont-Ferrand et B\u00e9ziers, de 9h \u00e0 17h,<br \/>\u2013 \u00e9vitez le tunnel du Mont-Blanc (N205), entre la France et l\u2019Italie, de 10h \u00e0 16h.<\/p>\n<p class=\" wall-content\">Dans le sens des retours\u2009:<\/p>\n<p class=\" wall-content\">\u2013 rejoignez ou traversez l\u2019\u00cele-de-France avant 13h ou apr\u00e8s 19h,<br \/>\u2013 \u00e9vitez l\u2019autoroute A10, entre Bordeaux et Poitiers, de 13h \u00e0 16h,<br \/>\u2013 \u00e9vitez l\u2019autoroute A20, entre Brive-la-Gaillarde et Limoges, de 11h \u00e0 13h,<br \/>\u2013 \u00e9vitez l\u2019autoroute A11, entre Nantes et Angers, de 8h \u00e0 19h, entre Angers et Le\u00a0Mans, de 8h \u00e0 17h, et entre Le\u00a0Mans et Paris, de 14h \u00e0 16h,<br \/>\u2013 \u00e9vitez la route nationale RN165, entre Quimper et Nantes, de 9h \u00e0 16h,<br \/>\u2013 \u00e9vitez l\u2019autoroute A7, entre Marseille et Orange, de 11h \u00e0 16h, et entre Orange et Lyon, de 12h \u00e0 19h,<br \/>\u2013 \u00e9vitez l\u2019autoroute A71, entre Clermont-Ferrand et Orl\u00e9ans, de 8h \u00e0 19h,<br \/>\u2013 \u00e9vitez le tunnel du Mont-Blanc (N205), entre l\u2019Italie et la France, de 15h \u00e0 19h,<\/p>\n<p>Dimanche 10\u00a0ao\u00fbt 2025<\/p>\n<p class=\" wall-content\">Comme souvent, les dimanches sont les jours \u00e0 privil\u00e9gier pour prendre la route\u2009: journ\u00e9e verte dans le sens des d\u00e9parts et des retours, annonce l\u2019observateur des routes de France.<\/p>\n<p class=\" wall-content\"><strong>Les conseils de Bison Fut\u00e9\u2009:<\/strong><\/p>\n<p class=\" wall-content\">Dans le sens des d\u00e9parts<\/p>\n<p class=\" wall-content\">\u2013 quittez ou traversez l\u2019\u00cele-de-France avant 13h ou apr\u00e8s 21h,<br \/>\u2013 \u00e9vitez l\u2019autoroute A10, entre Tours et Poitiers, de 10h \u00e0 13h, et entre Poitiers et Bordeaux, de 8h \u00e0 19h,<br \/>\u2013 \u00e9vitez l\u2019autoroute A7, entre Lyon et Orange, de 15h \u00e0 18h,<br \/>\u2013 \u00e9vitez l\u2019autoroute A62, entre Bordeaux et Toulouse, de 13h \u00e0 21h.<\/p>\n<p class=\" wall-content\">Dans le sens des retours<\/p>\n<p class=\" wall-content\">\u2013 rejoignez ou traversez l\u2019\u00cele-de-France avant 13h ou apr\u00e8s 21h,<br \/>\u2013 \u00e9vitez l\u2019autoroute A9, entre l\u2019Espagne et Narbonne, de 11h \u00e0 18h, et entre Montpellier et Orange, de 16h \u00e0 21h,<br \/>\u2013 \u00e9vitez l\u2019autoroute A8, entre l\u2019Italie et le Luc, de 8h \u00e0 22h,<br \/>\u2013 \u00e9vitez l\u2019autoroute A7, entre Orange et Lyon, de 11h \u00e0 16h,<br \/>\u2013 \u00e9vitez l\u2019autoroute A75, entre B\u00e9ziers et Clermont-Ferrand, de 11h \u00e0 13h,<br \/>\u2013 \u00e9vitez le tunnel du Mont-Blanc (N205), entre l\u2019Italie et la France, de 15h \u00e0 19h.<\/p>\n<p class=\" wall-content\">Suivez toute l\u2019actualit\u00e9 de vos villes et m\u00e9dias favoris en vous inscrivant \u00e0 <a href=\"https:\/\/moncompte.actu.fr\" title=\"D\u00e9couvez Mon Actu\" rel=\"nofollow noopener\" data-trk=\"{&quot;cta&quot;:{&quot;action&quot;:&quot;https:\\\/\\\/moncompte.actu.fr&quot;,&quot;category&quot;:&quot;mon compte&quot;,&quot;from&quot;:&quot;article footer&quot;,&quot;name&quot;:&quot;Mon actu&quot;,&quot;type&quot;:&quot;cta&quot;}}\" target=\"_blank\">Mon Actu<\/a>.<\/p>\n","protected":false},"excerpt":{"rendered":"Par R\u00e9daction Paris Publi\u00e9 le 8 ao\u00fbt 2025 \u00e0 6h44 Les vacances continuent et la m\u00e9t\u00e9o s\u2019est enfin&hellip;\n","protected":false},"author":2,"featured_media":304329,"comment_status":"","ping_status":"","sticky":false,"template":"","format":"standard","meta":{"footnotes":""},"categories":[1592],"tags":[1111,11,6427,3542,1777,674,1011,27,662,12,626,25,104,2803],"class_list":{"0":"post-304328","1":"post","2":"type-post","3":"status-publish","4":"format-standard","5":"has-post-thumbnail","7":"category-ile-de-france","8":"tag-actu","9":"tag-actualites","10":"tag-bison-fute","11":"tag-circulation","12":"tag-eu","13":"tag-europe","14":"tag-fr","15":"tag-france","16":"tag-ile-de-france","17":"tag-news","18":"tag-paris","19":"tag-republique-francaise","20":"tag-societe","21":"tag-transport"},"share_on_mastodon":{"url":"https:\/\/pubeurope.com\/@fr\/114991410912206141","error":""},"_links":{"self":[{"href":"https:\/\/www.europesays.com\/fr\/wp-json\/wp\/v2\/posts\/304328","targetHints":{"allow":["GET"]}}],"collection":[{"href":"https:\/\/www.europesays.com\/fr\/wp-json\/wp\/v2\/posts"}],"about":[{"href":"https:\/\/www.europesays.com\/fr\/wp-json\/wp\/v2\/types\/post"}],"author":[{"embeddable":true,"href":"https:\/\/www.europesays.com\/fr\/wp-json\/wp\/v2\/users\/2"}],"replies":[{"embeddable":true,"href":"https:\/\/www.europesays.com\/fr\/wp-json\/wp\/v2\/comments?post=304328"}],"version-history":[{"count":0,"href":"https:\/\/www.europesays.com\/fr\/wp-json\/wp\/v2\/posts\/304328\/revisions"}],"wp:featuredmedia":[{"embeddable":true,"href":"https:\/\/www.europesays.com\/fr\/wp-json\/wp\/v2\/media\/304329"}],"wp:attachment":[{"href":"https:\/\/www.europesays.com\/fr\/wp-json\/wp\/v2\/media?parent=304328"}],"wp:term":[{"taxonomy":"category","embeddable":true,"href":"https:\/\/www.europesays.com\/fr\/wp-json\/wp\/v2\/categories?post=304328"},{"taxonomy":"post_tag","embeddable":true,"href":"https:\/\/www.europesays.com\/fr\/wp-json\/wp\/v2\/tags?post=304328"}],"curies":[{"name":"wp","href":"https:\/\/api.w.org\/{rel}","templated":true}]}}