{"id":304330,"date":"2025-08-08T05:08:09","date_gmt":"2025-08-08T05:08:09","guid":{"rendered":"https:\/\/www.europesays.com\/fr\/304330\/"},"modified":"2025-08-08T05:08:09","modified_gmt":"2025-08-08T05:08:09","slug":"agrandissement-serre-a-paris-les-coproprietaires-de-la-tour-montparnasse-mettent-la-main-a-la-poche","status":"publish","type":"post","link":"https:\/\/www.europesays.com\/fr\/304330\/","title":{"rendered":"Agrandissement, serre&#8230; \u00c0 Paris, les copropri\u00e9taires de la tour Montparnasse mettent la main \u00e0 la poche"},"content":{"rendered":"<p>            Par<br \/>\n        <strong><br \/>\n            <a href=\"https:\/\/actu.fr\/auteur\/ines-cussac-actu-fr\" title=\"Consulter tous les articles de In\u00e8s Cussac\" target=\"_blank\" rel=\"noopener\">In\u00e8s Cussac<\/a><br \/>\n        <\/strong><\/p>\n<p>        Publi\u00e9 le<\/p>\n<p>            8 ao\u00fbt 2025 \u00e0 6h08        <\/p>\n<p>Redessiner une tour de 209\u00a0m\u00e8tres de hauteur et lourde de 130\u2009000\u00a0tonnes n\u2019est pas sans contrainte. Avant de lancer <strong>les grands travaux de r\u00e9habilitation<\/strong> de <a href=\"https:\/\/actu.fr\/ile-de-france\/paris_75056\/surelevation-serre-urbaine-hotel-a-quoi-ressemblera-la-tour-montparnasse-de-demain_59741265.html\" target=\"_blank\" rel=\"noopener\">la tour Montparnasse<\/a>, les copropri\u00e9taires avaient rendez-vous mardi 29\u00a0juillet 2025. Une assembl\u00e9e g\u00e9n\u00e9rale \u00e9tait organis\u00e9e afin de voter le budget n\u00e9cessaire au projet. Selon une information du <a href=\"https:\/\/www.lefigaro.fr\/conjoncture\/tour-montparnasse-une-rehabilitation-a-624-millions-d-euros-une-terrasse-tres-disputee-et-du-rififi-a-presque-tous-les-etages-20250724\" target=\"_blank\" rel=\"noopener\">Figaro<\/a>, pas moins de 624\u00a0millions d\u2019euros (HT) vont \u00eatre investis dans ce chantier hors norme.<\/p>\n<p>Le d\u00e9but des travaux retard\u00e9<\/p>\n<p class=\" wall-content\">Malgr\u00e9 les recours d\u2019associations de riverains et de d\u00e9fenseurs du patrimoine, le permis de construire d\u00e9livr\u00e9 une premi\u00e8re fois en 2019 avait \u00e9t\u00e9 repris en 2023. Quelques ajustements ont \u00e9t\u00e9 n\u00e9cessaires avant de s\u2019embarquer dans quatre ans de travaux. \u00c0 commencer par la hauteur du b\u00e2timent. Au lieu de 22\u00a0m\u00e8tres de sur\u00e9l\u00e9vation, le nouveau plan autorise <strong>onze m\u00e8tres au maximum<\/strong>. Ce changement pr\u00e9voit l\u2019installation d\u2019une serre en haut du gratte-ciel. \u00ab\u2009\u00c7a sera la serre la plus ch\u00e8re de France\u2009\u00bb, selon Fr\u00e9d\u00e9ric Lemos. Le pr\u00e9sident du conseil syndical n\u2019a pas pr\u00e9cis\u00e9 le contenu de cet espace sous verre mais il devrait \u00eatre \u00ab\u2009un peu plus original que les tomates et les pommes\u2009\u00bb.<\/p>\n<p class=\" wall-content\">De nouveaux am\u00e9nagements doivent aussi permettre d\u2019installer un jardin suspendu au 15e \u00e9tage par exemple. Ils offriront surtout <strong>10\u2009000\u00a0m\u00e8tres carr\u00e9s suppl\u00e9mentaires<\/strong>, soit 10\u2009% de surface en plus, gr\u00e2ce \u00e0 une \u00ab\u2009double peau\u2009\u00bb d\u00e9ploy\u00e9e autour de certaines parties de l\u2019immeuble.<\/p>\n<p class=\" wall-content\">Si la surface a \u00e9t\u00e9 revue \u00e0 la hausse, les co\u00fbts ont eux \u00e9t\u00e9 diminu\u00e9s de 100\u00a0millions d\u2019euros en r\u00e9duisant les d\u00e9penses li\u00e9es aux \u00e9l\u00e9ments de d\u00e9coration notamment. Ainsi, les lustres du hall ne seront finalement pas produits avec le verre des parois actuelles par exemple.<\/p>\n<p class=\" wall-content\">Mercredi 2\u00a0juillet, le Conseil de Paris avait par ailleurs vot\u00e9 un protocole d\u2019accord avec les copropri\u00e9taires de l\u2019Ensemble immobilier de la tour Maine-Montparnasse (EITMM) pour engager la transformation du centre commercial.<\/p>\n<p class=\" wall-content\">Alors que les travaux devaient d\u00e9buter avant la fin de l\u2019ann\u00e9e 2025, ils ne seront finalement pas lanc\u00e9s avant<strong> mars\u00a02026.<\/strong><\/p>\n<p class=\" wall-content\">Suivez toute l\u2019actualit\u00e9 de vos villes et m\u00e9dias favoris en vous inscrivant \u00e0 <a href=\"https:\/\/moncompte.actu.fr\" title=\"D\u00e9couvez Mon Actu\" rel=\"nofollow noopener\" data-trk=\"{&quot;cta&quot;:{&quot;action&quot;:&quot;https:\\\/\\\/moncompte.actu.fr&quot;,&quot;category&quot;:&quot;mon compte&quot;,&quot;from&quot;:&quot;article footer&quot;,&quot;name&quot;:&quot;Mon actu&quot;,&quot;type&quot;:&quot;cta&quot;}}\" target=\"_blank\">Mon Actu<\/a>.<\/p>\n","protected":false},"excerpt":{"rendered":"Par In\u00e8s Cussac Publi\u00e9 le 8 ao\u00fbt 2025 \u00e0 6h08 Redessiner une tour de 209\u00a0m\u00e8tres de hauteur et&hellip;\n","protected":false},"author":2,"featured_media":304331,"comment_status":"","ping_status":"","sticky":false,"template":"","format":"standard","meta":{"footnotes":""},"categories":[1888],"tags":[1111,1928,11,1927,1777,674,1011,27,11674,12,1926,626,1925,25,104,2086],"class_list":{"0":"post-304330","1":"post","2":"type-post","3":"status-publish","4":"format-standard","5":"has-post-thumbnail","7":"category-paris","8":"tag-actu","9":"tag-actu-paris","10":"tag-actualites","11":"tag-actualites-paris","12":"tag-eu","13":"tag-europe","14":"tag-fr","15":"tag-france","16":"tag-montparnasse","17":"tag-news","18":"tag-news-paris","19":"tag-paris","20":"tag-paris-news","21":"tag-republique-francaise","22":"tag-societe","23":"tag-travaux"},"share_on_mastodon":{"url":"https:\/\/pubeurope.com\/@fr\/114991419215446040","error":""},"_links":{"self":[{"href":"https:\/\/www.europesays.com\/fr\/wp-json\/wp\/v2\/posts\/304330","targetHints":{"allow":["GET"]}}],"collection":[{"href":"https:\/\/www.europesays.com\/fr\/wp-json\/wp\/v2\/posts"}],"about":[{"href":"https:\/\/www.europesays.com\/fr\/wp-json\/wp\/v2\/types\/post"}],"author":[{"embeddable":true,"href":"https:\/\/www.europesays.com\/fr\/wp-json\/wp\/v2\/users\/2"}],"replies":[{"embeddable":true,"href":"https:\/\/www.europesays.com\/fr\/wp-json\/wp\/v2\/comments?post=304330"}],"version-history":[{"count":0,"href":"https:\/\/www.europesays.com\/fr\/wp-json\/wp\/v2\/posts\/304330\/revisions"}],"wp:featuredmedia":[{"embeddable":true,"href":"https:\/\/www.europesays.com\/fr\/wp-json\/wp\/v2\/media\/304331"}],"wp:attachment":[{"href":"https:\/\/www.europesays.com\/fr\/wp-json\/wp\/v2\/media?parent=304330"}],"wp:term":[{"taxonomy":"category","embeddable":true,"href":"https:\/\/www.europesays.com\/fr\/wp-json\/wp\/v2\/categories?post=304330"},{"taxonomy":"post_tag","embeddable":true,"href":"https:\/\/www.europesays.com\/fr\/wp-json\/wp\/v2\/tags?post=304330"}],"curies":[{"name":"wp","href":"https:\/\/api.w.org\/{rel}","templated":true}]}}