{"id":304337,"date":"2025-08-08T05:12:08","date_gmt":"2025-08-08T05:12:08","guid":{"rendered":"https:\/\/www.europesays.com\/fr\/304337\/"},"modified":"2025-08-08T05:12:08","modified_gmt":"2025-08-08T05:12:08","slug":"dans-un-premier-temps-donald-trump-veut-montre-que-seuls-les-usa-sont-en-situation-de-negocier-une-paix-explique-patrick-martin-genier-specialiste-des-questions-europeennes","status":"publish","type":"post","link":"https:\/\/www.europesays.com\/fr\/304337\/","title":{"rendered":"\u00ab\u00a0Dans un premier temps Donald Trump veut montre que seuls les USA sont en situation de n\u00e9gocier une paix\u00a0\u00bb, explique Patrick Martin-Genier, sp\u00e9cialiste des questions europ\u00e9ennes"},"content":{"rendered":"<p>L&rsquo;Ukraine mis de c\u00f4t\u00e9 dans la rencontre USA\/Russie: \u00ab\u00a0Dans un premier temps Donald Trump veut montre que seuls les USA sont en situation de n\u00e9gocier une paix\u00a0\u00bb, explique Patrick Martin-Genier, sp\u00e9cialiste des questions europ\u00e9ennesSur le m\u00eame sujet<a href=\"https:\/\/rmc.bfmtv.com\/actualites\/international\/video-l-ukraine-mis-de-cote-dans-la-rencontre-usa-russie-dans-un-premier-temps-donald-trump-veut-montre-que-seuls-les-usa-sont-en-situation-de-negocier-une-paix-explique-patrick-martin-genier-specialiste-des-questions-europeennes_VN-202508080080.html\" title=\"L&#039;Ukraine mis de c\u00f4t\u00e9 dans la rencontre USA\/Russie: &quot;Dans un premier temps Donald Trump veut montre que seuls les USA sont en situation de n\u00e9gocier une paix&quot;, explique Patrick Martin-Genier, sp\u00e9cialiste des questions europ\u00e9ennes\" rel=\"nofollow noopener\" target=\"_blank\"><img width=\"16\" height=\"9\" class=\"lozad\"  alt=\"L'Ukraine mis de c\u00f4t\u00e9 dans la rencontre USA\/Russie: &quot;Dans un premier temps Donald Trump veut montre que seuls les USA sont en situation de n\u00e9gocier une paix&quot;, explique Patrick Martin-Genier, sp\u00e9cialiste des questions europ\u00e9ennes\"\/>en lectureL&rsquo;Ukraine mis de c\u00f4t\u00e9 dans la rencontre USA\/Russie: \u00ab\u00a0Dans un premier temps Donald Trump veut montre que seuls les USA sont en situation de n\u00e9gocier une paix\u00a0\u00bb, explique Patrick Martin-Genier, sp\u00e9cialiste des questions europ\u00e9ennes<\/a><a href=\"https:\/\/rmc.bfmtv.com\/actualites\/international\/video-rencontre-poutine-trump-a-partir-du-moment-ou-poutine-accepte-le-principe-meme-d-une-rencontre-avec-les-usa-une-poignee-de-main-serait-historique-indique-patrick-martin-genier-specialiste-des-questions-europeennes_VN-202508080073.html\" title=\"Rencontre Poutine-Trump? &quot;\u00c0 partir du moment o\u00f9 Poutine accepte le principe m\u00eame d&#039;une rencontre avec les USA, (...) une poign\u00e9e de main serait historique&quot;, indique  Patrick Martin-Genier, sp\u00e9cialiste des questions europ\u00e9ennes\" rel=\"nofollow noopener\" target=\"_blank\"><img width=\"16\" height=\"9\" class=\"lozad\"  alt=\"Rencontre Poutine-Trump? &quot;\u00c0 partir du moment o\u00f9 Poutine accepte le principe m\u00eame d'une rencontre avec les USA, (...) une poign\u00e9e de main serait historique&quot;, indique  Patrick Martin-Genier, sp\u00e9cialiste des questions europ\u00e9ennes\"\/>1:12Rencontre Poutine-Trump? \u00ab\u00a0\u00c0 partir du moment o\u00f9 Poutine accepte le principe m\u00eame d&rsquo;une rencontre avec les USA, (&#8230;) une poign\u00e9e de main serait historique\u00a0\u00bb, indique Patrick Martin-Genier, sp\u00e9cialiste des questions europ\u00e9ennes<\/a><a href=\"https:\/\/rmc.bfmtv.com\/replay-emissions\/apolline-matin\/video-3-questions-pour-comprendre-guerre-en-ukraine-un-cessez-le-feu-est-il-possible-08-08_VN-202508080072.html\" title=\"3 questions pour comprendre : Guerre en Ukraine, un cessez-le-feu est-il possible ? - 08\/08\" rel=\"nofollow noopener\" target=\"_blank\"><img width=\"16\" height=\"9\" class=\"lozad\"  alt=\"3 questions pour comprendre : Guerre en Ukraine, un cessez-le-feu est-il possible ? - 08\/08\"\/>4:053 questions pour comprendre : Guerre en Ukraine, un cessez-le-feu est-il possible ? &#8211; 08\/08<\/a><a href=\"https:\/\/rmc.bfmtv.com\/actualites\/international\/video-le-pont-de-messine-un-projet-emblematique-visant-a-relier-la-sicile-a-la-calabre-va-enfin-voir-le-jour_VN-202508070144.html\" title=\" Le pont de Messine, un projet embl\u00e9matique visant \u00e0 relier la Sicile \u00e0 la Calabre va enfin voir le jour\" rel=\"nofollow noopener\" target=\"_blank\"><img width=\"16\" height=\"9\" class=\"lozad\"  alt=\" Le pont de Messine, un projet embl\u00e9matique visant \u00e0 relier la Sicile \u00e0 la Calabre va enfin voir le jour\"\/>3:40Le pont de Messine, un projet embl\u00e9matique visant \u00e0 relier la Sicile \u00e0 la Calabre va enfin voir le jour<\/a><a href=\"https:\/\/rmc.bfmtv.com\/actualites\/international\/video-algerie-c-est-la-premiere-fois-que-le-president-de-la-republique-decide-de-suspendre-un-accord-avec-le-pays-dit-noelle-lenoir-presidente-du-comite-de-soutien-a-boualem-sansal-ancienne-ministre_VN-202508070139.html\" title=\"Alg\u00e9rie: &quot;C&#039;est la premi\u00e8re fois que le pr\u00e9sident de la R\u00e9publique d\u00e9cide de suspendre un accord avec le pays&quot;, dit No\u00eblle Lenoir, pr\u00e9sidente du comit\u00e9 de soutien \u00e0 Boualem Sansal, ancienne ministre\" rel=\"nofollow noopener\" target=\"_blank\"><img width=\"16\" height=\"9\" class=\"lozad\"  alt=\"Alg\u00e9rie: &quot;C'est la premi\u00e8re fois que le pr\u00e9sident de la R\u00e9publique d\u00e9cide de suspendre un accord avec le pays&quot;, dit No\u00eblle Lenoir, pr\u00e9sidente du comit\u00e9 de soutien \u00e0 Boualem Sansal, ancienne ministre\"\/>2:52Alg\u00e9rie: \u00ab\u00a0C&rsquo;est la premi\u00e8re fois que le pr\u00e9sident de la R\u00e9publique d\u00e9cide de suspendre un accord avec le pays\u00a0\u00bb, dit No\u00eblle Lenoir, pr\u00e9sidente du comit\u00e9 de soutien \u00e0 Boualem Sansal, ancienne ministre<\/a><a href=\"https:\/\/rmc.bfmtv.com\/replay-emissions\/apolline-matin\/video-l-humeur-de-victor-suisse-un-randonneur-cree-le-tinder-des-montagnes-07-08_VN-202508070138.html\" title=\"L&#039;humeur de Victor : Suisse, un randonneur cr\u00e9e le Tinder des montagnes - 07\/08\" rel=\"nofollow noopener\" target=\"_blank\"><img width=\"16\" height=\"9\" class=\"lozad\"  alt=\"L'humeur de Victor : Suisse, un randonneur cr\u00e9e le Tinder des montagnes - 07\/08\"\/>2:06L&rsquo;humeur de Victor : Suisse, un randonneur cr\u00e9e le Tinder des montagnes &#8211; 07\/08<\/a><a href=\"https:\/\/rmc.bfmtv.com\/actualites\/international\/video-boualem-sansal-on-a-des-nouvelles-episodiques-on-sait-que-ca-ne-va-pas-indique-noelle-lenoir-presidente-du-comite-de-soutien-a-l-ecrivain-et-ancienne-ministre_VN-202508070134.html\" title=\"Boualem Sansal : &quot;On a des nouvelles \u00e9pisodiques (...), on sait que \u00e7a ne va pas&quot;, indique No\u00eblle Lenoir, pr\u00e9sidente du comit\u00e9 de soutien \u00e0 l&#039;\u00e9crivain et ancienne ministre\" rel=\"nofollow noopener\" target=\"_blank\"><img width=\"16\" height=\"9\" class=\"lozad\"  alt=\"Boualem Sansal : &quot;On a des nouvelles \u00e9pisodiques (...), on sait que \u00e7a ne va pas&quot;, indique No\u00eblle Lenoir, pr\u00e9sidente du comit\u00e9 de soutien \u00e0 l'\u00e9crivain et ancienne ministre\"\/>0:35Boualem Sansal : \u00ab\u00a0On a des nouvelles \u00e9pisodiques (&#8230;), on sait que \u00e7a ne va pas\u00a0\u00bb, indique No\u00eblle Lenoir, pr\u00e9sidente du comit\u00e9 de soutien \u00e0 l&rsquo;\u00e9crivain et ancienne ministre<\/a><a href=\"https:\/\/rmc.bfmtv.com\/actualites\/international\/video-algerie-macron-durcit-le-ton-il-etait-temps-on-a-pris-enormement-de-retard-declare-noelle-lenoir-presidente-du-comite-de-soutien-a-boualem-sansal_VN-202508070124.html\" title=\"Alg\u00e9rie: Macron durcit le ton : &quot;Il \u00e9tait temps, on a pris \u00e9norm\u00e9ment de retard&quot;, d\u00e9clare No\u00eblle Lenoir, pr\u00e9sidente du comit\u00e9 de soutien \u00e0 Boualem Sansal\" rel=\"nofollow noopener\" target=\"_blank\"><img width=\"16\" height=\"9\" class=\"lozad\"  alt=\"Alg\u00e9rie: Macron durcit le ton : &quot;Il \u00e9tait temps, on a pris \u00e9norm\u00e9ment de retard&quot;, d\u00e9clare No\u00eblle Lenoir, pr\u00e9sidente du comit\u00e9 de soutien \u00e0 Boualem Sansal\"\/>2:43Alg\u00e9rie: Macron durcit le ton : \u00ab\u00a0Il \u00e9tait temps, on a pris \u00e9norm\u00e9ment de retard\u00a0\u00bb, d\u00e9clare No\u00eblle Lenoir, pr\u00e9sidente du comit\u00e9 de soutien \u00e0 Boualem Sansal<\/a><a href=\"https:\/\/rmc.bfmtv.com\/actualites\/international\/video-france-algerie-emmanuel-macron-reclame-plus-de-fermete_VN-202508070111.html\" title=\"France\/Alg\u00e9rie : Emmanuel Macron r\u00e9clame plus de &quot;fermet\u00e9&quot;\" rel=\"nofollow noopener\" target=\"_blank\"><img width=\"16\" height=\"9\" class=\"lozad\"  alt=\"France\/Alg\u00e9rie : Emmanuel Macron r\u00e9clame plus de &quot;fermet\u00e9&quot;\"\/>1:24France\/Alg\u00e9rie : Emmanuel Macron r\u00e9clame plus de \u00ab\u00a0fermet\u00e9\u00a0\u00bb<\/a><a href=\"https:\/\/rmc.bfmtv.com\/actualites\/international\/video-en-suisse-un-randonneur-cree-le-tinder-des-montagnes_VN-202508070109.html\" title=\" En Suisse, un randonneur cr\u00e9e le Tinder des montagnes\" rel=\"nofollow noopener\" target=\"_blank\"><img width=\"16\" height=\"9\" class=\"lozad\"  alt=\" En Suisse, un randonneur cr\u00e9e le Tinder des montagnes\"\/>2:10En Suisse, un randonneur cr\u00e9e le Tinder des montagnes<\/a><a href=\"https:\/\/rmc.bfmtv.com\/actualites\/international\/video-guerre-en-ukraine-vers-une-rencontre-entre-trump-et-poutine_VN-202508070090.html\" title=\"Guerre en Ukraine : vers une rencontre entre Trump et Poutine ?\" rel=\"nofollow noopener\" target=\"_blank\"><img width=\"16\" height=\"9\" class=\"lozad\"  alt=\"Guerre en Ukraine : vers une rencontre entre Trump et Poutine ?\"\/>0:42Guerre en Ukraine : vers une rencontre entre Trump et Poutine ?<\/a><a href=\"https:\/\/rmc.bfmtv.com\/actualites\/international\/video-le-dossier-complique-le-titan-une-boite-de-conserve-a-l-assaut-du-titanic_VN-202508060121.html\" title=\" LE DOSSIER COMPLIQU\u00c9 : le Titan, une bo\u00eete de conserve \u00e0 l&#039;assaut du Titanic\" rel=\"nofollow noopener\" target=\"_blank\"><img width=\"16\" height=\"9\" class=\"lozad\"  alt=\" LE DOSSIER COMPLIQU\u00c9 : le Titan, une bo\u00eete de conserve \u00e0 l'assaut du Titanic\"\/>4:00LE DOSSIER COMPLIQU\u00c9 : le Titan, une bo\u00eete de conserve \u00e0 l&rsquo;assaut du Titanic<\/a><a href=\"https:\/\/rmc.bfmtv.com\/actualites\/international\/video-gaza-benyamin-netanyahou-pret-a-prendre-le-controle-total_VN-202508060084.html\" title=\"Gaza : Benyamin Netanyahou pr\u00eat \u00e0 prendre le contr\u00f4le total ?\" rel=\"nofollow noopener\" target=\"_blank\"><img width=\"16\" height=\"9\" class=\"lozad\"  alt=\"Gaza : Benyamin Netanyahou pr\u00eat \u00e0 prendre le contr\u00f4le total ?\"\/>0:35Gaza : Benyamin Netanyahou pr\u00eat \u00e0 prendre le contr\u00f4le total ?<\/a><a href=\"https:\/\/rmc.bfmtv.com\/actualites\/international\/video-shon-weissman-un-footballeur-israelien-evince-d-un-club-allemand-pour-ses-propos-anti-palestiniens_VN-202508060074.html\" title=\"Shon Weissman, un footballeur isra\u00e9lien \u00e9vinc\u00e9 d\u2019un club allemand pour ses propos anti palestiniens\" rel=\"nofollow noopener\" target=\"_blank\"><img width=\"16\" height=\"9\" class=\"lozad\"  alt=\"Shon Weissman, un footballeur isra\u00e9lien \u00e9vinc\u00e9 d\u2019un club allemand pour ses propos anti palestiniens\"\/>2:25Shon Weissman, un footballeur isra\u00e9lien \u00e9vinc\u00e9 d\u2019un club allemand pour ses propos anti palestiniens<\/a><a class=\"jumpToVideo\" target=\"_blank\"><img class=\"thumbnailPreview\"\/><\/a><\/p>\n","protected":false},"excerpt":{"rendered":"L&rsquo;Ukraine mis de c\u00f4t\u00e9 dans la rencontre USA\/Russie: \u00ab\u00a0Dans un premier temps Donald Trump veut montre que seuls&hellip;\n","protected":false},"author":2,"featured_media":304338,"comment_status":"","ping_status":"","sticky":false,"template":"","format":"standard","meta":{"footnotes":""},"categories":[1591],"tags":[11,1887,12,1885,1886,132],"class_list":{"0":"post-304337","1":"post","2":"type-post","3":"status-publish","4":"format-standard","5":"has-post-thumbnail","7":"category-russie","8":"tag-actualites","9":"tag-federation-de-russie","10":"tag-news","11":"tag-russia","12":"tag-russian-federation","13":"tag-russie"},"share_on_mastodon":{"url":"https:\/\/pubeurope.com\/@fr\/114991434499573804","error":""},"_links":{"self":[{"href":"https:\/\/www.europesays.com\/fr\/wp-json\/wp\/v2\/posts\/304337","targetHints":{"allow":["GET"]}}],"collection":[{"href":"https:\/\/www.europesays.com\/fr\/wp-json\/wp\/v2\/posts"}],"about":[{"href":"https:\/\/www.europesays.com\/fr\/wp-json\/wp\/v2\/types\/post"}],"author":[{"embeddable":true,"href":"https:\/\/www.europesays.com\/fr\/wp-json\/wp\/v2\/users\/2"}],"replies":[{"embeddable":true,"href":"https:\/\/www.europesays.com\/fr\/wp-json\/wp\/v2\/comments?post=304337"}],"version-history":[{"count":0,"href":"https:\/\/www.europesays.com\/fr\/wp-json\/wp\/v2\/posts\/304337\/revisions"}],"wp:featuredmedia":[{"embeddable":true,"href":"https:\/\/www.europesays.com\/fr\/wp-json\/wp\/v2\/media\/304338"}],"wp:attachment":[{"href":"https:\/\/www.europesays.com\/fr\/wp-json\/wp\/v2\/media?parent=304337"}],"wp:term":[{"taxonomy":"category","embeddable":true,"href":"https:\/\/www.europesays.com\/fr\/wp-json\/wp\/v2\/categories?post=304337"},{"taxonomy":"post_tag","embeddable":true,"href":"https:\/\/www.europesays.com\/fr\/wp-json\/wp\/v2\/tags?post=304337"}],"curies":[{"name":"wp","href":"https:\/\/api.w.org\/{rel}","templated":true}]}}