{"id":304339,"date":"2025-08-08T05:13:11","date_gmt":"2025-08-08T05:13:11","guid":{"rendered":"https:\/\/www.europesays.com\/fr\/304339\/"},"modified":"2025-08-08T05:13:11","modified_gmt":"2025-08-08T05:13:11","slug":"trump-pret-a-rencontrer-poutine-meme-sans-dialogue-prealable-entre-le-kremlin-et-zelensky","status":"publish","type":"post","link":"https:\/\/www.europesays.com\/fr\/304339\/","title":{"rendered":"Trump pr\u00eat \u00e0 rencontrer Poutine m\u00eame sans dialogue pr\u00e9alable entre le Kremlin et Zelensky\u2026"},"content":{"rendered":"<p>Le r\u00e9cap&rsquo; d\u2019hier<\/p>\n<p>20 Minutes fait le point pour vous tous les soirs sur le conflit. Ce jeudi, les avanc\u00e9es pour une rencontre en Donald Trump, Vladimir Poutine et Volodymyr Zelensky\u00a0; l\u2019Italie se fait taper sur les doigts par Moscou qui l\u2019accuse de promouvoir un sentiment \u00ab\u00a0antirusse\u00a0\u00bb et le Kremlin d\u00e9roule le tapis rouge \u00e0 l\u2019Inde, deuxi\u00e8me acheteur de p\u00e9trole russe apr\u00e8s la Chine. Pour en savoir plus, c\u2019est par ici\u00a0:<\/p>\n<p><img decoding=\"async\" class=\"c-img c-read-also__visual\" alt=\"Guerre en Ukraine\u00a0: Rencontre imminente entre Trump et Poutine et accusation de russophobie envers l\u2019Italie\" loading=\"eager\" width=\"110\" height=\"70\"  src=\"https:\/\/img.20mn.fr\/OdixxSYUT7KFB6z01QjPMCk\/110x70\" \/>Trump pr\u00eat \u00e0 rencontrer Poutine m\u00eame sans dialogue pr\u00e9alable entre le Kremlin et Volodymyr Zelensky<\/p>\n<p>Jeudi, Donald Trump s\u2019est dit pr\u00eat \u00e0 rencontrer Vladimir Poutine pour tenter de mettre fin \u00e0 la guerre en Ukraine, m\u00eame en l\u2019absence de dialogue entre le Kremlin et le pr\u00e9sident ukrainien. Interrog\u00e9 dans le Bureau ovale sur la n\u00e9cessit\u00e9 d\u2019un \u00e9change pr\u00e9alable entre Poutine et Zelensky, le pr\u00e9sident am\u00e9ricain a r\u00e9pondu\u00a0: \u00ab\u00a0Non.\u00a0\u00bb Et d\u2019ajouter\u00a0: \u00ab\u00a0Les deux dirigeants aimeraient me rencontrer, et je ferai tout ce que je peux pour arr\u00eater la tuerie\u00a0\u00bb, a-t-il ajout\u00e9.<\/p>\n<p>Bonjour, et bienvenue dans ce nouveau Live<\/p>\n<p>Tous les jours, la r\u00e9daction de 20 Minutes se mobilise pour vous faire vivre les derni\u00e8res actualit\u00e9s concernant la guerre en Ukraine, d\u00e9clench\u00e9e en f\u00e9vrier\u00a02022 par l\u2019invasion russe. Derniers rebondissements\u00a0: une rencontre possible entre Donald Trump et Vladimir Poutine aux Emirats arabes unis dans les prochains jours. En revanche, Vladimir Poutine a estim\u00e9 que les conditions n\u2019\u00e9taient pas encore r\u00e9unies pour une rencontre avec Volodymyr Zelensky. La partie de poker menteur se poursuit.<\/p>\n","protected":false},"excerpt":{"rendered":"Le r\u00e9cap&rsquo; d\u2019hier 20 Minutes fait le point pour vous tous les soirs sur le conflit. Ce jeudi,&hellip;\n","protected":false},"author":2,"featured_media":304340,"comment_status":"","ping_status":"","sticky":false,"template":"","format":"standard","meta":{"footnotes":""},"categories":[1590],"tags":[47,11,75,73,1777,674,131,74,12,132,220,135,134],"class_list":{"0":"post-304339","1":"post","2":"type-post","3":"status-publish","4":"format-standard","5":"has-post-thumbnail","7":"category-ukraine","8":"tag-actualite","9":"tag-actualites","10":"tag-donald-trump","11":"tag-etats-unis","12":"tag-eu","13":"tag-europe","14":"tag-guerre-en-ukraine","15":"tag-monde","16":"tag-news","17":"tag-russie","18":"tag-ukraine","19":"tag-vladimir-poutine","20":"tag-volodymyr-zelensky"},"share_on_mastodon":{"url":"https:\/\/pubeurope.com\/@fr\/114991438505266456","error":""},"_links":{"self":[{"href":"https:\/\/www.europesays.com\/fr\/wp-json\/wp\/v2\/posts\/304339","targetHints":{"allow":["GET"]}}],"collection":[{"href":"https:\/\/www.europesays.com\/fr\/wp-json\/wp\/v2\/posts"}],"about":[{"href":"https:\/\/www.europesays.com\/fr\/wp-json\/wp\/v2\/types\/post"}],"author":[{"embeddable":true,"href":"https:\/\/www.europesays.com\/fr\/wp-json\/wp\/v2\/users\/2"}],"replies":[{"embeddable":true,"href":"https:\/\/www.europesays.com\/fr\/wp-json\/wp\/v2\/comments?post=304339"}],"version-history":[{"count":0,"href":"https:\/\/www.europesays.com\/fr\/wp-json\/wp\/v2\/posts\/304339\/revisions"}],"wp:featuredmedia":[{"embeddable":true,"href":"https:\/\/www.europesays.com\/fr\/wp-json\/wp\/v2\/media\/304340"}],"wp:attachment":[{"href":"https:\/\/www.europesays.com\/fr\/wp-json\/wp\/v2\/media?parent=304339"}],"wp:term":[{"taxonomy":"category","embeddable":true,"href":"https:\/\/www.europesays.com\/fr\/wp-json\/wp\/v2\/categories?post=304339"},{"taxonomy":"post_tag","embeddable":true,"href":"https:\/\/www.europesays.com\/fr\/wp-json\/wp\/v2\/tags?post=304339"}],"curies":[{"name":"wp","href":"https:\/\/api.w.org\/{rel}","templated":true}]}}