{"id":304343,"date":"2025-08-08T05:15:15","date_gmt":"2025-08-08T05:15:15","guid":{"rendered":"https:\/\/www.europesays.com\/fr\/304343\/"},"modified":"2025-08-08T05:15:15","modified_gmt":"2025-08-08T05:15:15","slug":"video-les-images-saisissantes-de-latterrissage-perilleux-dun-atr-72-en-pleine-tempete-estivale-au-royaume-uni","status":"publish","type":"post","link":"https:\/\/www.europesays.com\/fr\/304343\/","title":{"rendered":"VIDEO. Les images saisissantes de l&rsquo;atterrissage p\u00e9rilleux d&rsquo;un ATR-72 en pleine temp\u00eate estivale au Royaume-Uni"},"content":{"rendered":"<p class=\"article__intro\">C&rsquo;est un pilote au talent exceptionnel, qui a r\u00e9ussi \u00e0 atterrir sans encombres aux commandes de cet ATR-72, en pleine temp\u00eate sur l&rsquo;a\u00e9roport de Birmingham en Angleterre. Avec des vents violents de travers, la man\u0153uvre semble presque une formalit\u00e9. Avec quelques frissons en plus.<\/p>\n<p>\n      La Quotidienne Soci\u00e9t\u00e9\n    <\/p>\n<p>\n      De la vie quotidienne aux grands enjeux, recevez tous les jours les sujets qui font la soci\u00e9t\u00e9 locale, comme la justice, l\u2019\u00e9ducation, la sant\u00e9 et la famille.\n    <\/p>\n<p>    France T\u00e9l\u00e9visions utilise votre adresse e-mail afin de vous envoyer la newsletter \u00ab\u00a0La Quotidienne Soci\u00e9t\u00e9\u00a0\u00bb. Vous pouvez vous d\u00e9sinscrire \u00e0 tout moment via le lien en bas de cette newsletter. <a target=\"_blank\" href=\"https:\/\/www.francetelevisions.fr\/groupe\/confidentialite\/politique-de-confidentialite\/politique-de-confidentialite-de-france-televisions-6503\" rel=\"nofollow noopener\">Notre politique de confidentialit\u00e9<\/a><\/p>\n<p>Les images impressionnantes d&rsquo;un ATR-72 atterrissant avec un vent violent de c\u00f4t\u00e9 sur l&rsquo;a\u00e9roport de Birmnigham en Angleterre. Le pilote a d\u00fb faire preuve d&rsquo;une dext\u00e9rit\u00e9 exceptionnelle pour se poser sans encombres au final.<\/p>\n<p>Alors que la France croulait d\u00e9j\u00e0 sous la chaleur et les incendies, la temp\u00eate Floris frappe l&rsquo;Ecosse et le nord de l&rsquo;Angleterre avec une force \u00ab\u00a0inhabituelle\u00a0\u00bb depuis ce lundi 4 ao\u00fbt. La zone avait \u00e9t\u00e9 plac\u00e9e en vigilance orange avec des vents violents. Presque du jamais vu en plein \u00e9t\u00e9.<\/p>\n<p>Des vents d&rsquo;ouest ou de nord-ouest exceptionnellement forts ont frapp\u00e9 l&rsquo;Ecosse et le nord de l&rsquo;Angleterre avec des rafales de 80 \u00e0 110 km\/h, pouvant m\u00eame atteindre 130 \u00e0 145 km\/h sur certaines c\u00f4tes, collines et ponts expos\u00e9s. Le sud du Royaume-Uni a \u00e9galement \u00e9t\u00e9 touch\u00e9 dans une moindre mesure.<\/p>\n<p>En pleine p\u00e9riode estivale, cette temp\u00eate a caus\u00e9 des perturbations dans les a\u00e9roports du pays. Retards et difficult\u00e9s ont affect\u00e9 les compagnies a\u00e9riennes et mis a rude \u00e9preuve les nerfs des pilotes, oblig\u00e9s d\u2019atterrir dans des conditions particuli\u00e8rement p\u00e9rilleuses.<\/p>\n<blockquote class=\"twitter-tweet\">\n<p dir=\"ltr\" lang=\"fr\">\ud83d\ude32 La temp\u00eate Floris a violemment frapp\u00e9 les \u00eeles Britanniques ce 4 ao\u00fbt, avec des vents atteignant parfois plus de 200 km\/h. Certains avions se sont m\u00eame retrouv\u00e9s ballott\u00e9s par les vents.<br \/>\ud83d\udcf9 Knits_byjess <a href=\"https:\/\/t.co\/NgLJqOqsQi\" rel=\"nofollow\">pic.twitter.com\/NgLJqOqsQi<\/a><\/p>\n<p>\u2014 M\u00e9t\u00e9o &amp; Radar France (@meteoetradar) <a href=\"https:\/\/twitter.com\/meteoetradar\/status\/1952682070376849779?ref_src=twsrc%5Etfw\" rel=\"nofollow noopener\" target=\"_blank\">August 5, 2025<\/a><\/p><\/blockquote>\n<p>C&rsquo;est le cas pour cet ATR-72, appareil fabriqu\u00e9 \u00e0 Toulouse (Haute-Garonne) de la compagnie Aer Lingus Regional. En phase d&rsquo;approche sur l&rsquo;a\u00e9roport de Birmingham ce lundi, le pilote a d\u00fb combattre des vents de c\u00f4t\u00e9 de plus de 50km\/h au moment de s&rsquo;aligner dans la trajectoire de la piste.<\/p>\n<p>Dans cette vid\u00e9o, les personnes qui assistent \u00e0 la sc\u00e8ne pensent que l&rsquo;avion ne va pas pouvoir se poser du premier coup. On voit l&rsquo;appareil \u00eatre trimball\u00e9 d&rsquo;un c\u00f4t\u00e9 puis de l&rsquo;ordre par la force des rafales de vent, avant de se redresser \u00e0 la toute derni\u00e8re minute avant de poser ses trains d&rsquo;atterrissage sur la piste.<\/p>\n<\/p>\n<p>\u00ab\u00a0C&rsquo;est ce qu&rsquo;on appelle une glissade lat\u00e9rale, un ph\u00e9nom\u00e8ne courant par vent de travers et cela demande une grande habilet\u00e9\u00a0\u00bb commente un internaute, tandis qu&rsquo;un autre \u00e9crit ; \u00ab\u00a0J&rsquo;ai vu ces turbopropulseurs atterrir \u00e0 Manchester dans des conditions de temp\u00eate, alors que les jets tournaient pour la troisi\u00e8me fois\u00a0\u00bb.<\/p>\n<\/p>\n<p>Une prouesse donc du pilote mais aussi de l&rsquo;avion toulousain, qui malgr\u00e9 sa l\u00e9g\u00e8ret\u00e9 est aussi une des plus stables gr\u00e2ce \u00e0 ses h\u00e9lices.<\/p>\n<p>  <script async src=\"https:\/\/platform.twitter.com\/widgets.js\" charset=\"utf-8\"><\/script><\/p>\n","protected":false},"excerpt":{"rendered":"C&rsquo;est un pilote au talent exceptionnel, qui a r\u00e9ussi \u00e0 atterrir sans encombres aux commandes de cet ATR-72,&hellip;\n","protected":false},"author":2,"featured_media":304344,"comment_status":"","ping_status":"","sticky":false,"template":"","format":"standard","meta":{"footnotes":""},"categories":[1588],"tags":[11,1777,674,12,473,1853,1851,1850,1852],"class_list":{"0":"post-304343","1":"post","2":"type-post","3":"status-publish","4":"format-standard","5":"has-post-thumbnail","7":"category-royaume-uni","8":"tag-actualites","9":"tag-eu","10":"tag-europe","11":"tag-news","12":"tag-royaume-uni","13":"tag-royaume-uni-de-grande-bretagne-et-dirlande-du-nord","14":"tag-uk","15":"tag-united-kingdom","16":"tag-united-kingdom-of-great-britain-and-northern-ireland"},"share_on_mastodon":{"url":"https:\/\/pubeurope.com\/@fr\/114991447074262521","error":""},"_links":{"self":[{"href":"https:\/\/www.europesays.com\/fr\/wp-json\/wp\/v2\/posts\/304343","targetHints":{"allow":["GET"]}}],"collection":[{"href":"https:\/\/www.europesays.com\/fr\/wp-json\/wp\/v2\/posts"}],"about":[{"href":"https:\/\/www.europesays.com\/fr\/wp-json\/wp\/v2\/types\/post"}],"author":[{"embeddable":true,"href":"https:\/\/www.europesays.com\/fr\/wp-json\/wp\/v2\/users\/2"}],"replies":[{"embeddable":true,"href":"https:\/\/www.europesays.com\/fr\/wp-json\/wp\/v2\/comments?post=304343"}],"version-history":[{"count":0,"href":"https:\/\/www.europesays.com\/fr\/wp-json\/wp\/v2\/posts\/304343\/revisions"}],"wp:featuredmedia":[{"embeddable":true,"href":"https:\/\/www.europesays.com\/fr\/wp-json\/wp\/v2\/media\/304344"}],"wp:attachment":[{"href":"https:\/\/www.europesays.com\/fr\/wp-json\/wp\/v2\/media?parent=304343"}],"wp:term":[{"taxonomy":"category","embeddable":true,"href":"https:\/\/www.europesays.com\/fr\/wp-json\/wp\/v2\/categories?post=304343"},{"taxonomy":"post_tag","embeddable":true,"href":"https:\/\/www.europesays.com\/fr\/wp-json\/wp\/v2\/tags?post=304343"}],"curies":[{"name":"wp","href":"https:\/\/api.w.org\/{rel}","templated":true}]}}