{"id":304353,"date":"2025-08-08T05:20:20","date_gmt":"2025-08-08T05:20:20","guid":{"rendered":"https:\/\/www.europesays.com\/fr\/304353\/"},"modified":"2025-08-08T05:20:20","modified_gmt":"2025-08-08T05:20:20","slug":"horoscope-de-tous-les-signes-du-vendredi-8-aout-2025","status":"publish","type":"post","link":"https:\/\/www.europesays.com\/fr\/304353\/","title":{"rendered":"Horoscope de tous les signes du vendredi 8 Ao\u00fbt 2025"},"content":{"rendered":"<p>\t\t\t\t\tEn cette belle journ\u00e9e du vendredi 08 ao\u00fbt 2025, le cosmos nous invite \u00e0 explorer de nouvelles perspectives et \u00e0 embrasser le changement avec gr\u00e2ce et ouverture d&rsquo;esprit. Alors que Mercure transite en Lion, nos communications prennent une teinte plus dynamique et audacieuse, incitant chacun de nous \u00e0 exprimer notre v\u00e9rit\u00e9 avec passion. Les \u00e9nergies c\u00e9lestes d&rsquo;aujourd&rsquo;hui mettent en lumi\u00e8re notre cr\u00e9ativit\u00e9 et notre d\u00e9sir de briller, tout en rappelant l&rsquo;importance de l&rsquo;authenticit\u00e9 et de la bienveillance. Que vous soyez en qu\u00eate de nouvelles aventures ou en train de consolider vos racines, ce vendredi est un appel \u00e0 manifester vos intentions avec courage et clart\u00e9. Pr\u00e9parez-vous \u00e0 accueillir l&rsquo;impr\u00e9vu avec confiance, car les astres sont en mouvement, pr\u00eats \u00e0 vous inspirer et \u00e0 vous guider vers de nouveaux horizons.<\/p>\n<p><img loading=\"lazy\" decoding=\"async\" class=\"wp-image-26389 aligncenter\" src=\"data:image\/svg+xml,%3Csvg%20xmlns=\" http:=\"\" alt=\"\" width=\"600\" height=\"600\" data-lazy-src=\"https:\/\/www.europesays.com\/fr\/wp-content\/uploads\/2025\/08\/sOXc9ipwvd.jpeg\"\/><\/p>\n<p>Horoscope Belier du jour<\/p>\n<p class=\"horoscope-summary\">Les B\u00e9liers pourraient se retrouver face \u00e0 des opportunit\u00e9s intrigantes et des d\u00e9fis impr\u00e9vus en ce jour particulier, o\u00f9 chaque interaction pourrait porter des fruits inattendus. Cependant, des tensions sous-jacentes tant sur le plan professionnel que personnel invitent \u00e0 demeurer vigilant et \u00e0 naviguer avec pr\u00e9caution \u00e0 travers les incertitudes qui se profilent.<\/p>\n<p><a href=\"https:\/\/journaldesseniors.20minutes.fr\/horoscope\/horoscope-belier-du-vendredi-8-aout-2025\/\" class=\"readmore_horoscope\" target=\"_blank\" rel=\"noopener\">Lire la suite de l&rsquo;horoscope B\u00e9lier  du jour<\/a><\/p>\n<p><img loading=\"lazy\" decoding=\"async\" class=\"wp-image-26391 aligncenter\" src=\"data:image\/svg+xml,%3Csvg%20xmlns=\" http:=\"\" alt=\"\" width=\"600\" height=\"600\" data-lazy-src=\"https:\/\/www.europesays.com\/fr\/wp-content\/uploads\/2025\/08\/kFRBiZ2zlN.jpeg\"\/><\/p>\n<p>Horoscope Taureau du jour<\/p>\n<p class=\"horoscope-summary\">Ce vendredi 8 ao\u00fbt 2025, le Taureau est plong\u00e9 dans un climat astral intrigant qui pourrait apporter des occasions inattendues, incitant \u00e0 la fois \u00e0 l&rsquo;introspection et \u00e0 l&rsquo;action dans les relations personnelles et professionnelles. Tandis que d&rsquo;harmonieuses connexions se renforcent avec un \u00eatre cher, des vibrations subtiles dans le domaine travail-finances pourraient ouvrir la voie \u00e0 de nouvelles opportunit\u00e9s, invitant \u00e0 rester attentif et pr\u00eat pour ce qui pourrait suivre.<\/p>\n<p><a href=\"https:\/\/journaldesseniors.20minutes.fr\/horoscope\/horoscope-taureau-du-vendredi-8-aout-2025\/\" class=\"readmore_horoscope\" target=\"_blank\" rel=\"noopener\">Lire la suite de l&rsquo;horoscope Taureau  du jour<\/a><\/p>\n<p><img loading=\"lazy\" decoding=\"async\" class=\"wp-image-26393 aligncenter\" src=\"data:image\/svg+xml,%3Csvg%20xmlns=\" http:=\"\" alt=\"\" width=\"600\" height=\"600\" data-lazy-src=\"https:\/\/www.europesays.com\/fr\/wp-content\/uploads\/2025\/08\/OLKgjlqD0r.jpeg\"\/><\/p>\n<p>Horoscope Lion du jour<\/p>\n<p class=\"horoscope-summary\">En cette journ\u00e9e du 8 ao\u00fbt 2025, les Lions se trouvent sous l&rsquo;influence myst\u00e9rieuse de puissantes \u00e9nergies cosmiques, ouvrant la voie \u00e0 des opportunit\u00e9s inattendues et prometteuses. Tandis que votre charisme naturel pourrait jouer un r\u00f4le cl\u00e9, une attention particuli\u00e8re \u00e0 votre \u00e9quilibre personnel et \u00e0 votre bien-\u00eatre pourrait \u00eatre la cl\u00e9 pour d\u00e9voiler des d\u00e9veloppements futurs captivants.<\/p>\n<p><a href=\"https:\/\/journaldesseniors.20minutes.fr\/horoscope\/horoscope-lion-du-vendredi-8-aout-2025\/\" class=\"readmore_horoscope\" target=\"_blank\" rel=\"noopener\">Lire la suite de l&rsquo;horoscope Lion  du jour<\/a><\/p>\n<p><img loading=\"lazy\" decoding=\"async\" class=\"wp-image-26408 aligncenter\" src=\"data:image\/svg+xml,%3Csvg%20xmlns=\" http:=\"\" alt=\"\" width=\"600\" height=\"600\" data-lazy-src=\"https:\/\/www.europesays.com\/fr\/wp-content\/uploads\/2025\/08\/lk2JFfIcai.jpeg\"\/><\/p>\n<p>Horoscope Vierge du jour<\/p>\n<p class=\"horoscope-summary\">Aujourd&rsquo;hui, les Vierges feront face \u00e0 des tensions inattendues, tant sur le plan professionnel que personnel, qui pourraient influencer leur \u00e9quilibre quotidien. Cependant, une opportunit\u00e9 exceptionnelle pourrait se r\u00e9v\u00e9ler si elles savent naviguer avec prudence et \u00e9coute.<\/p>\n<p><a href=\"https:\/\/journaldesseniors.20minutes.fr\/horoscope\/horoscope-vierge-du-vendredi-8-aout-2025\/\" class=\"readmore_horoscope\" target=\"_blank\" rel=\"noopener\">Lire la suite de l&rsquo;horoscope Vierge  du jour<\/a><\/p>\n<p><img loading=\"lazy\" decoding=\"async\" class=\"wp-image-26414 aligncenter\" src=\"data:image\/svg+xml,%3Csvg%20xmlns=\" http:=\"\" alt=\"\" width=\"600\" height=\"600\" data-lazy-src=\"https:\/\/www.europesays.com\/fr\/wp-content\/uploads\/2025\/08\/UZJbpSmy8L.jpeg\"\/><\/p>\n<p>Horoscope Balance du jour<\/p>\n<p class=\"horoscope-summary\">Aujourd&rsquo;hui, un fort besoin d&rsquo;harmonie pourrait vous inciter \u00e0 \u00e9valuer vos relations personnelles et professionnelles, tandis que des surprises agr\u00e9ables et des d\u00e9fis inattendus se profilent \u00e0 l&rsquo;horizon. Gardez votre calme face \u00e0 l&rsquo;instabilit\u00e9 potentielle, utilisez votre intuition et la diplomatie pour naviguer avec patience \u00e0 travers cette journ\u00e9e pleine de myst\u00e8res.<\/p>\n<p><a href=\"https:\/\/journaldesseniors.20minutes.fr\/horoscope\/horoscope-balance-du-vendredi-8-aout-2025\/\" class=\"readmore_horoscope\" target=\"_blank\" rel=\"noopener\">Lire la suite de l&rsquo;horoscope Balance  du jour<\/a><\/p>\n<p><img loading=\"lazy\" decoding=\"async\" class=\"wp-image-26417 aligncenter\" src=\"data:image\/svg+xml,%3Csvg%20xmlns=\" http:=\"\" alt=\"\" width=\"600\" height=\"600\" data-lazy-src=\"https:\/\/www.europesays.com\/fr\/wp-content\/uploads\/2025\/08\/bUN3JT26mM.jpeg\"\/><\/p>\n<p>Horoscope Scorpion du jour<\/p>\n<p class=\"horoscope-summary\">Les Scorpions ressentiront une \u00e9nergie transformationnelle les poussant \u00e0 op\u00e9rer des changements significatifs et \u00e0 saisir des opportunit\u00e9s inattendues. Cependant, des turbulences financi\u00e8res et professionnelles pourraient survenir, n\u00e9cessitant prudence et r\u00e9flexion pour naviguer cette p\u00e9riode agit\u00e9e.<\/p>\n<p><a href=\"https:\/\/journaldesseniors.20minutes.fr\/horoscope\/horoscope-scorpion-du-vendredi-8-aout-2025\/\" class=\"readmore_horoscope\" target=\"_blank\" rel=\"noopener\">Lire la suite de l&rsquo;horoscope Scorpion  du jour<\/a><\/p>\n<p><img loading=\"lazy\" decoding=\"async\" class=\"wp-image-26422 aligncenter\" src=\"data:image\/svg+xml,%3Csvg%20xmlns=\" http:=\"\" alt=\"\" width=\"600\" height=\"600\" data-lazy-src=\"https:\/\/www.europesays.com\/fr\/wp-content\/uploads\/2025\/08\/L480MKgRsW.jpeg\"\/><\/p>\n<p>Horoscope Sagittaire du jour<\/p>\n<p class=\"horoscope-summary\">Le vendredi 8 ao\u00fbt 2025 s&rsquo;annonce comme une journ\u00e9e intense pour les Sagittaires, remplie de possibilit\u00e9s intrigantes et de nouveaux horizons \u00e0 explorer, tant sur le plan personnel que professionnel. Toutefois, des nuances plus sombres pourraient se dessiner dans les relations personnelles, invitant \u00e0 la prudence et \u00e0 la r\u00e9flexion avant d&rsquo;agir impulsivement.<\/p>\n<p><a href=\"https:\/\/journaldesseniors.20minutes.fr\/horoscope\/horoscope-sagittaire-du-vendredi-8-aout-2025\/\" class=\"readmore_horoscope\" target=\"_blank\" rel=\"noopener\">Lire la suite de l&rsquo;horoscope Sagittaire  du jour<\/a><\/p>\n<p><img loading=\"lazy\" decoding=\"async\" class=\"wp-image-26424 aligncenter\" src=\"data:image\/svg+xml,%3Csvg%20xmlns=\" http:=\"\" alt=\"\" width=\"600\" height=\"600\" data-lazy-src=\"https:\/\/www.europesays.com\/fr\/wp-content\/uploads\/2025\/08\/guL8VBx9Dh.jpeg\"\/><\/p>\n<p>Horoscope Capricorne du jour<\/p>\n<p class=\"horoscope-summary\">En ce vendredi 08 ao\u00fbt 2025, les Capricornes pourraient d\u00e9couvrir de nouvelles opportunit\u00e9s et b\u00e9n\u00e9ficier d&rsquo;une surprenante r\u00e9v\u00e9lation qui pourrait illuminer leur journ\u00e9e. Cependant, ils doivent rester vigilants, car des r\u00e9flexions profondes en amour et une stagnation professionnelle pourraient exiger patience et ajustements dans leur vie quotidienne.<\/p>\n<p><a href=\"https:\/\/journaldesseniors.20minutes.fr\/horoscope\/horoscope-capricorne-du-vendredi-8-aout-2025\/\" class=\"readmore_horoscope\" target=\"_blank\" rel=\"noopener\">Lire la suite de l&rsquo;horoscope Capricorne  du jour<\/a><\/p>\n<p><img loading=\"lazy\" decoding=\"async\" class=\"wp-image-26427 aligncenter\" src=\"data:image\/svg+xml,%3Csvg%20xmlns=\" http:=\"\" alt=\"\" width=\"600\" height=\"600\" data-lazy-src=\"https:\/\/www.europesays.com\/fr\/wp-content\/uploads\/2025\/08\/xBGRsy3AoV.jpeg\"\/><\/p>\n<p>Horoscope Poissons du jour<\/p>\n<p class=\"horoscope-summary\">En ce vendredi 8 ao\u00fbt 2025, les Poissons vivront une journ\u00e9e riche en \u00e9motions et en introspection, sous une influence c\u00e9leste propice aux \u00e9changes doux et cr\u00e9atifs. Toutefois, une comp\u00e9tition inattendue pourrait raviver des passions amoureuses, tandis que des choix financiers importants pourraient n\u00e9cessiter de la prudence.<\/p>\n<p><a href=\"https:\/\/journaldesseniors.20minutes.fr\/horoscope\/horoscope-poissons-du-vendredi-8-aout-2025\/\" class=\"readmore_horoscope\" target=\"_blank\" rel=\"noopener\">Lire la suite de l&rsquo;horoscope Poissons  du jour<\/a><\/p>\n<p><img loading=\"lazy\" decoding=\"async\" class=\"wp-image-26593 aligncenter\" src=\"data:image\/svg+xml,%3Csvg%20xmlns=\" http:=\"\" alt=\"\" width=\"600\" height=\"600\" data-lazy-src=\"https:\/\/www.europesays.com\/fr\/wp-content\/uploads\/2025\/08\/xzoj6e7vBP.jpeg\"\/><\/p>\n<p>Horoscope Cancer du jour<\/p>\n<p class=\"horoscope-summary\">Ce vendredi 8 ao\u00fbt 2025, une atmosph\u00e8re myst\u00e9rieuse enveloppe les natifs du Cancer, promettant des moments de r\u00e9flexion profonde et la possibilit\u00e9 de reconsid\u00e9rer des choix cruciaux. Le destin semble pr\u00e9parer des surprises inattendues, avec des opportunit\u00e9s intrigantes et des r\u00e9v\u00e9lations \u00e0 la fois dans la vie personnelle et professionnelle.<\/p>\n<p><a href=\"https:\/\/journaldesseniors.20minutes.fr\/horoscope\/horoscope-cancer-du-vendredi-8-aout-2025\/\" class=\"readmore_horoscope\" target=\"_blank\" rel=\"noopener\">Lire la suite de l&rsquo;horoscope Cancer  du jour<\/a><\/p>\n<p><img loading=\"lazy\" decoding=\"async\" class=\"wp-image-26597 aligncenter\" src=\"data:image\/svg+xml,%3Csvg%20xmlns=\" http:=\"\" alt=\"\" width=\"600\" height=\"600\" data-lazy-src=\"https:\/\/www.europesays.com\/fr\/wp-content\/uploads\/2025\/08\/N7YlObsdIC.jpeg\"\/><\/p>\n<p>Horoscope Verseau du jour<\/p>\n<p class=\"horoscope-summary\">Laissez-vous porter par cette journ\u00e9e myst\u00e9rieuse du 8 ao\u00fbt 2025, o\u00f9 des \u00e9nergies vibrantes peuvent vous pousser \u00e0 explorer au-del\u00e0 de vos limites habituelles. Bien que des d\u00e9fis professionnels et financiers puissent survenir, des opportunit\u00e9s inattendues et des moments de complicit\u00e9 pourraient aussi se r\u00e9v\u00e9ler si vous suivez votre intuition et demeurez attentif aux signes autour de vous.<\/p>\n<p><a href=\"https:\/\/journaldesseniors.20minutes.fr\/horoscope\/horoscope-verseau-du-vendredi-8-aout-2025\/\" class=\"readmore_horoscope\" target=\"_blank\" rel=\"noopener\">Lire la suite de l&rsquo;horoscope Verseau  du jour<\/a><\/p>\n<p><img loading=\"lazy\" decoding=\"async\" class=\"wp-image-26611 aligncenter\" src=\"data:image\/svg+xml,%3Csvg%20xmlns=\" http:=\"\" alt=\"\" width=\"600\" height=\"600\" data-lazy-src=\"https:\/\/www.europesays.com\/fr\/wp-content\/uploads\/2025\/08\/2qLS5GWf67.jpeg\"\/><\/p>\n<p>Horoscope Gemeaux du jour<\/p>\n<p class=\"horoscope-summary\">Aujourd&rsquo;hui, chers G\u00e9meaux, l&rsquo;univers vous pousse hors de votre zone de confort, avec des opportunit\u00e9s inattendues qui pourraient transformer vos relations et projets. Cependant, restez attentifs et prudents face \u00e0 des troubles potentiels dans le domaine professionnel et financier, tout en veillant \u00e0 \u00e9couter les signaux de votre corps pour naviguer cette journ\u00e9e complexe.<\/p>\n<p><a href=\"https:\/\/journaldesseniors.20minutes.fr\/horoscope\/horoscope-gemeaux-du-vendredi-8-aout-2025\/\" class=\"readmore_horoscope\" target=\"_blank\" rel=\"noopener\">Lire la suite de l&rsquo;horoscope G\u00e9meaux  du jour<\/a><\/p>\n","protected":false},"excerpt":{"rendered":"En cette belle journ\u00e9e du vendredi 08 ao\u00fbt 2025, le cosmos nous invite \u00e0 explorer de nouvelles perspectives&hellip;\n","protected":false},"author":2,"featured_media":304354,"comment_status":"","ping_status":"","sticky":false,"template":"","format":"standard","meta":{"footnotes":""},"categories":[2],"tags":[11,10343,1011,27,12,39579,1404,25,35933],"class_list":{"0":"post-304353","1":"post","2":"type-post","3":"status-publish","4":"format-standard","5":"has-post-thumbnail","7":"category-actualites","8":"tag-actualites","9":"tag-all","10":"tag-fr","11":"tag-france","12":"tag-news","13":"tag-push-2","14":"tag-quotidien","15":"tag-republique-francaise","16":"tag-rs"},"share_on_mastodon":{"url":"https:\/\/pubeurope.com\/@fr\/114991465947926208","error":""},"_links":{"self":[{"href":"https:\/\/www.europesays.com\/fr\/wp-json\/wp\/v2\/posts\/304353","targetHints":{"allow":["GET"]}}],"collection":[{"href":"https:\/\/www.europesays.com\/fr\/wp-json\/wp\/v2\/posts"}],"about":[{"href":"https:\/\/www.europesays.com\/fr\/wp-json\/wp\/v2\/types\/post"}],"author":[{"embeddable":true,"href":"https:\/\/www.europesays.com\/fr\/wp-json\/wp\/v2\/users\/2"}],"replies":[{"embeddable":true,"href":"https:\/\/www.europesays.com\/fr\/wp-json\/wp\/v2\/comments?post=304353"}],"version-history":[{"count":0,"href":"https:\/\/www.europesays.com\/fr\/wp-json\/wp\/v2\/posts\/304353\/revisions"}],"wp:featuredmedia":[{"embeddable":true,"href":"https:\/\/www.europesays.com\/fr\/wp-json\/wp\/v2\/media\/304354"}],"wp:attachment":[{"href":"https:\/\/www.europesays.com\/fr\/wp-json\/wp\/v2\/media?parent=304353"}],"wp:term":[{"taxonomy":"category","embeddable":true,"href":"https:\/\/www.europesays.com\/fr\/wp-json\/wp\/v2\/categories?post=304353"},{"taxonomy":"post_tag","embeddable":true,"href":"https:\/\/www.europesays.com\/fr\/wp-json\/wp\/v2\/tags?post=304353"}],"curies":[{"name":"wp","href":"https:\/\/api.w.org\/{rel}","templated":true}]}}