{"id":304359,"date":"2025-08-08T05:24:16","date_gmt":"2025-08-08T05:24:16","guid":{"rendered":"https:\/\/www.europesays.com\/fr\/304359\/"},"modified":"2025-08-08T05:24:16","modified_gmt":"2025-08-08T05:24:16","slug":"top-14-transfert-ovnis-parias-et-pepites-le-racing-92-fait-sa-revolution-et-veut-grandir-autrement","status":"publish","type":"post","link":"https:\/\/www.europesays.com\/fr\/304359\/","title":{"rendered":"Top 14. Transfert. Ovnis, parias et p\u00e9pites : le Racing 92 fait sa r\u00e9volution et veut grandir autrement"},"content":{"rendered":"<p data-start=\"1361\" data-end=\"1733\">Il fut un temps o\u00f9 le <a href=\"https:\/\/www.lerugbynistere.fr\/clubs\/racing-metro-92.php\" ui-sref=\"app.team({teamId: 29})\" alt=\"Racing 92\" data-route=\"app.team\" data-param=\"teamId\" data-id=\"29\" rel=\"nofollow noopener\" target=\"_blank\">Racing 92<\/a> sortait le ch\u00e9quier comme d\u2019autres les citrons \u00e0 la mi-temps. <strong>Dan Carter, Johnny Sexton, Pat Lambie, <a href=\"https:\/\/www.lerugbynistere.fr\/fiches-joueurs\/siya-kolisi.php\" ui-sref=\"app.player({playerId: 5323})\" alt=\"Siya Kolisi\" data-route=\"app.player\" data-param=\"playerId\" data-id=\"5323\" rel=\"nofollow noopener\" target=\"_blank\">Siya Kolisi<\/a>, Finn Russell\u2026<\/strong> Le club francilien brillait autant par son budget que par ses stars. Mais depuis quelques semaines, un vent nouveau souffle sur les Hauts-de-Seine. Un vent plus modeste, plus discret.<\/p>\n<p data-start=\"1361\" data-end=\"1733\"><a class=\"inserer_lien_article\" href=\"https:\/\/www.lerugbynistere.fr\/news\/top-14-la-jeunesse-et-le-talent-tricolore-prennent-les-renes-le-xv-type-probable-du-racing-en-2025-2026-0608251724.php\" data-id=\"45761\" data-route=\"app.article\" data-param=\"articleId\" ui-sref=\"app.article({articleId: 45761})\" alt=\"Top 14. La jeunesse et le talent tricolore prennent les r\u00eanes : le XV type (probable) du Racing en 2025-2026\" title=\"Top 14. La jeunesse et le talent tricolore prennent les r\u00eanes : le XV type (probable) du Racing en 2025-2026\" rel=\"nofollow noopener\" target=\"_blank\"><img decoding=\"async\" src=\"https:\/\/www.europesays.com\/fr\/wp-content\/uploads\/2025\/08\/xv-type-racing-2025-2026-06-08-25-8558.jpg\" alt=\"Top 14. La jeunesse et le talent tricolore prennent les r\u00eanes : le XV type (probable) du Racing en 2025-2026\"\/>Top 14. La jeunesse et le talent tricolore prennent les r\u00eanes : le XV type (probable) du Racing en 2025-2026<\/a><\/p>\n<blockquote class=\"twitter-tweet\"><p>&#13;<\/p>\n<p lang=\"fr\" dir=\"ltr\">Le <a href=\"https:\/\/twitter.com\/midi_olympique?ref_src=twsrc%5Etfw\" rel=\"nofollow noopener\" target=\"_blank\">@midi_olympique<\/a> annonce un possible d\u00e9part imminent de Ugo Seunes de <a href=\"https:\/\/www.lerugbynistere.fr\/clubs\/stade-aurillacois.php\" ui-sref=\"app.team({teamId: 57})\" alt=\"Aurillac\" data-route=\"app.team\" data-param=\"teamId\" data-id=\"57\" rel=\"nofollow noopener\" target=\"_blank\">Aurillac<\/a> vers le Racing 92. <\/p>\n<p>Mouvement gagnant-gagnant, le SACA va prendre de l\u2019argent (m\u00e9rit\u00e9) et le R92 va avoir un 10 qui va r\u00e9galer l\u2019Arena.<\/p>\n<p>&#13;<br \/>\n\u2014 Alexandre Priam (@AlexandrePriam) <a href=\"https:\/\/twitter.com\/AlexandrePriam\/status\/1949880936990199920?ref_src=twsrc%5Etfw\" rel=\"nofollow noopener\" target=\"_blank\">July 28, 2025<\/a><\/p><\/blockquote>\n<p data-start=\"1735\" data-end=\"2121\">Car cette intersaison a marqu\u00e9 un tournant : <strong data-start=\"1780\" data-end=\"1807\">exit les noms ronflants<\/strong>, place \u00e0 une politique de recrutement plus pragmatique, plus ancr\u00e9e dans un projet collectif. Patrice Collazo, nouvel homme fort du Racing, ne s\u2019en cache pas. \u00ab On veut construire un groupe. Pas d\u00e9pendre d\u2019un homme providentiel \u00bb, l\u00e2che-t-il. Et dans cette optique, les visages changent, mais surtout les profils.<\/p>\n<p>Ugo Seunes, la recrue qui intrigue<\/p>\n<p data-start=\"2163\" data-end=\"2685\">Dernier arriv\u00e9 ? Ugo Seunes, demi d\u2019ouverture d\u2019Aurillac, 24 ans, encore inconnu il y a peu. Un joueur de <a href=\"https:\/\/www.lerugbynistere.fr\/championnats\/pro-d2\" ui-sref=\"app.competition({competitionId: 2})\" alt=\"Pro D2\" data-route=\"app.competition\" data-param=\"competitionId\" data-id=\"2\" rel=\"nofollow noopener\" target=\"_blank\">Pro D2<\/a>, certes, mais au profil \u00ab\u00a0diff\u00e9rent\u00a0\u00bb, dixit Collazo (Rugbyrama). Form\u00e9 \u00e0 Blagnac, conseill\u00e9 par Christophe Deylaud et rep\u00e9r\u00e9 par Michalak, Seunes est l\u2019incarnation m\u00eame de cette nouvelle ligne directrice : flairer le potentiel avant les autres. <strong>\u00ab Ce sont des joueurs qui posent les bonnes questions, pas les plus faciles \u00bb<\/strong>, glisse l\u2019ancien international. Une p\u00e9pite ? Trop t\u00f4t pour le dire. Mais un pari clairement assum\u00e9.<\/p>\n<blockquote class=\"twitter-tweet\"><p>&#13;<\/p>\n<p lang=\"fr\" dir=\"ltr\">\ud835\udfd0\ud835\udfce\ud835\udfcf\ud835\udfd4 &#8211; \ud835\udfd0\ud835\udfce\ud835\udfd0\ud835\udfd4, retour vers le futur\ud83c\udfac<\/p>\n<p>De Dimitri, Joe \u00e0 Arthur &amp; Brigitte, l&rsquo;histoire du Racing 92 s&rsquo;\u00e9crit sur tous les terrains &amp; au futur !\ud83d\udd8b\ufe0f<br \/>Racing 92 &amp; Nike sont fiers d\u2019officialiser le maillot domicile 25-26 inspir\u00e9 du mod\u00e8le de 2016<\/p>\n<p>\ud83d\udc55 <a href=\"https:\/\/t.co\/5xTYF974pT\" rel=\"nofollow\">https:\/\/t.co\/5xTYF974pT<\/a><a href=\"https:\/\/twitter.com\/hashtag\/R92?src=hash&amp;ref_src=twsrc%5Etfw\" rel=\"nofollow noopener\" target=\"_blank\">#R92<\/a> <a href=\"https:\/\/t.co\/N4r97HbdyP\" rel=\"nofollow\">pic.twitter.com\/N4r97HbdyP<\/a><\/p>\n<p>&#13;<br \/>\n\u2014 Racing 92 (@racing92) <a href=\"https:\/\/twitter.com\/racing92\/status\/1947930198957269393?ref_src=twsrc%5Etfw\" rel=\"nofollow noopener\" target=\"_blank\">July 23, 2025<\/a><\/p><\/blockquote>\n<p>Prisciantelli, Manu, Carbonneau : l\u2019anti-bluff<\/p>\n<p data-start=\"2739\" data-end=\"3163\">Seunes n\u2019est pas seul. Le Racing a aussi sign\u00e9 <strong data-start=\"2786\" data-end=\"2812\"><a href=\"https:\/\/www.lerugbynistere.fr\/fiches-joueurs\/geronimo-prisciantelli.php\" ui-sref=\"app.player({playerId: 14298})\" alt=\"Geronimo Prisciantelli\" data-route=\"app.player\" data-param=\"playerId\" data-id=\"14298\" rel=\"nofollow noopener\" target=\"_blank\">Geronimo Prisciantelli<\/a><\/strong>, ouvreur des Z\u00e8bres de Parme, qui a depuis \u00e9t\u00e9 s\u00e9lectionn\u00e9 avec les Pumas. Ou <strong data-start=\"2891\" data-end=\"2904\">Joey Manu<\/strong>, ancien treiziste pass\u00e9 par le <a href=\"https:\/\/www.lerugbynistere.fr\/equipes-nationales\/japon.php\" ui-sref=\"app.team({teamId: 64})\" alt=\"Japon\" data-route=\"app.team\" data-param=\"teamId\" data-id=\"64\" rel=\"nofollow noopener\" target=\"_blank\">Japon<\/a>, un profil explosif qui d\u00e9barque sans fanfare. Ajoutez \u00e0 cela <strong data-start=\"3004\" data-end=\"3022\"><a href=\"https:\/\/www.lerugbynistere.fr\/fiches-joueurs\/leo-carbonneau.php\" ui-sref=\"app.player({playerId: 14350})\" alt=\"L\u00e9o Carbonneau\" data-route=\"app.player\" data-param=\"playerId\" data-id=\"14350\" rel=\"nofollow noopener\" target=\"_blank\">L\u00e9o Carbonneau<\/a><\/strong>, <a href=\"https:\/\/www.lerugbynistere.fr\/fiches-joueurs\/wilfried-hulleu.php\" ui-sref=\"app.player({playerId: 15453})\" alt=\"Wilfried Hulleu\" data-route=\"app.player\" data-param=\"playerId\" data-id=\"15453\" rel=\"nofollow noopener\" target=\"_blank\">Wilfried Hulleu<\/a>, <a href=\"https:\/\/www.lerugbynistere.fr\/fiches-joueurs\/thomas-lainault.php\" ui-sref=\"app.player({playerId: 6340})\" alt=\"Thomas Lainault\" data-route=\"app.player\" data-param=\"playerId\" data-id=\"6340\" rel=\"nofollow noopener\" target=\"_blank\">Thomas Lainault<\/a>, et vous obtenez une liste qui ressemble plus \u00e0 celle d\u2019un club en reconstruction qu\u2019\u00e0 une\u00a0flop\u00e9e de stars.<\/p>\n<p data-start=\"3165\" data-end=\"3468\">Mais c\u2019est bien l\u2019id\u00e9e. \u00ab On veut des joueurs qui collent au projet \u00bb, mart\u00e8le Collazo. Fini les individualit\u00e9s qui vampirisent le collectif.\u00a0 Le Racing cherche maintenant <strong data-start=\"3396\" data-end=\"3441\">des mecs qui veulent grandir avec le club<\/strong>, pas simplement y briller.<\/p>\n<blockquote class=\"twitter-tweet\"><p>&#13;<\/p>\n<p lang=\"fr\" dir=\"ltr\">Bien s\u00fbr que Oui! Le Racing n\u2019avait pas d\u2019ouvreur autre que Gibert\u2026.. L\u00e0 ils prennent un Jiff talentueux et encore jeune \u00e0 un poste clef, qui a fait ses gammes en ProD2 et qui attendaient lui aussi une opportunit\u00e9 en Top14 donc c\u2019est un deal gagnant-gagnant !<\/p>\n<p>&#13;<br \/>\n\u2014 Diaz (@Diaz101214) <a href=\"https:\/\/twitter.com\/Diaz101214\/status\/1950327206917664908?ref_src=twsrc%5Etfw\" rel=\"nofollow noopener\" target=\"_blank\">July 29, 2025<\/a><\/p><\/blockquote>\n<p>Une d\u00e9cennie sans titre, un \u00e9lectrochoc<\/p>\n<p data-start=\"3515\" data-end=\"3961\">Derri\u00e8re cette r\u00e9volution, il y a aussi un constat amer : le Racing n\u2019a <strong data-start=\"3599\" data-end=\"3634\">plus gagn\u00e9 de titre depuis 2016<\/strong>. Les paillettes n\u2019ont pas suffi. Pire, elles ont peut-\u00eatre masqu\u00e9 certaines lacunes structurelles. Alors Lorenzetti, toujours pr\u00e9sident du conseil de surveillance, a valid\u00e9 ce virage. Avec Collazo en chef de chantier, et Michalak en expert, <strong data-start=\"3880\" data-end=\"3922\">le club veut renouer avec l\u2019efficacit\u00e9<\/strong>, quitte \u00e0 sacrifier un peu de glamour.<\/p>\n<p data-start=\"3963\" data-end=\"4224\">Un changement \u00e0 saluer ? Il est en tout cas coh\u00e9rent. Et dans un Top 14 o\u00f9 <a href=\"https:\/\/www.lerugbynistere.fr\/clubs\/atlantique-stade-rochelais.php\" ui-sref=\"app.team({teamId: 30})\" alt=\"La Rochelle\" data-route=\"app.team\" data-param=\"teamId\" data-id=\"30\" rel=\"nofollow noopener\" target=\"_blank\">La Rochelle<\/a>, <a href=\"https:\/\/www.lerugbynistere.fr\/clubs\/ubb-bordeaux-begles.php\" ui-sref=\"app.team({teamId: 32})\" alt=\"Bordeaux\" data-route=\"app.team\" data-param=\"teamId\" data-id=\"32\" rel=\"nofollow noopener\" target=\"_blank\">Bordeaux<\/a> et <a href=\"https:\/\/www.lerugbynistere.fr\/clubs\/le-stade-toulousain.php\" ui-sref=\"app.team({teamId: 34})\" alt=\"Toulouse\" data-route=\"app.team\" data-param=\"teamId\" data-id=\"34\" rel=\"nofollow noopener\" target=\"_blank\">Toulouse<\/a> brillent par leur formation, <strong data-start=\"4121\" data-end=\"4177\">le Racing tente de s\u2019inspirer plut\u00f4t que de d\u00e9penser<\/strong>. Le retour aux sources, version ciel et blanc.<\/p>\n<p>                            <script async src=\"https:\/\/platform.twitter.com\/widgets.js\" charset=\"utf-8\"><\/script><\/p>\n","protected":false},"excerpt":{"rendered":"Il fut un temps o\u00f9 le Racing 92 sortait le ch\u00e9quier comme d\u2019autres les citrons \u00e0 la mi-temps.&hellip;\n","protected":false},"author":2,"featured_media":304360,"comment_status":"","ping_status":"","sticky":false,"template":"","format":"standard","meta":{"footnotes":""},"categories":[1416],"tags":[1011,27,479,1468,60],"class_list":{"0":"post-304359","1":"post","2":"type-post","3":"status-publish","4":"format-standard","5":"has-post-thumbnail","7":"category-rugby","8":"tag-fr","9":"tag-france","10":"tag-rugby","11":"tag-rugby-football","12":"tag-sports"},"share_on_mastodon":{"url":"https:\/\/pubeurope.com\/@fr\/114991481751675379","error":""},"_links":{"self":[{"href":"https:\/\/www.europesays.com\/fr\/wp-json\/wp\/v2\/posts\/304359","targetHints":{"allow":["GET"]}}],"collection":[{"href":"https:\/\/www.europesays.com\/fr\/wp-json\/wp\/v2\/posts"}],"about":[{"href":"https:\/\/www.europesays.com\/fr\/wp-json\/wp\/v2\/types\/post"}],"author":[{"embeddable":true,"href":"https:\/\/www.europesays.com\/fr\/wp-json\/wp\/v2\/users\/2"}],"replies":[{"embeddable":true,"href":"https:\/\/www.europesays.com\/fr\/wp-json\/wp\/v2\/comments?post=304359"}],"version-history":[{"count":0,"href":"https:\/\/www.europesays.com\/fr\/wp-json\/wp\/v2\/posts\/304359\/revisions"}],"wp:featuredmedia":[{"embeddable":true,"href":"https:\/\/www.europesays.com\/fr\/wp-json\/wp\/v2\/media\/304360"}],"wp:attachment":[{"href":"https:\/\/www.europesays.com\/fr\/wp-json\/wp\/v2\/media?parent=304359"}],"wp:term":[{"taxonomy":"category","embeddable":true,"href":"https:\/\/www.europesays.com\/fr\/wp-json\/wp\/v2\/categories?post=304359"},{"taxonomy":"post_tag","embeddable":true,"href":"https:\/\/www.europesays.com\/fr\/wp-json\/wp\/v2\/tags?post=304359"}],"curies":[{"name":"wp","href":"https:\/\/api.w.org\/{rel}","templated":true}]}}