{"id":304361,"date":"2025-08-08T05:25:15","date_gmt":"2025-08-08T05:25:15","guid":{"rendered":"https:\/\/www.europesays.com\/fr\/304361\/"},"modified":"2025-08-08T05:25:15","modified_gmt":"2025-08-08T05:25:15","slug":"video-tennis-tournoi-delocalise-soutien-aux-etudiants-serbes-novak-djokovic-est-cible-par-le-gouvernement-de-serbie","status":"publish","type":"post","link":"https:\/\/www.europesays.com\/fr\/304361\/","title":{"rendered":"VID\u00c9O. Tennis\u00a0: tournoi d\u00e9localis\u00e9, soutien aux \u00e9tudiants serbes\u2026 Novak Djokovic est cibl\u00e9 par le gouvernement de Serbie"},"content":{"rendered":"<p>\n                                                                    l&rsquo;essentiel<br \/>\n                                                                Peu en vue sur les courts de tennis ces derni\u00e8res semaines, Novak Djokovic fait beaucoup parler de lui en dehors. Il est notamment au milieu d\u2019une pol\u00e9mique en Serbie apr\u00e8s avoir d\u00e9localis\u00e9 l\u2019ATP 250 de Belgrade en Gr\u00e8ce.\n                            <\/p>\n<p>Un habitu\u00e9 des critiques. Novak Djokovic a travers\u00e9 des pol\u00e9miques tout au long de sa carri\u00e8re, et tant que celle-ci n\u2019est pas finie, le Serbe semble condamn\u00e9 \u00e0 en affronter. Le tennisman de 38 ans est engag\u00e9 depuis plusieurs jours dans une \u00ab\u00a0Guerre froide\u00a0\u00bb avec le gouvernement de Serbie. Le champion olympique a en effet annonc\u00e9, en d\u00e9but de semaine, que l\u2019ATP 250 de Belgrade allait \u00eatre d\u00e9localis\u00e9 \u00e0 Ath\u00e8nes, en Gr\u00e8ce.<\/p>\n<p class=\"std-elt__inline\">\n        <strong>\u00c0 lire aussi :<\/strong><br \/>\n        <a href=\"https:\/\/www.ladepeche.fr\/2025\/08\/06\/tennis-tu-as-clairement-un-probleme-avec-les-femmes-lancienne-coach-de-serena-williams-recadre-un-ancien-joueur-du-circuit-atp-12862877.php\" rel=\"nofollow noopener\" target=\"_blank\">Tennis\u00a0: \u00ab\u00a0Tu as clairement un probl\u00e8me avec les femmes\u00a0!\u00a0\u00bb L\u2019ancienne coach de Serena Williams recadre un ancien joueur du circuit ATP<\/a>\n    <\/p>\n<p>Depuis 2009, le Serbe g\u00e8re, avec sa famille, l\u2019organisation de ce tournoi, mais cette ann\u00e9e \u00ab\u00a0les conditions n\u00e9cessaires pour organiser le tournoi dans le format et le calendrier pr\u00e9vus n\u2019ont pas pu \u00eatre r\u00e9unies\u00a0\u00bb selon l\u2019organisation. Le tournoi a donc \u00e9t\u00e9 d\u00e9localis\u00e9 \u00e0 Ath\u00e8nes, un camouflet pour le gouvernement serbe, et une d\u00e9cision qui semble aller bien au-del\u00e0 du sportif.<\/p>\n<blockquote data-instgrm-captioned=\"\" data-instgrm-permalink=\"https:\/\/www.instagram.com\/p\/DM7PM-oicTo\/?utm_source=ig_embed&amp;utm_campaign=loading\" data-instgrm-version=\"14\" style=\" background:#FFF; border:0; border-radius:3px; box-shadow:0 0 1px 0 rgba(0,0,0,0.5),0 1px 10px 0 rgba(0,0,0,0.15); margin: 1px; max-width:540px; min-width:326px; padding:0; width:99.375%; width:-webkit-calc(100% - 2px); width:calc(100% - 2px);\" data-class=\"instagram-media\"\/>\n<p>Selon plusieurs m\u00e9dias grecs, le Serbe aurait entam\u00e9 des d\u00e9marches pour\u00a0<a href=\"https:\/\/www.ekathimerini.com\/politics\/1277079\/greek-pm-meets-djokovic-on-tinos-island\/\" target=\"_self\" rel=\"nofollow noopener\">\u00e9tablir sa r\u00e9sidence principale en Gr\u00e8ce<\/a>. De plus, Djokovic a r\u00e9cemment rencontr\u00e9 Kyriakos Mitsotakis, Premier ministre grec, dans le cadre de cette d\u00e9marche et de possibles investissements dans le pays, avec notamment en guise de d\u00e9but l\u2019arriv\u00e9e de l\u2019ATP 250 de Belgrade. Sauf que les motivations de Djokovic pour s\u2019installer en Gr\u00e8ce ne se limitent pas \u00e0 son attachement au pays.<\/p>\n<p class=\"std-elt__inline\">\n        <strong>\u00c0 lire aussi :<\/strong><br \/>\n        <a href=\"https:\/\/www.ladepeche.fr\/2025\/08\/01\/football-la-legende-du-tennis-novak-djokovic-devient-officiellement-actionnaire-dun-club-de-ligue-2-12856263.php\" rel=\"nofollow noopener\" target=\"_blank\">Football\u00a0: la l\u00e9gende du tennis Novak Djokovic devient officiellement actionnaire d\u2019un club de Ligue 2<\/a>\n    <\/p>\n<p><a href=\"https:\/\/www.tovima.com\/celebrities\/novak-djokovic-soon-to-be-greek\/\" target=\"_self\" rel=\"nofollow noopener\">Des m\u00e9dias grecs<\/a>, de m\u00eame que la <a href=\"https:\/\/www.gazzetta.it\/Tennis\/ATP\/07-08-2025\/djokovic-contro-il-governo-serbo-sposta-l-atp-di-belgrado-ad-atene.shtml?refresh_ce\" target=\"_self\" rel=\"nofollow noopener\">Gazzetta <\/a>italienne relaient l\u2019information selon laquelle le joueur serait en conflit avec le gouvernement serbe. Le recordman de titres du Grand Chelem apporte en effet r\u00e9guli\u00e8rement son soutien aux \u00e9tudiants qui manifestent contre le gouvernement ces derniers mois. Soutien r\u00e9it\u00e9r\u00e9 par exemple en juillet apr\u00e8s Wimbledon\u00a0: \u00ab\u00a0Je suis aux c\u00f4t\u00e9s du peuple, des jeunes. Ce qui se passe est inacceptable. Ce sont des sc\u00e8nes horribles, et je n\u2019\u00e9prouve que de la sympathie et du soutien pour ceux qui manifestent.\u00a0\u00bb<\/p>\n<blockquote data-class=\"twitter-tweet\">\n<p lang=\"fr\" dir=\"ltr\">[  \\ud83c\\uddf7\\ud83c\\uddf8 SERBIE ]<\/p>\n<p>\\ud83d\\udd38 Hier \u00e0 Belgrade, environ 500 000 personnes ont manifest\u00e9 contre le pr\u00e9sident Vu\u010di\u0107 et son gouvernement. Une nouvelle vid\u00e9o prise depuis les airs montre \u00e0 quel point la mobilisation a \u00e9t\u00e9 importante. <a href=\"https:\/\/t.co\/mZvfkHGiOo\" rel=\"nofollow\">pic.twitter.com\/mZvfkHGiOo<\/a><\/p>\n<p>\u2014 Little Think Tank (@L_ThinkTank) <a href=\"https:\/\/twitter.com\/L_ThinkTank\/status\/1901205801013817639?ref_src=twsrc%5Etfw\" rel=\"nofollow noopener\" target=\"_blank\">March 16, 2025<\/a><\/p><\/blockquote>\n<p>La Serbie est secou\u00e9e depuis le mois de novembre\u00a02024 par des manifestations sans pr\u00e9c\u00e9dent. Tout est parti de l\u2019effondrement d\u2019un abribus \u00e0 Novi Stad, qui a tu\u00e9 15 personnes. Depuis, les manifestations contre le gouvernement d\u2019Aleksandar Vucic durent et ne faiblissent pas. Et le soutien de Djokovic \u00e0 ces sc\u00e8nes de r\u00e9sistance lui a valu des attaques des m\u00e9dias pro-pouvoir comme\u00a0Informer\u00a0qui, en mars, le traitait de \u00ab\u00a0faux patriote\u00a0\u00bb.<\/p>\n<p>                                                                                                                                                                                                        <script async src=\"https:\/\/platform.twitter.com\/widgets.js\" charset=\"utf-8\"><\/script><script async src=\"\/\/www.instagram.com\/embed.js\"><\/script><\/p>\n","protected":false},"excerpt":{"rendered":"l&rsquo;essentiel Peu en vue sur les courts de tennis ces derni\u00e8res semaines, Novak Djokovic fait beaucoup parler de&hellip;\n","protected":false},"author":2,"featured_media":304362,"comment_status":"","ping_status":"","sticky":false,"template":"","format":"standard","meta":{"footnotes":""},"categories":[1415],"tags":[1011,27,60,1467],"class_list":{"0":"post-304361","1":"post","2":"type-post","3":"status-publish","4":"format-standard","5":"has-post-thumbnail","7":"category-tennis","8":"tag-fr","9":"tag-france","10":"tag-sports","11":"tag-tennis"},"share_on_mastodon":{"url":"","error":""},"_links":{"self":[{"href":"https:\/\/www.europesays.com\/fr\/wp-json\/wp\/v2\/posts\/304361","targetHints":{"allow":["GET"]}}],"collection":[{"href":"https:\/\/www.europesays.com\/fr\/wp-json\/wp\/v2\/posts"}],"about":[{"href":"https:\/\/www.europesays.com\/fr\/wp-json\/wp\/v2\/types\/post"}],"author":[{"embeddable":true,"href":"https:\/\/www.europesays.com\/fr\/wp-json\/wp\/v2\/users\/2"}],"replies":[{"embeddable":true,"href":"https:\/\/www.europesays.com\/fr\/wp-json\/wp\/v2\/comments?post=304361"}],"version-history":[{"count":0,"href":"https:\/\/www.europesays.com\/fr\/wp-json\/wp\/v2\/posts\/304361\/revisions"}],"wp:featuredmedia":[{"embeddable":true,"href":"https:\/\/www.europesays.com\/fr\/wp-json\/wp\/v2\/media\/304362"}],"wp:attachment":[{"href":"https:\/\/www.europesays.com\/fr\/wp-json\/wp\/v2\/media?parent=304361"}],"wp:term":[{"taxonomy":"category","embeddable":true,"href":"https:\/\/www.europesays.com\/fr\/wp-json\/wp\/v2\/categories?post=304361"},{"taxonomy":"post_tag","embeddable":true,"href":"https:\/\/www.europesays.com\/fr\/wp-json\/wp\/v2\/tags?post=304361"}],"curies":[{"name":"wp","href":"https:\/\/api.w.org\/{rel}","templated":true}]}}