{"id":304363,"date":"2025-08-08T05:27:11","date_gmt":"2025-08-08T05:27:11","guid":{"rendered":"https:\/\/www.europesays.com\/fr\/304363\/"},"modified":"2025-08-08T05:27:11","modified_gmt":"2025-08-08T05:27:11","slug":"quelles-sont-les-instances-dirigeantes-du-motogp","status":"publish","type":"post","link":"https:\/\/www.europesays.com\/fr\/304363\/","title":{"rendered":"Quelles sont les instances dirigeantes du MotoGP ?"},"content":{"rendered":"<p style=\"text-align: justify;\"><strong>Le MotoGP, qui va passer sous <a href=\"https:\/\/franceracing.fr\/moto-gp\/la-commission-europeenne-approuve-le-rachat-du-motogp-par-liberty-media\/\" target=\"_blank\" rel=\"noopener nofollow\">le pavillon Liberty Media<\/a>, est dirig\u00e9 par quatre entit\u00e9s. Chacune de ces quatre organisations jouant un r\u00f4le important dans le d\u00e9roulement du Championnat du Monde.\u00a0<\/strong><\/p>\n<p style=\"text-align: justify;\">\u00ab\u00a0Nous avons quatre entit\u00e9s. La FIM, la f\u00e9d\u00e9ration internationale, Dorna comme promoteur, la MSMA comme association des constructeurs et l&rsquo;IRTA comme association des \u00e9quipes\u00a0\u00bb, explique Herv\u00e9 Poncharal, co-fondateur de l&rsquo;\u00e9quipe Tech3 et ancien pr\u00e9sident de l&rsquo;IRTA. Chacune joue un r\u00f4le important et est repr\u00e9sent\u00e9e au sein de la Commission Grands Prix, charg\u00e9e notamment d&rsquo;\u00e9tablir le r\u00e8glement des cat\u00e9gories.<\/p>\n<p>FIM (F\u00e9d\u00e9ration Internationale du Motocyclisme)<\/p>\n<p style=\"text-align: justify;\">La FIM est l&rsquo;instance dirigeante en charge de la r\u00e9glementation des disciplines. La f\u00e9d\u00e9ration internationale voit le jour en 1904 avant d&rsquo;\u00eatre dissoute, suite \u00e0 un d\u00e9saccord des f\u00e9d\u00e9rations affili\u00e9es. Elle rena\u00eet en 1912 sous sa forme actuelle. Outre les 49 Championnats du Monde reconnus par la FIM, elle g\u00e8re \u00e9galement d&rsquo;autres aspects comme le motocyclisme de loisirs, la mobilit\u00e9, le transport, la s\u00e9curit\u00e9 routi\u00e8re ou encore l\u2019environnement. Sur ce dernier point, elle est la premi\u00e8re f\u00e9d\u00e9ration sportive internationale \u00e0 imposer un code environnemental d\u00e8s 1994.<\/p>\n<p style=\"text-align: justify;\">A ce jour, elle est reconnue comme la seule autorit\u00e9 comp\u00e9tente en sport motocycliste par le Comit\u00e9 international olympique (CIO). Install\u00e9e en Suisse depuis 1959, son pr\u00e9sident est Jorge Viegas, \u00e9lu depuis 2019.<\/p>\n<p>Dorna (D\u00e9tenteur des droits commerciaux du MotoGP)<\/p>\n<p style=\"text-align: justify;\">Dorna Sports est une soci\u00e9t\u00e9 espagnole fond\u00e9e en 1988 par la Banco Banesto. En 1992, elle devient la d\u00e9tentrice exclusive des droits commerciaux et t\u00e9l\u00e9visuels du MotoGP. Elle r\u00e9cup\u00e8re les m\u00eames droits pour le Superbike en 2013. Vendue en 1998 au CVC Capital Partner, ce dernier s&rsquo;en d\u00e9fait en 2006, apr\u00e8s avoir acquis des parts dans les soci\u00e9t\u00e9s dirigeantes des droits commerciaux de la F1 \u00e0 Bridgepoint, qui en c\u00e8de une partie en 2012 au Canada Pension Plan Investment Board (CPPIB). En 2025, Liberty Media, d\u00e9tenteur des droits commerciaux de la F1, reprend 84% de Dorna Sports.<\/p>\n<p style=\"text-align: justify;\">Dorna conclut aujourd&rsquo;hui des accords avec les circuits, les diff\u00e9rents diffuseurs t\u00e9l\u00e9visuels et les sponsors du championnat, une partie des revenus \u00e9tant revers\u00e9e aux \u00e9quipes. L&rsquo;accord conclu avec la FIM pour l&rsquo;organisation du Championnat du Monde court jusqu&rsquo;en 2060.<\/p>\n<p>IRTA (International Road-Racing Teams Association)<\/p>\n<p style=\"text-align: justify;\">L&rsquo;IRTA a \u00e9t\u00e9 fond\u00e9e en 1986 sous l&rsquo;impulsion de Mike Trimby et a remplac\u00e9 l&rsquo;association des pilotes, en impliquant directement les \u00e9quipes. L&rsquo;IRTA permet aux \u00e9quipes de s&rsquo;exprimer d&rsquo;une seule voix en cas de conflit potentiel avec d&rsquo;autres instances , tout en jouant un r\u00f4le important dans la professionnalisation du championnat. La pr\u00e9sidence a \u00e9t\u00e9 assur\u00e9e pendant de nombreuses ann\u00e9es par Herv\u00e9 Poncharal avant de la c\u00e9der <a href=\"https:\/\/franceracing.fr\/moto-gp\/herve-poncharal-va-quitter-la-presidence-de-lirta\/\" target=\"_blank\" rel=\"noopener nofollow\">cette ann\u00e9e \u00e0 Lucio Cecchinello<\/a>.<\/p>\n<p>MSMA (Motorcycle Sports Manufacturers Association)<\/p>\n<p style=\"text-align: justify;\">La MSMA est l&rsquo;association des constructeurs actifs en MotoGP, \u00e0 savoir Ducati, KTM, Aprilia, Yamaha et Honda. L&rsquo;association repr\u00e9sente les cinq marques et leur permet de discuter des modifications du r\u00e8glement ou des n\u00e9gociations commerciales avec la Dorna. Son r\u00f4le a \u00e9t\u00e9 crucial dans <a href=\"https:\/\/franceracing.fr\/moto-gp\/le-motogp-devoile-les-machines-de-2027\/\" target=\"_blank\" rel=\"noopener nofollow\">la d\u00e9termination des r\u00e8gles pour 2027<\/a>, <a href=\"https:\/\/franceracing.fr\/moto-gp\/le-motogp-presente-son-nouveau-systeme-de-concession\/\" target=\"_blank\" rel=\"noopener nofollow\">l&rsquo;introduction des concessions<\/a> ou\u00a0 <a href=\"https:\/\/franceracing.fr\/moto-gp\/la-course-sprint-confirmee-en-motogp-en-2023\/\" target=\"_blank\" rel=\"noopener nofollow\">celle des Sprints<\/a>.<\/p>\n<p style=\"text-align: justify;\">La pr\u00e9sidence de la MSMA est assur\u00e9e par rotation r\u00e9guli\u00e8re entre les constructeurs. Massimo Rivola, PDG d&rsquo;Aprilia Racing, est \u00e0 sa t\u00eate depuis 2024. Son mandat ne peut pas exc\u00e9der quatre ans.<\/p>\n","protected":false},"excerpt":{"rendered":"Le MotoGP, qui va passer sous le pavillon Liberty Media, est dirig\u00e9 par quatre entit\u00e9s. Chacune de ces&hellip;\n","protected":false},"author":2,"featured_media":304364,"comment_status":"","ping_status":"","sticky":false,"template":"","format":"standard","meta":{"footnotes":""},"categories":[1413],"tags":[1011,27,1457,1456,60],"class_list":{"0":"post-304363","1":"post","2":"type-post","3":"status-publish","4":"format-standard","5":"has-post-thumbnail","7":"category-moto","8":"tag-fr","9":"tag-france","10":"tag-moto","11":"tag-motocycle","12":"tag-sports"},"share_on_mastodon":{"url":"https:\/\/pubeurope.com\/@fr\/114991493556771290","error":""},"_links":{"self":[{"href":"https:\/\/www.europesays.com\/fr\/wp-json\/wp\/v2\/posts\/304363","targetHints":{"allow":["GET"]}}],"collection":[{"href":"https:\/\/www.europesays.com\/fr\/wp-json\/wp\/v2\/posts"}],"about":[{"href":"https:\/\/www.europesays.com\/fr\/wp-json\/wp\/v2\/types\/post"}],"author":[{"embeddable":true,"href":"https:\/\/www.europesays.com\/fr\/wp-json\/wp\/v2\/users\/2"}],"replies":[{"embeddable":true,"href":"https:\/\/www.europesays.com\/fr\/wp-json\/wp\/v2\/comments?post=304363"}],"version-history":[{"count":0,"href":"https:\/\/www.europesays.com\/fr\/wp-json\/wp\/v2\/posts\/304363\/revisions"}],"wp:featuredmedia":[{"embeddable":true,"href":"https:\/\/www.europesays.com\/fr\/wp-json\/wp\/v2\/media\/304364"}],"wp:attachment":[{"href":"https:\/\/www.europesays.com\/fr\/wp-json\/wp\/v2\/media?parent=304363"}],"wp:term":[{"taxonomy":"category","embeddable":true,"href":"https:\/\/www.europesays.com\/fr\/wp-json\/wp\/v2\/categories?post=304363"},{"taxonomy":"post_tag","embeddable":true,"href":"https:\/\/www.europesays.com\/fr\/wp-json\/wp\/v2\/tags?post=304363"}],"curies":[{"name":"wp","href":"https:\/\/api.w.org\/{rel}","templated":true}]}}