{"id":304365,"date":"2025-08-08T05:28:12","date_gmt":"2025-08-08T05:28:12","guid":{"rendered":"https:\/\/www.europesays.com\/fr\/304365\/"},"modified":"2025-08-08T05:28:12","modified_gmt":"2025-08-08T05:28:12","slug":"f1-apres-la-hongrie-mercedes-est-la-meilleure-equipe-apres-mclaren","status":"publish","type":"post","link":"https:\/\/www.europesays.com\/fr\/304365\/","title":{"rendered":"F1, apr\u00e8s la Hongrie, Mercedes est la meilleure \u00e9quipe&#8230;apr\u00e8s McLaren !"},"content":{"rendered":"<p>Sur cette saison 2025 de F1, McLaren fait la course seule en t\u00eate des championnats constructeurs et pilotes. Mais derri\u00e8re, la bagarre fait rage entre Ferrari, RedBull et Mercedes ! Les fl\u00e8ches d\u2019argent ont su montrer en Hongrie qu\u2019elles ont toutes les qualit\u00e9s pour finir deuxi\u00e8me du championnat constructeurs apr\u00e8s la tr\u00eave estivale.<\/p>\n<p>George Russell, le meilleur des autres en F1 cette saison ?<\/p>\n<p>En d\u00e9crochant son sixi\u00e8me podium en F1 cette saison, George Russell revient \u00e0 15 points de Verstappen. Un \u00e9cart tr\u00e8s mince qui peut s\u2019inverser en un week-end de course ! Il est \u00e9galement le seul pilote non McLaren ou RedBull \u00e0 avoir d\u00e9croch\u00e9 une victoire sur cette premi\u00e8re moiti\u00e9 de la saison, c\u2019\u00e9tait au Canada. Apr\u00e8s son podium en Hongrie, George se sent gonfl\u00e9 \u00e0 bloc pour la reprise et gagne en confiance :<\/p>\n<blockquote>\n<p>\u201cC\u2019est formidable d\u2019\u00eatre \u00e0 nouveau sur le podium. Nous avons fait un pas en avant avec la voiture ce week-end, c\u2019est donc une r\u00e9compense m\u00e9rit\u00e9e pour le travail acharn\u00e9 de tous \u00e0 l\u2019usine. Il semblait que nous devions nous contenter de la quatri\u00e8me place, mais nous nous sommes rapproch\u00e9s de Leclerc dans les derniers tours. Le d\u00e9passement lui-m\u00eame a \u00e9t\u00e9 un peu d\u00e9licat ; je me suis engag\u00e9 dans le virage, et il a clairement boug\u00e9 au freinage, ce qui lui a valu une p\u00e9nalit\u00e9. Heureusement, il n\u2019y a pas eu de d\u00e9g\u00e2ts et nous avons pu prendre la troisi\u00e8me place.<\/p>\n<p>\u201cCe r\u00e9sultat nous encourage \u00e0 l\u2019heure de la pause estivale et nous pouvons d\u00e9sormais envisager les dix derni\u00e8res courses de l\u2019ann\u00e9e avec plus de confiance. Il ne faut pas s\u2019emballer non plus, car nous ne nous attendions pas \u00e0 \u00eatre dans les trois premiers ce week-end. Nous savons que la hi\u00e9rarchie derri\u00e8re McLaren est serr\u00e9e et que nous devrons \u00eatre \u00e0 notre meilleur niveau pour nous battre r\u00e9guli\u00e8rement pour les podiums dans la seconde moiti\u00e9 de la saison.\u201d<\/p>\n<\/blockquote>\n<blockquote class=\"twitter-tweet\">\n<p dir=\"ltr\" lang=\"en\">Nice way to enter the break \ud83c\udfc6\ud83c\udded\ud83c\uddfa <a href=\"https:\/\/t.co\/DOxX4RFq42\">pic.twitter.com\/DOxX4RFq42<\/a><\/p>\n<p>\u2014 George Russell (@GeorgeRussell63) <a href=\"https:\/\/twitter.com\/GeorgeRussell63\/status\/1952026391895056469?ref_src=twsrc%5Etfw\" target=\"_blank\" rel=\"noopener\">August 3, 2025<\/a><\/p>\n<\/blockquote>\n<p>Andrea Kimi Antonelli enfin de retour dans les points !<\/p>\n<p>Un podium et 7e au classement des pilotes, et si c\u2019\u00e9tait lui le rookie de cette saison 2025 de F1 ? Andrea Kimi Antonelli est de retour dans les points apr\u00e8s une p\u00e9riode compliqu\u00e9e depuis le Grand Prix d\u2019Emilie-Romagne. Une bon boost au moral avant d\u2019aborder la tr\u00eave estivale. Le jeune prodige de chez Mercedes va pouvoir aborder la deuxi\u00e8me moiti\u00e9 de la saison avec plus de s\u00e9r\u00e9nit\u00e9. Ses prochains r\u00e9sultats vont \u00eatre cruciaux pour son \u00e9quipe !<\/p>\n<blockquote>\n<p>\u201cCe dernier relais a \u00e9t\u00e9 tr\u00e8s long. J\u2019ai eu l\u2019impression qu\u2019il n\u2019en finissait pas ! J\u2019ai fait pr\u00e8s de 50 tours avec ce pneu dur et \u00e0 la fin, je m\u2019accrochais \u00e0 la sortie du dernier virage \u00e0 chaque tour et je d\u00e9fendais dans le premier virage. Les voitures derri\u00e8re avaient une meilleure adh\u00e9rence, mais j\u2019ai r\u00e9ussi \u00e0 conserver ma place. C\u2019est une bonne chose d\u2019obtenir ce point, car notre rythme en air libre \u00e9tait bon. Si je peux partir de plus haut sur la grille apr\u00e8s la pause estivale, je sais que nous pourrons nous battre pour de bons points chaque week-end.<\/p>\n<p>Je suis vraiment heureux que ma confiance dans la voiture soit revenue ce week-end. Je quitte Budapest en me sentant beaucoup plus \u00e0 l\u2019aise apr\u00e8s \u00eatre revenu \u00e0 l\u2019ancienne suspension arri\u00e8re. La qualification de samedi est vraiment dommage, car le rythme \u00e9tait clairement l\u00e0. Nous pouvons utiliser cette confiance pour la seconde moiti\u00e9 de la saison et l\u2019envisager avec optimisme.\u201d<\/p>\n<\/blockquote>\n<p>Toto Wolff d\u00e9j\u00e0 concentr\u00e9 sur 2026 !<\/p>\n<p>Malgr\u00e9 ce r\u00e9sultat tr\u00e8s encourageant, Toto Wolff rappelle que les regards sont d\u00e9j\u00e0 tourn\u00e9s vers la prochaine saison de F1. Les <a href=\"https:\/\/lemagsportauto.ouest-france.fr\/f1-verstappen-va-t-il-partir-chez-mercedes-ou-rester-chez-rb-max-leve-le-suspense\/107249\/\" target=\"_blank\" rel=\"noopener\">rumeurs envoient Verstappen<\/a> chez Mercedes et l\u2019\u00e9quipe annonce d\u00e9j\u00e0 ne plus d\u00e9velopper d\u2019am\u00e9liorations majeures pour la monoplace 2025. O\u00f9 se situera Mercedes en fin de saison ? D\u00e9but de r\u00e9ponse \u00e0 Zandvoort !<\/p>\n<blockquote>\n<p>Ce week-end a \u00e9t\u00e9 positif pour l\u2019\u00e9quipe ici en Hongrie. Nous avons modifi\u00e9 les sp\u00e9cifications de la suspension arri\u00e8re, ce qui a permis aux pilotes de disposer d\u2019une voiture beaucoup plus stable et \u00e9quilibr\u00e9e. Ils avaient davantage confiance en elle et cela s\u2019est refl\u00e9t\u00e9 dans leur rythme. La voiture a \u00e9t\u00e9 solide tout au long de la course, ce qui a permis \u00e0 George de d\u00e9crocher un podium bien m\u00e9rit\u00e9 et \u00e0 Kimi d\u2019\u00eatre en mesure de r\u00e9sister \u00e0 plusieurs voitures pour marquer un point, malgr\u00e9 des pneus vieux de pr\u00e8s de 50 tours.<\/p>\n<p>Ce r\u00e9sultat et notre performance globale ici au Hungaroring nous donnent une indication de notre niveau pour le reste de la saison. Comme nous nous concentrons sur 2026, nous n\u2019aurons plus d\u2019am\u00e9liorations a\u00e9rodynamiques majeures \u00e0 apporter \u00e0 la voiture actuelle. N\u00e9anmoins, nous pourrons proc\u00e9der \u00e0 des ajustements pour optimiser la voiture dont nous disposons. Cela nous sera utile pour terminer l\u2019ann\u00e9e 2025 de la meilleure des mani\u00e8res et nous battre pour la deuxi\u00e8me place du championnat des constructeurs lors des 10 derni\u00e8res courses de l\u2019ann\u00e9e.\u201d<\/p>\n<\/blockquote>\n<p>Article publi\u00e9 le 08\/08\/2025 \u00e0 6h31<\/p>\n<p>                                                            <script async src=\"https:\/\/platform.twitter.com\/widgets.js\" charset=\"utf-8\"><\/script><\/p>\n","protected":false},"excerpt":{"rendered":"Sur cette saison 2025 de F1, McLaren fait la course seule en t\u00eate des championnats constructeurs et pilotes.&hellip;\n","protected":false},"author":2,"featured_media":304366,"comment_status":"","ping_status":"","sticky":false,"template":"","format":"standard","meta":{"footnotes":""},"categories":[1412],"tags":[44428,1451,1452,1453,1454,1455,1011,27,4320,60],"class_list":{"0":"post-304365","1":"post","2":"type-post","3":"status-publish","4":"format-standard","5":"has-post-thumbnail","7":"category-f1","8":"tag-andrea-kimi-antonelli","9":"tag-f1","10":"tag-formula-1","11":"tag-formula1","12":"tag-formule-1","13":"tag-formule1","14":"tag-fr","15":"tag-france","16":"tag-mercedes","17":"tag-sports"},"share_on_mastodon":{"url":"https:\/\/pubeurope.com\/@fr\/114991497678352729","error":""},"_links":{"self":[{"href":"https:\/\/www.europesays.com\/fr\/wp-json\/wp\/v2\/posts\/304365","targetHints":{"allow":["GET"]}}],"collection":[{"href":"https:\/\/www.europesays.com\/fr\/wp-json\/wp\/v2\/posts"}],"about":[{"href":"https:\/\/www.europesays.com\/fr\/wp-json\/wp\/v2\/types\/post"}],"author":[{"embeddable":true,"href":"https:\/\/www.europesays.com\/fr\/wp-json\/wp\/v2\/users\/2"}],"replies":[{"embeddable":true,"href":"https:\/\/www.europesays.com\/fr\/wp-json\/wp\/v2\/comments?post=304365"}],"version-history":[{"count":0,"href":"https:\/\/www.europesays.com\/fr\/wp-json\/wp\/v2\/posts\/304365\/revisions"}],"wp:featuredmedia":[{"embeddable":true,"href":"https:\/\/www.europesays.com\/fr\/wp-json\/wp\/v2\/media\/304366"}],"wp:attachment":[{"href":"https:\/\/www.europesays.com\/fr\/wp-json\/wp\/v2\/media?parent=304365"}],"wp:term":[{"taxonomy":"category","embeddable":true,"href":"https:\/\/www.europesays.com\/fr\/wp-json\/wp\/v2\/categories?post=304365"},{"taxonomy":"post_tag","embeddable":true,"href":"https:\/\/www.europesays.com\/fr\/wp-json\/wp\/v2\/tags?post=304365"}],"curies":[{"name":"wp","href":"https:\/\/api.w.org\/{rel}","templated":true}]}}