{"id":304371,"date":"2025-08-08T05:31:22","date_gmt":"2025-08-08T05:31:22","guid":{"rendered":"https:\/\/www.europesays.com\/fr\/304371\/"},"modified":"2025-08-08T05:31:22","modified_gmt":"2025-08-08T05:31:22","slug":"quand-bruno-guillon-remplacera-t-il-olivier-minne-dans-tout-le-monde-a-son-mot-a-dire-voici-la-date-de-sa-premiere-avec-sidonie-bonnec","status":"publish","type":"post","link":"https:\/\/www.europesays.com\/fr\/304371\/","title":{"rendered":"Quand Bruno Guillon remplacera-t-il Olivier Minne dans Tout le monde \u00e0 son mot \u00e0 dire ? Voici la date de sa premi\u00e8re avec Sidonie Bonnec"},"content":{"rendered":"<p>Visage embl\u00e9matique des divertissements sur France 2, Bruno Guillon gagne un nouveau jeu. \u00c0 partir de la rentr\u00e9e, l&rsquo;animateur de Chacun son tour va rejoindre Sidonie Bonnec \u00e0 la pr\u00e9sentation de Tout le monde a son mot \u00e0 dire, en remplacement d&rsquo;Olivier Minne. Et on conna\u00eet d\u00e9j\u00e0 la date de sa premi\u00e8re \u00e9mission !<\/p>\n<p>Un changement de taille ! Diffus\u00e9 sur l&rsquo;antenne de France 2 depuis 2017, <a href=\"https:\/\/www.programme-tv.net\/news\/tv\/325485-le-coup-de-coeur-a-ete-immediat-olivier-minne-se-confie-sur-sa-relation-avec-sidonie-bonnec-dans-tout-le-monde-a-son-mot-a-dire\/\" data-api-deeplink=\"teleloisirs:\/\/news\/325485\" target=\"_blank\" rel=\"noopener\">Tout le monde a son mot \u00e0 dire<\/a> rythme les apr\u00e8s-midi de la cha\u00eene, f\u00e9d\u00e9rant plus d&rsquo;un million de t\u00e9l\u00e9spectateurs en moyenne \u00e0 chaque num\u00e9ro. Aux manettes de ce divertissement adapt\u00e9 d&rsquo;un format britannique baptis\u00e9 Alphabetical : le duo compos\u00e9 par Sidonie Bonnec et Olivier Minne. Mais le bin\u00f4me va bient\u00f4t devoir se s\u00e9parer. En cause : <a href=\"https:\/\/www.programme-tv.net\/news\/tv\/378087-olivier-minne-rejoint-m6-quand-quittera-t-il-tout-le-monde-a-son-mot-a-dire-sur-france-2\/\" data-api-deeplink=\"teleloisirs:\/\/news\/378087\" target=\"_blank\" rel=\"noopener\">le d\u00e9part du pr\u00e9sentateur de Fort Boyard<\/a>, apr\u00e8s trente-cinq ans de bons et loyaux services sur France T\u00e9l\u00e9visions. En effet, d\u00e8s la rentr\u00e9e, le Belge de 58 ans rejoindre les rangs de M6.<\/p>\n<p>Tout le monde a son mot \u00e0 dire : quand Bruno Guillon arrive-t-il dans le jeu de France 2 aux c\u00f4t\u00e9s de Sidonie Bonnec ?<\/p>\n<p>Et l&rsquo;animateur ne va pas ch\u00f4mer ! Lors de la conf\u00e9rence de presse de rentr\u00e9e, la Six a r\u00e9v\u00e9l\u00e9 qu&rsquo;Olivier Minne <a href=\"https:\/\/www.programme-tv.net\/news\/tv\/381720-voici-le-jeu-culte-que-va-animer-olivier-minne-sur-m6-a-la-rentree\/\" data-api-deeplink=\"teleloisirs:\/\/news\/381720\" target=\"_blank\" rel=\"noopener\">reprendra la pr\u00e9sentation de plusieurs \u00e9missions<\/a> sur son antenne, dont Le maillon faible. Parmi les autres programmes qu&rsquo;il incarnera : un quiz intitul\u00e9 Quel est \u00e2ge de votre cerveau ?, mais surtout Pandore, un jeu in\u00e9dit et imagin\u00e9 par les cr\u00e9ateurs hollandais des Tra\u00eetres. Pour remplacer Olivier Minne dans Tout le monde a son mot \u00e0 dire, la cha\u00eene a fait appel \u00e0 Bruno Guillon, figure populaire de la Deux. Si le visage de Fort Boyard depuis vingt-deux ans <a href=\"https:\/\/www.programme-tv.net\/news\/tv\/384719-olivier-minne-fera-sa-derniere-dans-tout-le-monde-a-son-mot-a-dire-avec-sidonie-bonnec-le\/\" data-api-deeplink=\"teleloisirs:\/\/news\/384719\" target=\"_blank\" rel=\"noopener\"><b>fera ses adieux le samedi 23 ao\u00fbt prochain <\/b>aux t\u00e9l\u00e9spectateurs de l&rsquo;\u00e9mission<\/a>, <b>il ne faudra pas attendre tr\u00e8s longtemps pour assister aux premiers pas de son confr\u00e8re<\/b>. En effet, ce dernier d\u00e9barquera aux c\u00f4t\u00e9s de Sidonie Bonnec d\u00e8s le lundi suivant, soit le 25 ao\u00fbt. Nul doute que Bruno Guillon saura vite vous convaincre.<\/p>\n<p>                        \u00ab\u00a0Chaque jour, je me dis que tout va s&rsquo;arr\u00eater\u00a0\u00bb : Bruno Guillon revient sur le succ\u00e8s inattendu du jeu Chacun son tour<\/p>\n<p>En reprenant Tout le monde a son mot \u00e0 dire, l&rsquo;animateur de 54 ans n&rsquo;abandonnera pas pour autant la pr\u00e9sentation de <a href=\"https:\/\/www.programme-tv.net\/news\/tv\/346964-classement-chacun-son-tour-qui-sont-les-plus-grands-champions-du-jeu-de-france-2\/\" data-api-deeplink=\"teleloisirs:\/\/news\/346964\" target=\"_blank\" rel=\"noopener\">Chacun son tour<\/a>. Diffus\u00e9 depuis 2021, le jeu conna\u00eet un vif succ\u00e8s. \u00ab\u00a0Personne ne s&rsquo;y attendait\u00a0\u00bb, r\u00e9v\u00e9lait Bruno Guillon \u00e0 T\u00e9l\u00e9-Loisirs. \u00ab\u00a0<b>Chaque jour, je me dis que tout va s&rsquo;arr\u00eater<\/b> mais les audiences montent encore. On a r\u00e9ussi \u00e0 faire une \u00e9mission populaire (&#8230;) Le fait que les candidats reviennent jouer tous les jours permet au public de s&rsquo;identifier\u00a0\u00bb, avait-il indiqu\u00e9.<\/p>\n","protected":false},"excerpt":{"rendered":"Visage embl\u00e9matique des divertissements sur France 2, Bruno Guillon gagne un nouveau jeu. \u00c0 partir de la rentr\u00e9e,&hellip;\n","protected":false},"author":2,"featured_media":304372,"comment_status":"","ping_status":"","sticky":false,"template":"","format":"standard","meta":{"footnotes":""},"categories":[1359],"tags":[7961,244,58,59,1011,27,594,494,17033,973,29485,44429,1630],"class_list":{"0":"post-304371","1":"post","2":"type-post","3":"status-publish","4":"format-standard","5":"has-post-thumbnail","7":"category-people","8":"tag-bruno-guillon","9":"tag-commentaire","10":"tag-divertissement","11":"tag-entertainment","12":"tag-fr","13":"tag-france","14":"tag-france-2","15":"tag-m6","16":"tag-olivier-minne","17":"tag-people","18":"tag-sidonie-bonnec","19":"tag-tout-le-monde-a-son-mot-u00e0-dire","20":"tag-zapping"},"share_on_mastodon":{"url":"https:\/\/pubeurope.com\/@fr\/114991509353723964","error":""},"_links":{"self":[{"href":"https:\/\/www.europesays.com\/fr\/wp-json\/wp\/v2\/posts\/304371","targetHints":{"allow":["GET"]}}],"collection":[{"href":"https:\/\/www.europesays.com\/fr\/wp-json\/wp\/v2\/posts"}],"about":[{"href":"https:\/\/www.europesays.com\/fr\/wp-json\/wp\/v2\/types\/post"}],"author":[{"embeddable":true,"href":"https:\/\/www.europesays.com\/fr\/wp-json\/wp\/v2\/users\/2"}],"replies":[{"embeddable":true,"href":"https:\/\/www.europesays.com\/fr\/wp-json\/wp\/v2\/comments?post=304371"}],"version-history":[{"count":0,"href":"https:\/\/www.europesays.com\/fr\/wp-json\/wp\/v2\/posts\/304371\/revisions"}],"wp:featuredmedia":[{"embeddable":true,"href":"https:\/\/www.europesays.com\/fr\/wp-json\/wp\/v2\/media\/304372"}],"wp:attachment":[{"href":"https:\/\/www.europesays.com\/fr\/wp-json\/wp\/v2\/media?parent=304371"}],"wp:term":[{"taxonomy":"category","embeddable":true,"href":"https:\/\/www.europesays.com\/fr\/wp-json\/wp\/v2\/categories?post=304371"},{"taxonomy":"post_tag","embeddable":true,"href":"https:\/\/www.europesays.com\/fr\/wp-json\/wp\/v2\/tags?post=304371"}],"curies":[{"name":"wp","href":"https:\/\/api.w.org\/{rel}","templated":true}]}}