{"id":304375,"date":"2025-08-08T05:33:25","date_gmt":"2025-08-08T05:33:25","guid":{"rendered":"https:\/\/www.europesays.com\/fr\/304375\/"},"modified":"2025-08-08T05:33:25","modified_gmt":"2025-08-08T05:33:25","slug":"les-livres-feministes-a-mettre-entre-toutes-les-mains","status":"publish","type":"post","link":"https:\/\/www.europesays.com\/fr\/304375\/","title":{"rendered":"Les livres f\u00e9ministes \u00e0 mettre entre toutes les mains"},"content":{"rendered":"<p>                    \u00c9d. Buchet-Chastel\n    <\/p>\n<p>Colonie mennonite de Molotschna (Russie), 2009. Alors que les hommes sont partis \u00e0 la ville, huit femmes \u2013 grands-m\u00e8res, m\u00e8res et jeunes filles \u2013 tiennent une r\u00e9union secr\u00e8te dans un grenier \u00e0 foin. Depuis quatre ans, nombre d\u2019entre elles sont retrouv\u00e9es, \u00e0 l\u2019aube, inconscientes, rou\u00e9es de coups et viol\u00e9es. Pour ces chr\u00e9tiens baptistes qui vivent coup\u00e9s du monde, l\u2019explication est \u00e9vidente: c\u2019est \u00e0 cause du diable. Mais les femmes, elles, le savent: elles sont victimes de la folie des hommes. Elles ont quarante-huit heures pour reprendre leur destin en main. Pour parler de ce qu\u2019elles ont v\u00e9cu, et de ce qu\u2019elles veulent d\u00e9sormais vivre. Analphab\u00e8tes, elles parlent un obscur dialecte, et ignorent tout du monde ext\u00e9rieur. Pourtant, au fil des pages de ce roman qui retranscrit les minutes de leur assembl\u00e9e, leurs questions, leur rage, leurs aspirations se r\u00e9v\u00e8lent \u00eatre celles de toutes les femmes.<\/p>\n","protected":false},"excerpt":{"rendered":"\u00c9d. Buchet-Chastel Colonie mennonite de Molotschna (Russie), 2009. Alors que les hommes sont partis \u00e0 la ville, huit&hellip;\n","protected":false},"author":2,"featured_media":304376,"comment_status":"","ping_status":"","sticky":false,"template":"","format":"standard","meta":{"footnotes":""},"categories":[1357],"tags":[1379,58,59,1011,27,1380],"class_list":{"0":"post-304375","1":"post","2":"type-post","3":"status-publish","4":"format-standard","5":"has-post-thumbnail","7":"category-livres","8":"tag-books","9":"tag-divertissement","10":"tag-entertainment","11":"tag-fr","12":"tag-france","13":"tag-livres"},"share_on_mastodon":{"url":"https:\/\/pubeurope.com\/@fr\/114991517088424642","error":""},"_links":{"self":[{"href":"https:\/\/www.europesays.com\/fr\/wp-json\/wp\/v2\/posts\/304375","targetHints":{"allow":["GET"]}}],"collection":[{"href":"https:\/\/www.europesays.com\/fr\/wp-json\/wp\/v2\/posts"}],"about":[{"href":"https:\/\/www.europesays.com\/fr\/wp-json\/wp\/v2\/types\/post"}],"author":[{"embeddable":true,"href":"https:\/\/www.europesays.com\/fr\/wp-json\/wp\/v2\/users\/2"}],"replies":[{"embeddable":true,"href":"https:\/\/www.europesays.com\/fr\/wp-json\/wp\/v2\/comments?post=304375"}],"version-history":[{"count":0,"href":"https:\/\/www.europesays.com\/fr\/wp-json\/wp\/v2\/posts\/304375\/revisions"}],"wp:featuredmedia":[{"embeddable":true,"href":"https:\/\/www.europesays.com\/fr\/wp-json\/wp\/v2\/media\/304376"}],"wp:attachment":[{"href":"https:\/\/www.europesays.com\/fr\/wp-json\/wp\/v2\/media?parent=304375"}],"wp:term":[{"taxonomy":"category","embeddable":true,"href":"https:\/\/www.europesays.com\/fr\/wp-json\/wp\/v2\/categories?post=304375"},{"taxonomy":"post_tag","embeddable":true,"href":"https:\/\/www.europesays.com\/fr\/wp-json\/wp\/v2\/tags?post=304375"}],"curies":[{"name":"wp","href":"https:\/\/api.w.org\/{rel}","templated":true}]}}