{"id":304377,"date":"2025-08-08T05:35:26","date_gmt":"2025-08-08T05:35:26","guid":{"rendered":"https:\/\/www.europesays.com\/fr\/304377\/"},"modified":"2025-08-08T05:35:26","modified_gmt":"2025-08-08T05:35:26","slug":"le-serial-killer-au-debut-de-la-saison-2-est-il-inspire-dun-vrai-tueur","status":"publish","type":"post","link":"https:\/\/www.europesays.com\/fr\/304377\/","title":{"rendered":"Le serial killer au d\u00e9but de la saison 2 est-il inspir\u00e9 d\u2019un vrai tueur ?"},"content":{"rendered":"<p>Depuis ce mercredi 6 ao\u00fbt (rien n&rsquo;arrive jamais par hasard avec une telle s\u00e9rie), l&rsquo;h\u00e9ro\u00efne gothique pr\u00e9f\u00e9r\u00e9e des abonn\u00e9s Netflix est de retour. La premi\u00e8re partie de la saison 2 de Mercredi est disponible et s&rsquo;ouvre sur l&rsquo;affrontement de la fille Addams avec un seriak killer, le Scalpeur de Kansas City. <\/p>\n<p>C&rsquo;est son activit\u00e9 pr\u00e9f\u00e9r\u00e9e : se fourrer dans des probl\u00e8mes o\u00f9 la mort r\u00f4de \u00e0 chaque coin de rebondissements. Et l\u00e0-dessus, Mercredi Addams n&rsquo;a pas chang\u00e9. Alors que les fans ont attendu trois ans depuis la saison 1 (<a href=\"https:\/\/www.programme-tv.net\/news\/series-tv\/384459-mercredi-pour-les-nuls-le-recap-de-tout-ce-dont-il-faut-se-rappeler-avant-de-lancer-la-saison-2-sur-netflix\/\" data-api-deeplink=\"teleloisirs:\/\/news\/384459\" target=\"_blank\" rel=\"noopener\">d\u00e9couvrez notre r\u00e9capitulatif des \u00e9v\u00e9nements majeurs pour tout comprendre \u00e0 la saison 2<\/a>), elle est <a href=\"https:\/\/www.programme-tv.net\/news\/series-tv\/384686-mercredi-saison-2-on-a-enfin-vu-les-4-premiers-episodes-et\/\" data-api-deeplink=\"teleloisirs:\/\/news\/384686\" target=\"_blank\" rel=\"noopener\">enfin de retour avec des \u00e9pisodes in\u00e9dits<\/a>. Et Mercredi, toujours <a href=\"https:\/\/www.programme-tv.net\/news\/series-tv\/384503-mercredi-jenna-ortega-et-tim-burton-a-paris-lena-situations-sinvite-a-la-soiree-photos\/\" data-api-deeplink=\"teleloisirs:\/\/news\/384503\" target=\"_blank\" rel=\"noopener\">incarn\u00e9e par Jenna Ortega<\/a>, n&rsquo;a pas attendu longtemps avant de se frotter \u00e0 la grande faucheuse. Si sa rentr\u00e9e des classes \u00e0 Nevermore est synonyme de nouvelle myst\u00e9rieuse s\u00e9rie de meurtres, elle a d&rsquo;abord profit\u00e9 de ses vacances scolaires pour satisfaire un r\u00eave d&rsquo;enfant : rencontrer et coincer le Scalpeur de Kansas City, tueur en s\u00e9rie qu&rsquo;elle admire depuis toute petite.<\/p>\n<p>                        Mercredi saison 2 : avez-vous reconnu cet acteur m\u00e9connaissable dans le r\u00f4le du Scalpeur de Kansas City ?<\/p>\n<p>C&rsquo;est une obsession que l&rsquo;on pouvait d\u00e9j\u00e0 d\u00e9couvrir en mai dernier : Netflix avait d\u00e9voil\u00e9 sur sa cha\u00eene YouTube un clip avec les six premi\u00e8res minutes de<a href=\"https:\/\/www.programme-tv.net\/news\/series-tv\/318475-mercredi-saison-2-netflix-date-de-sortie-casting-intrigue-premieres-informations-sur-la-nouvelle-saison\/\" data-api-deeplink=\"teleloisirs:\/\/news\/318475\" target=\"_blank\" rel=\"noopener\"> la saison 2 de Mercredi.<\/a> On y d\u00e9couvrait alors la jeune fille petite, exposer son obsession pour un c\u00e9l\u00e8bre tueur en s\u00e9rie, le Scalpeur de Kansas City. Et \u00e0 pr\u00e9sent qu&rsquo;elle ma\u00eetrise ses pouvoirs de vision, Mercredi Addams peut enfin retrouver la trace de celui qui a toujours su \u00e9chapper \u00e0 la police. Et c&rsquo;est ainsi que nous d\u00e9couvrons le visage du psychopathe. Un visage qui ne vous sera probablement pas inconnu : sous ses cheveux longs et mal lav\u00e9s et sous sa barbe mal taill\u00e9e, se cache un acteur c\u00e9l\u00e8bre, nomm\u00e9 \u00e0 deux reprises aux Oscars&#8230; En effet, il s&rsquo;agit de Haley Joel Osment. Aujourd&rsquo;hui \u00e2g\u00e9 de 37 ans, on le conna\u00eet surtout pour avoir \u00e9t\u00e9 le fameux \u00ab\u00a0gamin dans Sixi\u00e8me Sens\u00a0\u00bb puisqu&rsquo;il jouait Cole, le fils du personnage de <a href=\"https:\/\/www.programme-tv.net\/biographie\/684-willis-bruce\/\" data-link-people=\"0f2fe9d9-646a-4fbd-9b88-8dfc569e7790\" target=\"_blank\" rel=\"noopener\">Bruce Willis<\/a>, en 1999. Avant cela, il s&rsquo;\u00e9tait d\u00e9j\u00e0 fait remarquer en campant le fils de l&rsquo;incontournable Forrest Gump dans le long-m\u00e9trage de <a href=\"https:\/\/www.programme-tv.net\/biographie\/16889-zemeckis-robert\/\" data-link-people=\"7c62d76f-2699-47e4-a16b-988b80f8c2c9\" target=\"_blank\" rel=\"noopener\">Robert Zemeckis<\/a>.<\/p>\n<p>            Mercredi (Netflix) : le Scalpeur de Kansas City est-il inspir\u00e9 d&rsquo;un vrai tueur ?<\/p>\n<p>En dehors du terrible monde de la fiction, il n&rsquo;existe pas de tueur \u00e0 proprement parler qui soit surnomm\u00e9 \u00ab\u00a0le Scalpeur de Kansas City\u00a0\u00bb. Cependant, parce que les id\u00e9es naissent toujours de quelque part, il n&rsquo;est pas impossible que les cr\u00e9ateurs de la s\u00e9rie, Alfred Gough et Miles Millar, aient pens\u00e9 \u00e0 Robert Berdella en imaginant le personnage de Haley Joel Osment. En effet, ce tueur en s\u00e9rie am\u00e9ricain \u00e9tait surnomm\u00e9 \u00ab\u00a0le Boucher de Kansas City\u00a0\u00bb et a s\u00e9vi dans les ann\u00e9es 1980 dans le Missouri. S&rsquo;il n&rsquo;est pas pr\u00e9cis\u00e9ment fait mention de \u00ab\u00a0scalp\u00a0\u00bb ni de poup\u00e9es dans son dossier, il kidnappait ses victimes avant de les torturer.<\/p>\n","protected":false},"excerpt":{"rendered":"Depuis ce mercredi 6 ao\u00fbt (rien n&rsquo;arrive jamais par hasard avec une telle s\u00e9rie), l&rsquo;h\u00e9ro\u00efne gothique pr\u00e9f\u00e9r\u00e9e des&hellip;\n","protected":false},"author":2,"featured_media":304378,"comment_status":"","ping_status":"","sticky":false,"template":"","format":"standard","meta":{"footnotes":""},"categories":[1356],"tags":[1409,244,58,59,1011,27,44430,6774,41745,41744,127,1722,1721,129,252,1364],"class_list":{"0":"post-304377","1":"post","2":"type-post","3":"status-publish","4":"format-standard","5":"has-post-thumbnail","7":"category-television","8":"tag-bande-annonce","9":"tag-commentaire","10":"tag-divertissement","11":"tag-entertainment","12":"tag-fr","13":"tag-france","14":"tag-haley-joel-osment","15":"tag-mercredi","16":"tag-mercredi-saison-2-52190861","17":"tag-mercredi-52118434","18":"tag-netflix","19":"tag-pub-streaming-netflix","20":"tag-su00e9rie-netflix","21":"tag-svod","22":"tag-television","23":"tag-tv"},"share_on_mastodon":{"url":"https:\/\/pubeurope.com\/@fr\/114991525034987493","error":""},"_links":{"self":[{"href":"https:\/\/www.europesays.com\/fr\/wp-json\/wp\/v2\/posts\/304377","targetHints":{"allow":["GET"]}}],"collection":[{"href":"https:\/\/www.europesays.com\/fr\/wp-json\/wp\/v2\/posts"}],"about":[{"href":"https:\/\/www.europesays.com\/fr\/wp-json\/wp\/v2\/types\/post"}],"author":[{"embeddable":true,"href":"https:\/\/www.europesays.com\/fr\/wp-json\/wp\/v2\/users\/2"}],"replies":[{"embeddable":true,"href":"https:\/\/www.europesays.com\/fr\/wp-json\/wp\/v2\/comments?post=304377"}],"version-history":[{"count":0,"href":"https:\/\/www.europesays.com\/fr\/wp-json\/wp\/v2\/posts\/304377\/revisions"}],"wp:featuredmedia":[{"embeddable":true,"href":"https:\/\/www.europesays.com\/fr\/wp-json\/wp\/v2\/media\/304378"}],"wp:attachment":[{"href":"https:\/\/www.europesays.com\/fr\/wp-json\/wp\/v2\/media?parent=304377"}],"wp:term":[{"taxonomy":"category","embeddable":true,"href":"https:\/\/www.europesays.com\/fr\/wp-json\/wp\/v2\/categories?post=304377"},{"taxonomy":"post_tag","embeddable":true,"href":"https:\/\/www.europesays.com\/fr\/wp-json\/wp\/v2\/tags?post=304377"}],"curies":[{"name":"wp","href":"https:\/\/api.w.org\/{rel}","templated":true}]}}