{"id":304387,"date":"2025-08-08T05:40:11","date_gmt":"2025-08-08T05:40:11","guid":{"rendered":"https:\/\/www.europesays.com\/fr\/304387\/"},"modified":"2025-08-08T05:40:11","modified_gmt":"2025-08-08T05:40:11","slug":"je-me-demande-quand-meme-comment-je-vais-reussir-a-tenir-liberation","status":"publish","type":"post","link":"https:\/\/www.europesays.com\/fr\/304387\/","title":{"rendered":"\u00abJe me demande quand m\u00eame comment je vais r\u00e9ussir \u00e0 tenir\u00bb \u2013 Lib\u00e9ration"},"content":{"rendered":"<p class=\"sc-ksZaOG ehjQrN text-element\"><b>Plus de deux ans apr\u00e8s sa pr\u00e9sentation au Festival du film de Sundance, aux Etats-Unis, le film <\/b>Slow <b>est sorti mercredi 6 ao\u00fbt. R\u00e9alis\u00e9 par la lituanienne Marija Kavtaradze, il raconte l\u2019histoire d\u2019amour naissante d\u2019Elena avec Dovydas, qui lui fait son coming out asexuel : il ne ressent pas \u2013 ou peu \u2013 d\u2019attirance sexuelle. Si ce film est une fiction, c\u2019est la r\u00e9alit\u00e9 \u00e0 laquelle peuvent \u00eatre confront\u00e9s<\/b><a href=\"https:\/\/www.liberation.fr\/lifestyle\/intimites\/sexualite-des-francais-une-grosse-baise-de-regime-20240205_IFVC5LUZKZHMTN7FA4EWBU6L3M\/\" target=\"_blank\" rel=\"noopener\">les 12 % de Fran\u00e7ais qui se d\u00e9clarent asexuels<\/a><b>en 2024 selon un sondage de l\u2019Ifop. C\u2019est notamment le cas d\u2019Elody, 35 ans, en couple avec L\u00e9a, 25 ans. <\/b><\/p>\n<p class=\"sc-ksZaOG ehjQrN text-element\"><b>Elody : <\/b>\u00abJe suis tr\u00e8s pudique sur mes sentiments, j\u2019ai du mal \u00e0 dire les choses, donc je me dis que je ne vais pas r\u00e9ussir \u00e0 faire mon coming-out \u00e0 L\u00e9a. En plus, je suis persuad\u00e9e qu\u2019elle va me quitter : qui accepte d\u2019\u00eatre en couple sans coucher avec la personne ? Je n\u2019ai pas envie de la voir s\u2019\u00e9nerver, qu\u2019elle me dise que \u00e7a va passer. Donc je d\u00e9cide de lui envoyer un message pendant qu\u2019elle est au travail, dans lequel j\u2019\u00e9cris que je suis asexuelle et que je pr\u00e9pare ses affaires pour qu\u2019elle parte.\u00bb<\/p>\n","protected":false},"excerpt":{"rendered":"Plus de deux ans apr\u00e8s sa pr\u00e9sentation au Festival du film de Sundance, aux Etats-Unis, le film Slow&hellip;\n","protected":false},"author":2,"featured_media":304388,"comment_status":"","ping_status":"","sticky":false,"template":"","format":"standard","meta":{"footnotes":""},"categories":[8],"tags":[58,59,1011,27,44288],"class_list":{"0":"post-304387","1":"post","2":"type-post","3":"status-publish","4":"format-standard","5":"has-post-thumbnail","7":"category-divertissement","8":"tag-divertissement","9":"tag-entertainment","10":"tag-fr","11":"tag-france","12":"tag-temoignages-amour-et-sexualite"},"share_on_mastodon":{"url":"https:\/\/pubeurope.com\/@fr\/114991545117524268","error":""},"_links":{"self":[{"href":"https:\/\/www.europesays.com\/fr\/wp-json\/wp\/v2\/posts\/304387","targetHints":{"allow":["GET"]}}],"collection":[{"href":"https:\/\/www.europesays.com\/fr\/wp-json\/wp\/v2\/posts"}],"about":[{"href":"https:\/\/www.europesays.com\/fr\/wp-json\/wp\/v2\/types\/post"}],"author":[{"embeddable":true,"href":"https:\/\/www.europesays.com\/fr\/wp-json\/wp\/v2\/users\/2"}],"replies":[{"embeddable":true,"href":"https:\/\/www.europesays.com\/fr\/wp-json\/wp\/v2\/comments?post=304387"}],"version-history":[{"count":0,"href":"https:\/\/www.europesays.com\/fr\/wp-json\/wp\/v2\/posts\/304387\/revisions"}],"wp:featuredmedia":[{"embeddable":true,"href":"https:\/\/www.europesays.com\/fr\/wp-json\/wp\/v2\/media\/304388"}],"wp:attachment":[{"href":"https:\/\/www.europesays.com\/fr\/wp-json\/wp\/v2\/media?parent=304387"}],"wp:term":[{"taxonomy":"category","embeddable":true,"href":"https:\/\/www.europesays.com\/fr\/wp-json\/wp\/v2\/categories?post=304387"},{"taxonomy":"post_tag","embeddable":true,"href":"https:\/\/www.europesays.com\/fr\/wp-json\/wp\/v2\/tags?post=304387"}],"curies":[{"name":"wp","href":"https:\/\/api.w.org\/{rel}","templated":true}]}}