{"id":304393,"date":"2025-08-08T05:43:10","date_gmt":"2025-08-08T05:43:10","guid":{"rendered":"https:\/\/www.europesays.com\/fr\/304393\/"},"modified":"2025-08-08T05:43:10","modified_gmt":"2025-08-08T05:43:10","slug":"trump-annonce-un-accord-de-paix-historique-vendredi-entre-larmenie-et-lazerbaidjan-a-washington","status":"publish","type":"post","link":"https:\/\/www.europesays.com\/fr\/304393\/","title":{"rendered":"Trump annonce un accord de paix \u00abhistorique\u00bb vendredi entre l&rsquo;Arm\u00e9nie et l&rsquo;Azerba\u00efdjan \u00e0 Washington"},"content":{"rendered":"<p>Le pr\u00e9sident am\u00e9ricain accueillera dans un premier temps les deux dirigeants de mani\u00e8re s\u00e9par\u00e9e, et signera avec chacun un accord bilat\u00e9ral entre les \u00c9tats-Unis et leur pays.<\/p>\n<p class=\"fig-paragraph\">Sur la voie de la r\u00e9conciliation. Les dirigeants d\u2019<a href=\"https:\/\/www.lefigaro.fr\/tag\/armenie\" target=\"_blank\" rel=\"nofollow noopener\" data-gtm-custom-categorie=\"navigation\" data-gtm-custom-action=\"crossclick\" data-gtm-custom-label=\"Contextuel\" data-gtm-event=\"customEventSPE\">Arm\u00e9nie<\/a>\u00a0et d\u2019<a href=\"https:\/\/www.lefigaro.fr\/tag\/azerbaidjan\" target=\"_blank\" rel=\"nofollow noopener\" data-gtm-custom-categorie=\"navigation\" data-gtm-custom-action=\"crossclick\" data-gtm-custom-label=\"Contextuel\" data-gtm-event=\"customEventSPE\">Azerba\u00efdjan<\/a>\u00a0vont signer vendredi \u00e0 Washington un accord de paix \u00abhistorique\u00bb, sous l\u2019\u00e9gide des \u00c9tats-Unis, pour mettre fin au conflit territorial qui oppose ces deux anciennes r\u00e9publiques sovi\u00e9tiques depuis des d\u00e9cennies, a annonc\u00e9 le pr\u00e9sident am\u00e9ricain\u00a0<a href=\"https:\/\/www.lefigaro.fr\/tag\/donald-trump\" target=\"_blank\" rel=\"noopener\" data-gtm-custom-categorie=\"navigation\" data-gtm-custom-action=\"crossclick\" data-gtm-custom-label=\"Contextuel\" data-gtm-event=\"customEventSPE\">Donald Trump<\/a>.<\/p>\n<p class=\"fig-paragraph\">\u00abBeaucoup de dirigeants ont tent\u00e9 de mettre fin \u00e0 la guerre, sans succ\u00e8s, jusqu\u2019\u00e0 maintenant, gr\u00e2ce \u00e0 TRUMP\u00bb, a claironn\u00e9 Donald Trump jeudi soir sur son r\u00e9seau Truth Social. Il a pr\u00e9cis\u00e9 qu\u2019une \u00abc\u00e9r\u00e9monie de signature de la paix\u00bb sera organis\u00e9e lors de ce \u00absommet historique\u00bb avec la participation du pr\u00e9sident azerba\u00efdjanais Ilham Aliev et du Premier ministre arm\u00e9nien Nikol Pachinian.<\/p>\n<p>                                    <a class=\"fig-a11y-skip a11y-hidden\" href=\"#fig-a11y-skip-main-inarticle\"><br \/>\n        Passer la publicit\u00e9<br \/>\n    <\/a><\/p>\n<p>\u00abContribuer \u00e0 la paix dans la r\u00e9gion\u00bb<\/p>\n<p class=\"fig-paragraph\">Le pr\u00e9sident am\u00e9ricain accueillera dans un premier temps les deux dirigeants de mani\u00e8re s\u00e9par\u00e9e, et signera avec chacun un accord bilat\u00e9ral entre les \u00c9tats-Unis et leur pays, avant la signature \u00e0 16h15 (heure de Washington) de l\u2019accord tripartite.<\/p>\n<p class=\"fig-paragraph\">Selon la cha\u00eene CBS, le texte octroie aux \u00c9tats-Unis des droits d\u2019am\u00e9nagement d\u2019un corridor de 43 kilom\u00e8tres en territoire arm\u00e9nien, qui sera appel\u00e9 \u00abVoie Trump pour la paix et la prosp\u00e9rit\u00e9 internationales\u00bb ou TRIPP. La Maison Blanche n\u2019a pas r\u00e9pondu aux questions de l\u2019AFP sur ces informations.<\/p>\n<p class=\"fig-paragraph\">Erevan a confirm\u00e9 que le premier ministre arm\u00e9nien aurait un entretien avec le pr\u00e9sident am\u00e9ricain \u00abafin de renforcer le partenariat strat\u00e9gique entre l\u2019Arm\u00e9nie et les \u00c9tats-Unis\u00bb. Le gouvernement arm\u00e9nien a ajout\u00e9 qu\u2019une \u00abr\u00e9union tripartite (&#8230;) avec Donald Trump et le pr\u00e9sident azerba\u00efdjanais (aurait) \u00e9galement lieu afin de contribuer \u00e0 la paix, l\u2019\u00e9panouissement et la coop\u00e9ration \u00e9conomique dans la r\u00e9gion\u00bb. La derni\u00e8re rencontre entre Nikol Pachinian et Ilham Aliev, le 10 juillet \u00e0 Abou Dhabi, n\u2019avait abouti \u00e0 aucun progr\u00e8s tangible.<\/p>\n<p>Enjeu sur le Karabakh<\/p>\n<p class=\"fig-paragraph\">Le Karabakh est reconnu internationalement comme faisant partie de l\u2019Azerba\u00efdjan, mais a \u00e9t\u00e9 contr\u00f4l\u00e9 pendant trois d\u00e9cennies par des s\u00e9paratistes arm\u00e9niens apr\u00e8s une guerre qu\u2019ils avaient remport\u00e9e \u00e0 la dislocation de l\u2019URSS, et qui avait provoqu\u00e9 l\u2019exode de la quasi-totalit\u00e9 des Az\u00e9ris y habitant.<\/p>\n<p class=\"fig-paragraph\">Bakou a repris partiellement cette enclave lors d\u2019une nouvelle guerre \u00e0 l\u2019automne 2020, puis enti\u00e8rement lors d\u2019une offensive \u00e9clair en septembre 2023, provoquant \u00e0 son tour la fuite de plus de 100.000 Arm\u00e9niens du Karabakh.<\/p>\n<p>                                    <a class=\"fig-a11y-skip a11y-hidden\" href=\"#fig-a11y-skip-main-inarticle_mtf\"><br \/>\n        Passer la publicit\u00e9<br \/>\n    <\/a><\/p>\n<p class=\"fig-paragraph\">Soucieux de d\u00e9passer le conflit, Bakou et Erevan se sont mis d\u2019accord en mars sur le texte d\u2019un trait\u00e9 de paix, salu\u00e9 par certains comme un possible tournant dans leurs relations. Mais Bakou, victorieux, exige que l\u2019Arm\u00e9nie modifie d\u2019abord sa Constitution pour renoncer officiellement \u00e0 toute revendication territoriale sur le Karabakh, une mesure qui romprait ses liens avec cette r\u00e9gion consid\u00e9r\u00e9e par des Arm\u00e9niens comme leur patrie ancestrale. Le premier ministre d\u2019Arm\u00e9nie, Nikol Pachinian, s\u2019est d\u00e9clar\u00e9 pr\u00eat \u00e0 s\u2019y conformer dans l\u2019int\u00e9r\u00eat d\u2019une paix durable, annon\u00e7ant son intention d\u2019organiser un r\u00e9f\u00e9rendum constitutionnel en 2027. Mais le traumatisme de la perte du Karabakh, appel\u00e9 Artsakh en arm\u00e9nien, continue de diviser son pays.<\/p>\n<p>Prix Nobel de la paix pour Trump\u00a0?<\/p>\n<p class=\"fig-paragraph\">\u00abIl est plus que temps que Donald Trump re\u00e7oive le prix Nobel de la paix\u00bb, avait lanc\u00e9 sa porte-parole, Karoline Leavitt, le 31 juillet pendant son point presse de routine, suscitant des r\u00e9actions mi-incr\u00e9dules mi-ironiques des opposants au dirigeant r\u00e9publicain. Elle a estim\u00e9 que, depuis son retour au pouvoir le 20 janvier, le pr\u00e9sident am\u00e9ricain avait pr\u00e9sid\u00e9 \u00e0 la conclusion \u00abd\u2019un cessez-le-feu ou accord de paix par mois\u00bb, donnant pour exemples ses m\u00e9diations entre l\u2019Inde et le Pakistan, le Cambodge et la Tha\u00eflande, l\u2019\u00c9gypte et l\u2019Ethiopie, le Rwanda et la R\u00e9publique d\u00e9mocratique du Congo, la Serbie et le Kosovo&#8230;<\/p>\n<p class=\"fig-paragraph\">La liste des candidats n\u2019est pas rendue publique par le comit\u00e9 norv\u00e9gien qui d\u00e9cerne la distinction, mais Isra\u00ebl, le Cambodge et le Pakistan ont r\u00e9cemment annonc\u00e9 avoir nomin\u00e9 Donald Trump.<\/p>\n","protected":false},"excerpt":{"rendered":"Le pr\u00e9sident am\u00e9ricain accueillera dans un premier temps les deux dirigeants de mani\u00e8re s\u00e9par\u00e9e, et signera avec chacun&hellip;\n","protected":false},"author":2,"featured_media":304394,"comment_status":"","ping_status":"","sticky":false,"template":"","format":"standard","meta":{"footnotes":""},"categories":[5],"tags":[11,5950,15149,1011,27,14,12,28],"class_list":{"0":"post-304393","1":"post","2":"type-post","3":"status-publish","4":"format-standard","5":"has-post-thumbnail","7":"category-international","8":"tag-actualites","9":"tag-armenie","10":"tag-azerbaidjan","11":"tag-fr","12":"tag-france","13":"tag-international","14":"tag-news","15":"tag-world"},"share_on_mastodon":{"url":"https:\/\/pubeurope.com\/@fr\/114991556677795281","error":""},"_links":{"self":[{"href":"https:\/\/www.europesays.com\/fr\/wp-json\/wp\/v2\/posts\/304393","targetHints":{"allow":["GET"]}}],"collection":[{"href":"https:\/\/www.europesays.com\/fr\/wp-json\/wp\/v2\/posts"}],"about":[{"href":"https:\/\/www.europesays.com\/fr\/wp-json\/wp\/v2\/types\/post"}],"author":[{"embeddable":true,"href":"https:\/\/www.europesays.com\/fr\/wp-json\/wp\/v2\/users\/2"}],"replies":[{"embeddable":true,"href":"https:\/\/www.europesays.com\/fr\/wp-json\/wp\/v2\/comments?post=304393"}],"version-history":[{"count":0,"href":"https:\/\/www.europesays.com\/fr\/wp-json\/wp\/v2\/posts\/304393\/revisions"}],"wp:featuredmedia":[{"embeddable":true,"href":"https:\/\/www.europesays.com\/fr\/wp-json\/wp\/v2\/media\/304394"}],"wp:attachment":[{"href":"https:\/\/www.europesays.com\/fr\/wp-json\/wp\/v2\/media?parent=304393"}],"wp:term":[{"taxonomy":"category","embeddable":true,"href":"https:\/\/www.europesays.com\/fr\/wp-json\/wp\/v2\/categories?post=304393"},{"taxonomy":"post_tag","embeddable":true,"href":"https:\/\/www.europesays.com\/fr\/wp-json\/wp\/v2\/tags?post=304393"}],"curies":[{"name":"wp","href":"https:\/\/api.w.org\/{rel}","templated":true}]}}