{"id":304399,"date":"2025-08-08T05:46:12","date_gmt":"2025-08-08T05:46:12","guid":{"rendered":"https:\/\/www.europesays.com\/fr\/304399\/"},"modified":"2025-08-08T05:46:12","modified_gmt":"2025-08-08T05:46:12","slug":"firminy-le-meding-festival-recidive-avec-rimk-le-tonton-du-rap-francais","status":"publish","type":"post","link":"https:\/\/www.europesays.com\/fr\/304399\/","title":{"rendered":"Firminy. Le Meding festival r\u00e9cidive avec Rim\u2019K, \u00ab\u00a0le tonton du rap fran\u00e7ais\u00a0\u00bb"},"content":{"rendered":"<p>\u00ab\u00a0H\u00e9 tonton, les cabas ils sont trop lourds\u00a0!\u00a0\u00bb \u00ab\u00a0Allez, montez dans la voiture\u2026\u00a0\u00bb Rim\u2019k, l\u2019un des pionniers du rap fran\u00e7ais, se produira lors de la deuxi\u00e8me \u00e9dition du Meding festival. Il est le fameux Tonton du bled , du nom de son plus grand succ\u00e8s avec 113 sur l\u2019album mythique Les Princes de la ville (1999).<\/p>\n<p>Le groupe iconique originaire de Vitry-sur-Seine (Val-de-Marne) est membre du collectif la Mafia K\u20191 Fry (fond\u00e9 entre autres par Manu Key, 113, Rohff ou encore Kery James) sera la principale t\u00eate d\u2019affiche avec l\u2019artiste local Meding et L\u2019Allemand, rappeur de V\u00e9nissieux en pleine explosion, d\u00e9j\u00e0 pr\u00e9sents lors de la premi\u00e8re \u00e9dition au printemps dernier.<\/p>\n<p>Rendez-vous cette fois le 11\u00a0avril au Firmament pour l\u2019\u00e9v\u00e9nement, inscrit \u00e0 la saison culturelle de la Ville de Firminy. L\u2019un des organisateurs, le Chambonnaire Malik Bouamara, explique ce joli coup qui propulse ce jeune festival sur la sc\u00e8ne nationale du rap.<\/p>\n<blockquote class=\"question\"><p>Trois mois apr\u00e8s la premi\u00e8re \u00e9dition du Meding Festival, <a href=\"https:\/\/www.leprogres.fr\/culture-loisirs\/2025\/04\/20\/1500-spectateurs-pour-la-premiere-edition-du-meding-festival-rap\" target=\"_blank\" rel=\"nofollow noopener\">qui a accueilli 1\u00a0500 personnes<\/a>, quel bilan avez-vous tir\u00e9\u00a0?<\/p><\/blockquote>\n<p>\u00ab\u00a0C\u2019est plut\u00f4t pas mal\u2026\u00a0\u00bb<\/p>\n<blockquote class=\"question\"><p>Plut\u00f4t tr\u00e8s bon pour une premi\u00e8re dans l\u2019Ondaine, non\u00a0?<\/p><\/blockquote>\n<p>\u00ab\u00a0Plut\u00f4t tr\u00e8s bon pour une premi\u00e8re, effectivement. C\u2019est joli. Pour la deuxi\u00e8me, je pense que \u00e7a va \u00eatre encore plus le feu. Nous avons une grosse t\u00eate d\u2019affiche. Rim\u2019K fait quand m\u00eame l\u2019Arena (N.D.L.R.\u00a0: l\u2019artiste f\u00eate ses trois ans de carri\u00e8re l\u2019Adidas Arena de Paris le 12\u00a0d\u00e9cembre)\u00a0! Ce devrait \u00eatre complet et pas mal de grands noms du rap seront pr\u00e9sents.<\/p>\n<p>Rim\u2019K, c\u2019est tonton. C\u2019est le tonton du rap fran\u00e7ais. Pour moi, c\u2019est celui qui repr\u00e9sente le rap fran\u00e7ais sur plusieurs g\u00e9n\u00e9rations, que ce soit la mienne ou celle des jeunes d\u2019aujourd\u2019hui. Il a travers\u00e9 tous les temps. Il a fait la c\u00e9r\u00e9monie d\u2019ouverture des Jeux olympiques de Paris 2024.\u00a0\u00bb<\/p>\n<p>  \u00ab\u00a0Rim\u2019K s\u2019investit \u00e0 200\u00a0%\u00a0\u00bb<\/p>\n<blockquote class=\"question\"><p>Quelle place Rim\u2019K poss\u00e8de-t-il dans le rap fran\u00e7ais\u00a0?<\/p><\/blockquote>\n<p>\u00ab\u00a0C\u2019est le pionnier du rap fran\u00e7ais. Il y a Jul, certes, mais Tonton est ancr\u00e9 depuis les ann\u00e9es 90. Il a fait des hits, il est respect\u00e9 de tout le monde. C\u2019est un professionnel, tr\u00e8s pointilleux dans son travail, que ce soit dans des clips ou des enregistrements, des sc\u00e8nes, il met le feu. Il s\u2019investit \u00e0 200\u00a0%. Il mouille le maillot.\u00a0\u00bb<\/p>\n<blockquote class=\"question\"><p>Quelles diff\u00e9rences y a-t-il avec d\u2019autres rappeurs des ann\u00e9es 90 qui sont toujours sur le devant de la sc\u00e8ne, tels les Marseillais <a href=\"https:\/\/www.leprogres.fr\/p\/soprano\" target=\"_blank\" rel=\"nofollow noopener\">Soprano<\/a>, Alonzo (ex- Psy4 de la Rime), IAM ou des rappeurs parisiens\u00a0?<\/p><\/blockquote>\n<p>\u00ab\u00a0Il a su s\u2019adapter \u00e0 toutes les g\u00e9n\u00e9rations et \u00e0 l\u2019\u00e9poque actuelle. Son style musical est carr\u00e9ment dans le truc.\u00a0\u00bb<\/p>\n<blockquote class=\"question\"><p>Comment \u00eates-vous entr\u00e9 en contact avec lui\u00a0?<\/p><\/blockquote>\n<p>\u00ab\u00a0Je suis pass\u00e9 par l\u2019interm\u00e9diaire de Bayi, producteur de L\u2019Allemand, du label Sixnueve. Ce sont des gens droits et qui ne pensent pas qu\u2019\u00e0 l\u2019argent, contrairement \u00e0 l\u2019industrie musicale. Pour venir au Meding festival, Rim\u2019K a jou\u00e9 le jeu au niveau de son cachet pour ne pas nous p\u00e9naliser. Il devrait jouer 45 minutes.\u00a0\u00bb<\/p>\n<p>  \u00ab\u00a0Une fiert\u00e9 d\u2019\u00eatre programm\u00e9 \u00e0 la saison culturelle\u00a0\u00bb<\/p>\n<blockquote class=\"question\"><p>Apr\u00e8s une seule \u00e9dition, Meding festival est d\u00e9j\u00e0 programm\u00e9 dans la saison culturelle de Firminy. Quel effet cela procure-t-il\u00a0?<\/p><\/blockquote>\n<p>\u00ab\u00a0C\u2019est une fiert\u00e9. \u00c7a valide le c\u00f4t\u00e9 pos\u00e9 de l\u2019artiste. Il a des bons textes, est en pleine explosion. Avec la Ville, \u00e7a s\u2019est fait au feeling. On avait planch\u00e9 avec Jean-Paul (Largeron, pr\u00e9sident de l\u2019Audacieuse du Mas, coorganisateur du festival) sur pas mal de projets. C\u2019est devenu un ami, je le kiffe.<\/p>\n<p>Pour la saison culturelle, on devait faire en sorte que \u00e7a marche la premi\u00e8re fois et en fonction de \u00e7a, on a parl\u00e9 avec Julien (Luya, le maire de Firminy). On a \u00e9t\u00e9 int\u00e9gr\u00e9 \u00e0 la saison culturelle. C\u2019est bien pour les jeunes de la vall\u00e9e de l\u2019Ondaine. \u00c7a fait venir pas mal de monde de la vall\u00e9e, de Saint-\u00c9tienne, de Roche-la-Moli\u00e8re, du Puy-en-Velay,\u00a0etc. Avec les trois artistes, on va d\u00e9sormais toucher un public national.<\/p>\n<p>On a essay\u00e9 de faire un tarif propre, accessible pour tout le monde. Les gens pourront prendre leur billet avec le pass culture. Il y aura aussi des gens d\u2019une quarantaine d\u2019ann\u00e9es puisque Rim\u2019K, c\u2019est leur g\u00e9n\u00e9ration. Apr\u00e8s, Tonton est respect\u00e9 de tous les gros rappeurs. L\u2019Allemand et lui sont des gens respectueux, qui prennent le temps d\u2019\u00e9couter et ne disent pas n\u2019importe quoi. Malgr\u00e9 des millions de streams, ils ont la t\u00eate sur les \u00e9paules.\u00a0\u00bb<\/p>\n<blockquote class=\"question\"><p>Le festival s\u2019ancre dans l\u2019Ondaine.<\/p><\/blockquote>\n<p>\u00ab\u00a0Beaucoup de gens m\u2019ont contact\u00e9 en disant qu\u2019ils auraient bien aim\u00e9 l\u2019organiser dans leur ville. On a laiss\u00e9 l\u2019exclusivit\u00e9 \u00e0 la Ville de Firminy. On reste droit et correct. On reste ici.\u00a0\u00bb<\/p>\n<p>  \u00ab\u00a0Featurings, album\u2026 Pour Meding, on attend le moment opportun\u00a0\u00bb<\/p>\n<blockquote class=\"question\"><p>Meding et L\u2019Allemand seront aussi pr\u00e9sents, comme l\u2019an dernier.<\/p><\/blockquote>\n<p>\u00ab\u00a0L\u2019Allemand, c\u2019\u00e9tait au feeling. Son \u00e9quipe et lui sont devenus des amis et nous ont invit\u00e9s sur des grosses sc\u00e8nes. On aime son style musical. L\u2019Allemand est en plein essor. C\u2019est un artiste de renom qui a fait des feats avec Maes, Hornet la frappe, Jul, pas mal de grosses t\u00eates. <a href=\"https:\/\/www.leprogres.fr\/culture-loisirs\/2025\/03\/19\/figure-du-rap-meding-organise-un-festival-je-raconte-ce-qu-on-vit-dans-ma-generation\" target=\"_blank\" rel=\"nofollow noopener\">Meding, c\u2019est son festival<\/a>, c\u2019est vraiment pour marquer le coup. Il est en pleine puissance. On a explos\u00e9 les streams. On est \u00e0 plus de 18\u00a0millions sur Youtube pour le morceau Soir\u00e9e des cit\u00e9s, et pareil sur les plateformes, Ma Folie (2,5\u00a0millions) et Pas de danse avec Acop, originaire de Rive-de-Gier (1,3\u00a0million).\u00a0\u00bb<\/p>\n<blockquote class=\"question\"><p>Quelle est l\u2019actualit\u00e9 de Meding\u00a0?<\/p><\/blockquote>\n<p>\u00ab\u00a0Il a fait pas mal de showcases, est tr\u00e8s sollicit\u00e9 par les bo\u00eetes de nuit. Il a enregistr\u00e9 des feats avec des grands noms du rap qui seront d\u00e9voil\u00e9s l\u2019an prochain apr\u00e8s le festival. On attend le moment opportun. Pareil pour l\u2019album. On s\u2019attend \u00e0 de grosses retomb\u00e9es. On a \u00e9t\u00e9 sollicit\u00e9 par pas mal de maisons de disques mais on a d\u00e9cid\u00e9 de rester en ind\u00e9pendant. On a cr\u00e9\u00e9 le Meding records music.\u00a0\u00bb<\/p>\n<p class=\"note\">Meding festival, samedi 11\u00a0avril \u00e0 20 heures au Firmament. Tarif 20\u00a0euros. Dur\u00e9e\u00a0: 1\u00a0h\u00a045.<\/p>\n","protected":false},"excerpt":{"rendered":"\u00ab\u00a0H\u00e9 tonton, les cabas ils sont trop lourds\u00a0!\u00a0\u00bb \u00ab\u00a0Allez, montez dans la voiture\u2026\u00a0\u00bb Rim\u2019k, l\u2019un des pionniers du&hellip;\n","protected":false},"author":2,"featured_media":304400,"comment_status":"","ping_status":"","sticky":false,"template":"","format":"standard","meta":{"footnotes":""},"categories":[9653],"tags":[1111,11,2430,1687,7539,1777,674,10282,10283,1011,27,873,12,25,4001],"class_list":{"0":"post-304399","1":"post","2":"type-post","3":"status-publish","4":"format-standard","5":"has-post-thumbnail","7":"category-saint-etienne","8":"tag-actu","9":"tag-actualites","10":"tag-auvergne-rhone-alpes","11":"tag-culture-loisirs","12":"tag-edition-loire-sud","13":"tag-eu","14":"tag-europe","15":"tag-firminy","16":"tag-firminy-ville","17":"tag-fr","18":"tag-france","19":"tag-musique","20":"tag-news","21":"tag-republique-francaise","22":"tag-saint-etienne"},"share_on_mastodon":{"url":"https:\/\/pubeurope.com\/@fr\/114991568222925177","error":""},"_links":{"self":[{"href":"https:\/\/www.europesays.com\/fr\/wp-json\/wp\/v2\/posts\/304399","targetHints":{"allow":["GET"]}}],"collection":[{"href":"https:\/\/www.europesays.com\/fr\/wp-json\/wp\/v2\/posts"}],"about":[{"href":"https:\/\/www.europesays.com\/fr\/wp-json\/wp\/v2\/types\/post"}],"author":[{"embeddable":true,"href":"https:\/\/www.europesays.com\/fr\/wp-json\/wp\/v2\/users\/2"}],"replies":[{"embeddable":true,"href":"https:\/\/www.europesays.com\/fr\/wp-json\/wp\/v2\/comments?post=304399"}],"version-history":[{"count":0,"href":"https:\/\/www.europesays.com\/fr\/wp-json\/wp\/v2\/posts\/304399\/revisions"}],"wp:featuredmedia":[{"embeddable":true,"href":"https:\/\/www.europesays.com\/fr\/wp-json\/wp\/v2\/media\/304400"}],"wp:attachment":[{"href":"https:\/\/www.europesays.com\/fr\/wp-json\/wp\/v2\/media?parent=304399"}],"wp:term":[{"taxonomy":"category","embeddable":true,"href":"https:\/\/www.europesays.com\/fr\/wp-json\/wp\/v2\/categories?post=304399"},{"taxonomy":"post_tag","embeddable":true,"href":"https:\/\/www.europesays.com\/fr\/wp-json\/wp\/v2\/tags?post=304399"}],"curies":[{"name":"wp","href":"https:\/\/api.w.org\/{rel}","templated":true}]}}