{"id":304405,"date":"2025-08-08T05:49:14","date_gmt":"2025-08-08T05:49:14","guid":{"rendered":"https:\/\/www.europesays.com\/fr\/304405\/"},"modified":"2025-08-08T05:49:14","modified_gmt":"2025-08-08T05:49:14","slug":"ce-professeur-de-nancy-va-recevoir-un-prix-mondialement-reconnu","status":"publish","type":"post","link":"https:\/\/www.europesays.com\/fr\/304405\/","title":{"rendered":"ce professeur de Nancy va recevoir un prix mondialement reconnu"},"content":{"rendered":"<p>            Par<br \/>\n        <strong><br \/>\n            <a href=\"https:\/\/actu.fr\/auteur\/pierre-emile-bouchy-actu-fr\" title=\"Consulter tous les articles de Paul-Emile Bouchy\" rel=\"nofollow noopener\" target=\"_blank\">Paul-Emile Bouchy<\/a><br \/>\n        <\/strong><\/p>\n<p>        Publi\u00e9 le<\/p>\n<p>            8 ao\u00fbt 2025 \u00e0 7h02        <\/p>\n<p>La r\u00e9putation de l\u2019<strong>Institut de canc\u00e9rologie de Lorraine (ICL)<\/strong> n\u2019est plus \u00e0 faire. <a href=\"https:\/\/actu.fr\/grand-est\/vandoeuvre-les-nancy_54547\/cancer-cet-institut-de-lorraine-se-classe-parmi-les-meilleurs-hopitaux-specialises-du-monde-en-2025_61674345.html\" rel=\"nofollow noopener\" target=\"_blank\">Class\u00e9 parmi les meilleurs h\u00f4pitaux du monde en 2025<\/a>, il investit <a href=\"https:\/\/actu.fr\/grand-est\/nancy_54395\/cancer-cet-institut-de-nancy-investit-des-millions-d-euros-pour-ameliorer-les-soins-des-malades_61370121.html\" rel=\"nofollow noopener\" target=\"_blank\">des millions d\u2019euros pour am\u00e9liorer les soins des malades<\/a> avec le projet EPOnA (Exp\u00e9rience des parcours patients en oncologie ambulatoire).<\/p>\n<p class=\" wall-content\">Et pourtant, l\u2019ICL est \u00e0 nouveau mis \u00e0 l\u2019honneur\u2009: <strong>l\u2019European Society of Medical Oncology (ESMO) va remettre un prix au professeur Thierry Conroy<\/strong>, directeur honoraire de l\u2019ICL.<\/p>\n<p>Seulement le 5\u1d49 oncologue fran\u00e7ais \u00e0 recevoir ce prix en 40\u00a0ans<\/p>\n<p class=\" wall-content\">Dans un communiqu\u00e9 de presse, l\u2019ICL explique que l\u2019ESMO lui a attribu\u00e9 <strong>ce prix \u00ab\u2009pour contribution exceptionnelle \u00e0 l\u2019oncologie m\u00e9dicale\u2009\u00bb<\/strong>.<\/p>\n<p class=\" wall-content\">\u00ab\u2009Ce prix r\u00e9compense ses recherches scientifiques, notamment sur les cancers digestifs, ses recherches sur l\u2019\u00e9valuation et l\u2019am\u00e9lioration de la qualit\u00e9 de vie des patients et la structuration des prises en charge\u2009\u00bb, ajoute l\u2019institut.<\/p>\n<p class=\" wall-content\">Thierry Conroy devient ainsi <strong>le 5\u1d49 oncologue fran\u00e7ais \u00e0 obtenir ce prix depuis 1985<\/strong>. Il lui sera remis le vendredi 17\u00a0octobre lors du congr\u00e8s de l\u2019ESMO \u00e0 Berlin.<\/p>\n<p>Une carri\u00e8re int\u00e9gralement r\u00e9alis\u00e9e \u00e0 Nancy<\/p>\n<p class=\" wall-content\">Le professeur Conroy a exerc\u00e9 durant <strong>toute sa carri\u00e8re au sein de l\u2019Institut de canc\u00e9rologie de Lorraine<\/strong> en qualit\u00e9 d\u2019oncologue m\u00e9dical.<\/p>\n<blockquote class=\"ac-article-quote wall-content\">\n<p>Je remercie tout le personnel de l\u2019ICL, les \u00e9quipes d\u2019UNICANCER et de l\u2019Universit\u00e9 de Lorraine qui m\u2019ont aid\u00e9 \u00e0 mener les travaux de recherche qui ont permis cette reconnaissance collective.<\/p>\n<p>    <strong>Professeur Thierry Conroy<\/strong>\n            <\/p><\/blockquote>\n<p class=\" wall-content\">Ses r\u00e9centes recherches ont notamment permis d<strong>\u2019am\u00e9liorer la survie globale et la qualit\u00e9 de vie des patients<\/strong> atteints du cancer du pancr\u00e9as m\u00e9tastatique. \u00ab\u2009Concernant les cancers du pancr\u00e9as localis\u00e9s op\u00e9rables, il a d\u00e9montr\u00e9 par le Folfirinox une am\u00e9lioration majeure de la survie globale et des chances de r\u00e9mission ou de gu\u00e9rison\u2009\u00bb, ajoute l\u2019ICL.<\/p>\n<p class=\" wall-content\">Suivez toute l\u2019actualit\u00e9 de vos villes et m\u00e9dias favoris en vous inscrivant \u00e0 <a href=\"https:\/\/moncompte.actu.fr\" title=\"D\u00e9couvez Mon Actu\" rel=\"nofollow noopener\" data-trk=\"{&quot;cta&quot;:{&quot;action&quot;:&quot;https:\\\/\\\/moncompte.actu.fr&quot;,&quot;category&quot;:&quot;mon compte&quot;,&quot;from&quot;:&quot;article footer&quot;,&quot;name&quot;:&quot;Mon actu&quot;,&quot;type&quot;:&quot;cta&quot;}}\" target=\"_blank\">Mon Actu<\/a>.<\/p>\n","protected":false},"excerpt":{"rendered":"Par Paul-Emile Bouchy Publi\u00e9 le 8 ao\u00fbt 2025 \u00e0 7h02 La r\u00e9putation de l\u2019Institut de canc\u00e9rologie de Lorraine&hellip;\n","protected":false},"author":2,"featured_media":304406,"comment_status":"","ping_status":"","sticky":false,"template":"","format":"standard","meta":{"footnotes":""},"categories":[9635],"tags":[1111,11,101,1777,674,1011,27,775,1702,12,25,71,104],"class_list":{"0":"post-304405","1":"post","2":"type-post","3":"status-publish","4":"format-standard","5":"has-post-thumbnail","7":"category-nancy","8":"tag-actu","9":"tag-actualites","10":"tag-cancer","11":"tag-eu","12":"tag-europe","13":"tag-fr","14":"tag-france","15":"tag-grand-est","16":"tag-nancy","17":"tag-news","18":"tag-republique-francaise","19":"tag-sante","20":"tag-societe"},"share_on_mastodon":{"url":"https:\/\/pubeurope.com\/@fr\/114991580005398838","error":""},"_links":{"self":[{"href":"https:\/\/www.europesays.com\/fr\/wp-json\/wp\/v2\/posts\/304405","targetHints":{"allow":["GET"]}}],"collection":[{"href":"https:\/\/www.europesays.com\/fr\/wp-json\/wp\/v2\/posts"}],"about":[{"href":"https:\/\/www.europesays.com\/fr\/wp-json\/wp\/v2\/types\/post"}],"author":[{"embeddable":true,"href":"https:\/\/www.europesays.com\/fr\/wp-json\/wp\/v2\/users\/2"}],"replies":[{"embeddable":true,"href":"https:\/\/www.europesays.com\/fr\/wp-json\/wp\/v2\/comments?post=304405"}],"version-history":[{"count":0,"href":"https:\/\/www.europesays.com\/fr\/wp-json\/wp\/v2\/posts\/304405\/revisions"}],"wp:featuredmedia":[{"embeddable":true,"href":"https:\/\/www.europesays.com\/fr\/wp-json\/wp\/v2\/media\/304406"}],"wp:attachment":[{"href":"https:\/\/www.europesays.com\/fr\/wp-json\/wp\/v2\/media?parent=304405"}],"wp:term":[{"taxonomy":"category","embeddable":true,"href":"https:\/\/www.europesays.com\/fr\/wp-json\/wp\/v2\/categories?post=304405"},{"taxonomy":"post_tag","embeddable":true,"href":"https:\/\/www.europesays.com\/fr\/wp-json\/wp\/v2\/tags?post=304405"}],"curies":[{"name":"wp","href":"https:\/\/api.w.org\/{rel}","templated":true}]}}