{"id":304411,"date":"2025-08-08T05:56:18","date_gmt":"2025-08-08T05:56:18","guid":{"rendered":"https:\/\/www.europesays.com\/fr\/304411\/"},"modified":"2025-08-08T05:56:18","modified_gmt":"2025-08-08T05:56:18","slug":"composition-rouen-fleury-national-1-1ere-journee-match-du-vendredi-08-aout-2025","status":"publish","type":"post","link":"https:\/\/www.europesays.com\/fr\/304411\/","title":{"rendered":"Composition Rouen &#8211; Fleury, National 1, 1\u00e8re journ\u00e9e, match du vendredi 08 ao\u00fbt 2025"},"content":{"rendered":"<p>Suivez en direct la rencontre de football qui oppose Rouen et Fleury. Le coup d\u2019envoi du match est donn\u00e9 par l&rsquo;arbitre Pierre Retail. Le match se d\u00e9roule au stade Stade Robert-Diochon le 08\/08\/2025 \u00e0 19:30. La composition des \u00e9quipes est connue quelques heures avant le match et est disponible sur cette page. Retrouvez les temps forts et le r\u00e9sultat du match Rouen &#8211; Fleury en direct.<\/p>\n","protected":false},"excerpt":{"rendered":"Suivez en direct la rencontre de football qui oppose Rouen et Fleury. Le coup d\u2019envoi du match est&hellip;\n","protected":false},"author":2,"featured_media":5765,"comment_status":"","ping_status":"","sticky":false,"template":"","format":"standard","meta":{"footnotes":""},"categories":[9587],"tags":[1111,11,1777,674,1011,27,12,5161,25,9590],"class_list":{"0":"post-304411","1":"post","2":"type-post","3":"status-publish","4":"format-standard","5":"has-post-thumbnail","7":"category-rouen","8":"tag-actu","9":"tag-actualites","10":"tag-eu","11":"tag-europe","12":"tag-fr","13":"tag-france","14":"tag-news","15":"tag-normandie","16":"tag-republique-francaise","17":"tag-rouen"},"share_on_mastodon":{"url":"https:\/\/pubeurope.com\/@fr\/114991607457984102","error":""},"_links":{"self":[{"href":"https:\/\/www.europesays.com\/fr\/wp-json\/wp\/v2\/posts\/304411","targetHints":{"allow":["GET"]}}],"collection":[{"href":"https:\/\/www.europesays.com\/fr\/wp-json\/wp\/v2\/posts"}],"about":[{"href":"https:\/\/www.europesays.com\/fr\/wp-json\/wp\/v2\/types\/post"}],"author":[{"embeddable":true,"href":"https:\/\/www.europesays.com\/fr\/wp-json\/wp\/v2\/users\/2"}],"replies":[{"embeddable":true,"href":"https:\/\/www.europesays.com\/fr\/wp-json\/wp\/v2\/comments?post=304411"}],"version-history":[{"count":0,"href":"https:\/\/www.europesays.com\/fr\/wp-json\/wp\/v2\/posts\/304411\/revisions"}],"wp:featuredmedia":[{"embeddable":true,"href":"https:\/\/www.europesays.com\/fr\/wp-json\/wp\/v2\/media\/5765"}],"wp:attachment":[{"href":"https:\/\/www.europesays.com\/fr\/wp-json\/wp\/v2\/media?parent=304411"}],"wp:term":[{"taxonomy":"category","embeddable":true,"href":"https:\/\/www.europesays.com\/fr\/wp-json\/wp\/v2\/categories?post=304411"},{"taxonomy":"post_tag","embeddable":true,"href":"https:\/\/www.europesays.com\/fr\/wp-json\/wp\/v2\/tags?post=304411"}],"curies":[{"name":"wp","href":"https:\/\/api.w.org\/{rel}","templated":true}]}}