{"id":304412,"date":"2025-08-08T05:58:13","date_gmt":"2025-08-08T05:58:13","guid":{"rendered":"https:\/\/www.europesays.com\/fr\/304412\/"},"modified":"2025-08-08T05:58:13","modified_gmt":"2025-08-08T05:58:13","slug":"ligue-2-les-arbitres-de-la-deuxieme-journee-connus","status":"publish","type":"post","link":"https:\/\/www.europesays.com\/fr\/304412\/","title":{"rendered":"Ligue 2. Les arbitres de la deuxi\u00e8me journ\u00e9e connus"},"content":{"rendered":"<p style=\"font-size:20px\"><strong>La LFP a d\u00e9voil\u00e9 la liste des arbitres qui officieront \u00e0 l\u2019occasion des rencontres de la deuxi\u00e8me journ\u00e9e de Ligue 2. Forent Batta sera au sifflet du match entre Grenoble et Laval.<\/strong><\/p>\n<p>La liste des arbitres de la 2e journ\u00e9e de Ligue 2<\/p>\n<p><strong>SC Bastia \u2013 Pau FC (vendredi, 20h00)<\/strong><br \/>Arbitre principal\u00a0:\u00a0Mika\u00ebl LESAGE<br \/>Arbitres assistants\u00a0:\u00a0Quentin GUIDOU et Loris LEPORATI<br \/>4e arbitre\u00a0: Edgar BARENTON<\/p>\n<p><strong>Clermont Foot 63 \u2013 ESTAC Troyes (vendredi, 20h00)<\/strong><br \/>Arbitre principal\u00a0:\u00a0Alexandre PERREAU NIEL<br \/>Arbitres assistants\u00a0:\u00a0Camille SORIANO et Fran\u00e7ois BOUDIKIAN<br \/>4e arbitre\u00a0: Willy BERTOLOTTI<\/p>\n<p><strong>Red Star FC \u2013 Amiens SC (vendredi, 20h00)<\/strong><br \/>Arbitre principal\u00a0:\u00a0Micka\u00ebl LELEU<br \/>Arbitres assistants\u00a0:\u00a0Gilles LANG et \u00c9lodie COPPOLA<br \/>4e arbitre\u00a0: Valentin OUGIER<\/p>\n<p><strong>Grenoble Foot 38 \u2013 Stade Lavallois MFC (vendredi, 20h00)<\/strong><br \/>Arbitre principal\u00a0:\u00a0Florent BATTA<br \/>Arbitres assistants\u00a0:\u00a0Jean-Paul NEVES GOUVEIA et Fr\u00e9d\u00e9ric H\u00c9BRARD<br \/>4e arbitre\u00a0: Baptiste LAMBERT<\/p>\n<p><strong>Stade de Reims \u2013 EA Guingamp (samedi, 14h00)<\/strong><br \/>Arbitre principal\u00a0:\u00a0Willy DELAJOD<br \/>Arbitres assistants\u00a0:\u00a0Valentin \u00c9VRARD et Matthieu BONNETIN<br \/>4e arbitre\u00a0: Dorian BOVOLENTA<\/p>\n<p><strong>FC Annecy \u2013 USL Dunkerque (samedi, 14h00)<\/strong><br \/>Arbitre principal\u00a0:\u00a0Faouzi BENCHABANE<br \/>Arbitres assistants\u00a0:\u00a0Nicolas RODRIGUES et S\u00e9bastien LEMAIRE<br \/>4e arbitre\u00a0: Guillaume JANIN<\/p>\n<p><strong>AS Saint-\u00c9tienne \u2013 Rodez Aveyron Football (samedi, 20h00)<\/strong><br \/>Arbitre principal\u00a0:\u00a0Guillaume PARADIS<br \/>Arbitres assistants\u00a0:\u00a0Nicolas DURAND et Mohamed BENKEMOUCHE<br \/>4e arbitre\u00a0: Maxime JAMET<\/p>\n<p><strong>Le Mans FC \u2013 Montpellier H\u00e9rault SC (lundi, 20h45)<\/strong><br \/>Arbitre principal\u00a0:\u00a0R\u00e9mi LANDRY<br \/>Arbitres assistants\u00a0:\u00a0Yann THENARD et Laurent CONIGLIO<br \/>4e arbitre\u00a0: Florian DELLA TOMASINA<\/p>\n","protected":false},"excerpt":{"rendered":"La LFP a d\u00e9voil\u00e9 la liste des arbitres qui officieront \u00e0 l\u2019occasion des rencontres de la deuxi\u00e8me journ\u00e9e&hellip;\n","protected":false},"author":2,"featured_media":46081,"comment_status":"","ping_status":"","sticky":false,"template":"","format":"standard","meta":{"footnotes":""},"categories":[9566],"tags":[1111,11,2430,1777,674,1011,27,2731,12,25],"class_list":{"0":"post-304412","1":"post","2":"type-post","3":"status-publish","4":"format-standard","5":"has-post-thumbnail","7":"category-grenoble","8":"tag-actu","9":"tag-actualites","10":"tag-auvergne-rhone-alpes","11":"tag-eu","12":"tag-europe","13":"tag-fr","14":"tag-france","15":"tag-grenoble","16":"tag-news","17":"tag-republique-francaise"},"share_on_mastodon":{"url":"https:\/\/pubeurope.com\/@fr\/114991615412248211","error":""},"_links":{"self":[{"href":"https:\/\/www.europesays.com\/fr\/wp-json\/wp\/v2\/posts\/304412","targetHints":{"allow":["GET"]}}],"collection":[{"href":"https:\/\/www.europesays.com\/fr\/wp-json\/wp\/v2\/posts"}],"about":[{"href":"https:\/\/www.europesays.com\/fr\/wp-json\/wp\/v2\/types\/post"}],"author":[{"embeddable":true,"href":"https:\/\/www.europesays.com\/fr\/wp-json\/wp\/v2\/users\/2"}],"replies":[{"embeddable":true,"href":"https:\/\/www.europesays.com\/fr\/wp-json\/wp\/v2\/comments?post=304412"}],"version-history":[{"count":0,"href":"https:\/\/www.europesays.com\/fr\/wp-json\/wp\/v2\/posts\/304412\/revisions"}],"wp:featuredmedia":[{"embeddable":true,"href":"https:\/\/www.europesays.com\/fr\/wp-json\/wp\/v2\/media\/46081"}],"wp:attachment":[{"href":"https:\/\/www.europesays.com\/fr\/wp-json\/wp\/v2\/media?parent=304412"}],"wp:term":[{"taxonomy":"category","embeddable":true,"href":"https:\/\/www.europesays.com\/fr\/wp-json\/wp\/v2\/categories?post=304412"},{"taxonomy":"post_tag","embeddable":true,"href":"https:\/\/www.europesays.com\/fr\/wp-json\/wp\/v2\/tags?post=304412"}],"curies":[{"name":"wp","href":"https:\/\/api.w.org\/{rel}","templated":true}]}}