{"id":304413,"date":"2025-08-08T05:59:12","date_gmt":"2025-08-08T05:59:12","guid":{"rendered":"https:\/\/www.europesays.com\/fr\/304413\/"},"modified":"2025-08-08T05:59:12","modified_gmt":"2025-08-08T05:59:12","slug":"pres-de-rennes-un-incendie-detruit-latelier-mecanique-dune-entreprise-cinq-salaries-au-chomage-technique","status":"publish","type":"post","link":"https:\/\/www.europesays.com\/fr\/304413\/","title":{"rendered":"Pr\u00e8s de Rennes, un incendie d\u00e9truit l\u2019atelier m\u00e9canique d\u2019une entreprise : cinq salari\u00e9s au ch\u00f4mage technique"},"content":{"rendered":"<p>Les pompiers ont \u00e9t\u00e9 appel\u00e9s jeudi soir, vers 20 h 56, pour un incendie survenu dans un b\u00e2timent d\u2019une entreprise de construction, \u00e0 Baulon (35), au sud-ouest de Rennes. Dans le lieu-dit La Herveliais, le feu, qui n&rsquo;a pas fait de bless\u00e9s, a pris dans l\u2019atelier m\u00e9canique de 200 m2, o\u00f9 se trouvaient plusieurs bouteilles de gaz et d\u2019ac\u00e9tyl\u00e8ne, ainsi qu\u2019une cuve de fuel de 2 000 litres. Sept v\u00e9hicules &#8211; trois pelles de travaux publics et quatre v\u00e9hicules l\u00e9gers &#8211; ont \u00e9t\u00e9 \u00e9galement touch\u00e9s par le sinistre.<\/p>\n<p>Cinq salari\u00e9s au ch\u00f4mage technique<\/p>\n<p>Pas moins de 46 sapeurs-pompiers ont \u00e9t\u00e9 mobilis\u00e9s pour \u00e9teindre le brasier, \u00e0 l\u2019aide de cinq lances \u00e0 incendie. Cinq salari\u00e9s de l\u2019entreprise sont d\u00e9sormais au ch\u00f4mage technique.<\/p>\n","protected":false},"excerpt":{"rendered":"Les pompiers ont \u00e9t\u00e9 appel\u00e9s jeudi soir, vers 20 h 56, pour un incendie survenu dans un b\u00e2timent&hellip;\n","protected":false},"author":2,"featured_media":304414,"comment_status":"","ping_status":"","sticky":false,"template":"","format":"standard","meta":{"footnotes":""},"categories":[2821],"tags":[1111,11,829,765,1777,674,1011,27,848,5383,12,584,25],"class_list":{"0":"post-304413","1":"post","2":"type-post","3":"status-publish","4":"format-standard","5":"has-post-thumbnail","7":"category-rennes","8":"tag-actu","9":"tag-actualites","10":"tag-bretagne","11":"tag-en-continu","12":"tag-eu","13":"tag-europe","14":"tag-fr","15":"tag-france","16":"tag-ille-et-vilaine","17":"tag-incendies","18":"tag-news","19":"tag-rennes","20":"tag-republique-francaise"},"share_on_mastodon":{"url":"https:\/\/pubeurope.com\/@fr\/114991619390344634","error":""},"_links":{"self":[{"href":"https:\/\/www.europesays.com\/fr\/wp-json\/wp\/v2\/posts\/304413","targetHints":{"allow":["GET"]}}],"collection":[{"href":"https:\/\/www.europesays.com\/fr\/wp-json\/wp\/v2\/posts"}],"about":[{"href":"https:\/\/www.europesays.com\/fr\/wp-json\/wp\/v2\/types\/post"}],"author":[{"embeddable":true,"href":"https:\/\/www.europesays.com\/fr\/wp-json\/wp\/v2\/users\/2"}],"replies":[{"embeddable":true,"href":"https:\/\/www.europesays.com\/fr\/wp-json\/wp\/v2\/comments?post=304413"}],"version-history":[{"count":0,"href":"https:\/\/www.europesays.com\/fr\/wp-json\/wp\/v2\/posts\/304413\/revisions"}],"wp:featuredmedia":[{"embeddable":true,"href":"https:\/\/www.europesays.com\/fr\/wp-json\/wp\/v2\/media\/304414"}],"wp:attachment":[{"href":"https:\/\/www.europesays.com\/fr\/wp-json\/wp\/v2\/media?parent=304413"}],"wp:term":[{"taxonomy":"category","embeddable":true,"href":"https:\/\/www.europesays.com\/fr\/wp-json\/wp\/v2\/categories?post=304413"},{"taxonomy":"post_tag","embeddable":true,"href":"https:\/\/www.europesays.com\/fr\/wp-json\/wp\/v2\/tags?post=304413"}],"curies":[{"name":"wp","href":"https:\/\/api.w.org\/{rel}","templated":true}]}}