{"id":304415,"date":"2025-08-08T06:00:26","date_gmt":"2025-08-08T06:00:26","guid":{"rendered":"https:\/\/www.europesays.com\/fr\/304415\/"},"modified":"2025-08-08T06:00:26","modified_gmt":"2025-08-08T06:00:26","slug":"dieudonne-indesirable-a-rennes-rennes-infos-autrement","status":"publish","type":"post","link":"https:\/\/www.europesays.com\/fr\/304415\/","title":{"rendered":"Dieudonn\u00e9 ind\u00e9sirable \u00e0 Rennes &#8211; Rennes Infos Autrement"},"content":{"rendered":"<p class=\"p1\" style=\"text-align: justify;\">\u00ab Attention, suspense : je serai en spectacle vendredi et samedi \u00e0 Rennes et Lorient. Aurai-je droit, cette fois-ci, \u00e0 l\u2019intervention du RAID ou du GIGN ? Il se murmure, en haut lieu, une possible intervention de l\u2019OTAN\u2026 Je vous attends ! \u00bb Sur sa page Facebook, Dieudonn\u00e9 avait ironis\u00e9 sur sa venue bretonne, quelques jours avant les repr\u00e9sentations pr\u00e9vues les 8 et 9 ao\u00fbt. En fait, il n\u2019y a pas eu besoin de l\u2019\u00e9lite polici\u00e8re ou gendarmesque ! En Bretagne, les interdictions pr\u00e9fectorales se sont encha\u00een\u00e9es. Le 5 ao\u00fbt 2025, le Pays de Lorient a ouvert le bal, suivi le lendemain par le Finist\u00e8re. Le 7 ao\u00fbt, c\u2019est l\u2019Ille-et-Vilaine qui a pris le relais. La pr\u00e9fecture a publi\u00e9 un arr\u00eat\u00e9 interdisant toute repr\u00e9sentation du spectacle Istanbul dans le d\u00e9partement, selon une information du T\u00e9l\u00e9gramme.<\/p>\n<p class=\"p1\" style=\"text-align: justify;\">L\u2019humoriste devait se produire vendredi 8 ao\u00fbt \u00e0 19 h \u00ab dans un rayon de 30 km autour de Rennes \u00bb, pr\u00e9cise son site Dieudosph\u00e8re. Mais la pr\u00e9fecture s\u2019y oppose d\u00e9sormais, rappelant ses condamnations p\u00e9nales pour propos \u00e0 caract\u00e8re antis\u00e9mite. \u00abSon pr\u00e9c\u00e9dent spectacle, Vendredi 13, contenait \u00ab de nombreux propos outrageants, haineux, conspirationnistes, homophobes, transphobes et antis\u00e9mites.\u00bb<\/p>\n<p class=\"p1\" style=\"text-align: justify;\">\u00abAutoriser une nouvelle prestation dans le pays rennais exposerait \u00e0 un risque de r\u00e9cidive\u00bb, ajoute la pr\u00e9fecture. Les autorit\u00e9s reprochent aussi \u00e0 Dieudonn\u00e9 de maintenir le flou sur le lieu exact de ses repr\u00e9sentations, une strat\u00e9gie per\u00e7ue comme un moyen d\u2019\u00ab \u00e9chapper \u00e0 la surveillance et au contr\u00f4le \u00bb des forces de l\u2019ordre. Cette m\u00e9thode avait d\u00e9j\u00e0 employ\u00e9e en d\u00e9cembre 2024, lorsqu\u2019il avait \u00e9t\u00e9 condamn\u00e9 pour un spectacle non d\u00e9clar\u00e9 dans un ch\u00e2teau de Pir\u00e9-Chanc\u00e9, \u00e0 l\u2019est de Rennes, devant 184 spectateurs. Apr\u00e8s la publication de l\u2019arr\u00eat\u00e9, l\u2019artiste a lanc\u00e9 un appel \u00e0 ses abonn\u00e9s. \u00ab Je recherche un terrain sur Rennes ou alentours pour assurer sa repr\u00e9sentation le 8 ao\u00fbt. Si vous avez une proposition, envoyez un message en PV. \u00bb Mais attention aux\u2026PV !\u00a0<\/p>\n","protected":false},"excerpt":{"rendered":"\u00ab Attention, suspense : je serai en spectacle vendredi et samedi \u00e0 Rennes et Lorient. Aurai-je droit, cette&hellip;\n","protected":false},"author":2,"featured_media":304416,"comment_status":"","ping_status":"","sticky":false,"template":"","format":"standard","meta":{"footnotes":""},"categories":[2821],"tags":[1111,11,829,1777,674,1011,27,12,584,25],"class_list":{"0":"post-304415","1":"post","2":"type-post","3":"status-publish","4":"format-standard","5":"has-post-thumbnail","7":"category-rennes","8":"tag-actu","9":"tag-actualites","10":"tag-bretagne","11":"tag-eu","12":"tag-europe","13":"tag-fr","14":"tag-france","15":"tag-news","16":"tag-rennes","17":"tag-republique-francaise"},"share_on_mastodon":{"url":"https:\/\/pubeurope.com\/@fr\/114991623246923616","error":""},"_links":{"self":[{"href":"https:\/\/www.europesays.com\/fr\/wp-json\/wp\/v2\/posts\/304415","targetHints":{"allow":["GET"]}}],"collection":[{"href":"https:\/\/www.europesays.com\/fr\/wp-json\/wp\/v2\/posts"}],"about":[{"href":"https:\/\/www.europesays.com\/fr\/wp-json\/wp\/v2\/types\/post"}],"author":[{"embeddable":true,"href":"https:\/\/www.europesays.com\/fr\/wp-json\/wp\/v2\/users\/2"}],"replies":[{"embeddable":true,"href":"https:\/\/www.europesays.com\/fr\/wp-json\/wp\/v2\/comments?post=304415"}],"version-history":[{"count":0,"href":"https:\/\/www.europesays.com\/fr\/wp-json\/wp\/v2\/posts\/304415\/revisions"}],"wp:featuredmedia":[{"embeddable":true,"href":"https:\/\/www.europesays.com\/fr\/wp-json\/wp\/v2\/media\/304416"}],"wp:attachment":[{"href":"https:\/\/www.europesays.com\/fr\/wp-json\/wp\/v2\/media?parent=304415"}],"wp:term":[{"taxonomy":"category","embeddable":true,"href":"https:\/\/www.europesays.com\/fr\/wp-json\/wp\/v2\/categories?post=304415"},{"taxonomy":"post_tag","embeddable":true,"href":"https:\/\/www.europesays.com\/fr\/wp-json\/wp\/v2\/tags?post=304415"}],"curies":[{"name":"wp","href":"https:\/\/api.w.org\/{rel}","templated":true}]}}