{"id":304423,"date":"2025-08-08T06:06:10","date_gmt":"2025-08-08T06:06:10","guid":{"rendered":"https:\/\/www.europesays.com\/fr\/304423\/"},"modified":"2025-08-08T06:06:10","modified_gmt":"2025-08-08T06:06:10","slug":"a-nantes-des-jeux-de-piste-gratuits-organises-dans-ces-parcs-pour-les-enfants","status":"publish","type":"post","link":"https:\/\/www.europesays.com\/fr\/304423\/","title":{"rendered":"\u00c0 Nantes, des jeux de piste gratuits organis\u00e9s dans ces parcs, pour les enfants"},"content":{"rendered":"<p>            Par<br \/>\n        <strong><br \/>\n            <a href=\"https:\/\/actu.fr\/auteur\/clemence-pays02-actu-fr\" title=\"Consulter tous les articles de Cl\u00e9mence Pays\" target=\"_blank\" rel=\"noopener\">Cl\u00e9mence Pays<\/a><br \/>\n        <\/strong><\/p>\n<p>        Publi\u00e9 le<\/p>\n<p>            8 ao\u00fbt 2025 \u00e0 7h32        <\/p>\n<p>Durant l\u2019\u00e9t\u00e9 2025, des <strong>jeux de piste gratuits et en acc\u00e8s libre<\/strong> sont organis\u00e9s dans diff\u00e9rents parcs de Nantes, \u00e0 destination des enfants de<strong> 3\u00a0ans et plus.<\/strong><\/p>\n<p class=\" wall-content\">Les jeunes Nantaises et Nantais sont invit\u00e9s \u00e0 <strong>mener l\u2019enqu\u00eate<\/strong> pour d\u00e9couvrir les secrets de ces jardins publics. Au total, trois sc\u00e9narios sont propos\u00e9s.<\/p>\n<p>Au Jardin des plantes<\/p>\n<p class=\" wall-content\">Une premi\u00e8re enqu\u00eate se d\u00e9roule au c\u0153ur du <strong>Jardin des plantes\u2009:<\/strong><\/p>\n<blockquote class=\"ac-article-quote wall-content\">\n<p> Les enfants d\u00e9couvriront le journal d\u2019une petite fille. Ils partiront alors sur ses traces et m\u00e8neront l\u2019enqu\u00eate pour d\u00e9couvrir les herbiers et leurs secrets. <\/p>\n<p>    <strong>Ville de Nantes<\/strong>\n            <\/p><\/blockquote>\n<p class=\" wall-content\">Le jeu de piste dure environ<strong> une heure.<\/strong> Pour participer, un <strong>livret<\/strong> est \u00e0 r\u00e9cup\u00e9rer \u00e0 l\u2019accueil du Jardin des plantes, tous les jours, de 10h30 \u00e0 12h et de 13h30 \u00e0 18h (dernier d\u00e9part \u00e0 16h30).<\/p>\n<p>Au parc du Grand Blottereau<\/p>\n<p class=\" wall-content\">Autre terrain de jeu propos\u00e9, celui du <strong>parc du Grand Blottereau,<\/strong> dans le quartier Doulon-Botti\u00e8re\u2009:<\/p>\n<blockquote class=\"ac-article-quote wall-content\">\n<p>Les enfants devront remplir plusieurs missions pour identifier les diff\u00e9rentes esp\u00e8ces pr\u00e9sentes sur le site, \u00e0 l\u2019aide d\u2019une carte et d\u2019un livret. Au programme : \u00e9nigmes, puzzles et bien d\u2019autres surprises pour \u00e9veiller la curiosit\u00e9 des plus jeunes. <\/p>\n<p>    <strong>Ville de Nantes<\/strong>\n            <\/p><\/blockquote>\n<p class=\" wall-content\">Le jeu dure environ <strong>une heure<\/strong> pour les enfants de <strong>3 \u00e0 6\u00a0ans<\/strong> et <strong>1 heure 30<\/strong> pour les enfants de <strong>7 \u00e0 12\u00a0ans.<\/strong><\/p>\n<p class=\" wall-content\">Le <strong>livret<\/strong> est \u00e0 r\u00e9cup\u00e9rer \u00e0 l\u2019exposition Ambassade de la biodiversit\u00e9 urbaine, dans l\u2019Orangerie (derri\u00e8re la serre tropicale), du mercredi au dimanche, de 10h \u00e0 13h et de 14h \u00e0 18h.<\/p>\n<p>Au jardin japonais de l\u2019\u00eele de Versailles<\/p>\n<p class=\" wall-content\">Enfin, changement de d\u00e9cor pour la troisi\u00e8me enqu\u00eate, sur <strong>l\u2019\u00eele de Versailles<\/strong> et son ambiance japonaise\u2009:<\/p>\n<blockquote class=\"ac-article-quote wall-content\">\n<p>Les enfants r\u00e9v\u00e9leront les secrets des termes \u00ab tachigata \u00bb, \u00ab sakura \u00bb, \u00ab sishi-odoshi \u00bb, \u00ab gingko biloba \u00bb\u2026 Au programme : r\u00e9bus, dessins et petites missions \u00e0 mener au c\u0153ur du jardin japonais. Une aventure ludique pour explorer un lieu zen et d\u00e9paysant en famille ! <\/p>\n<p>    <strong>Ville de Nantes<\/strong>\n            <\/p><\/blockquote>\n<p class=\" wall-content\">Dur\u00e9e du jeu de piste\u2009: environ <strong>une heure<\/strong> pour les enfants de <strong>3 \u00e0 6\u00a0ans<\/strong> et <strong>1 heure 30<\/strong> pour les enfants de <strong>7 \u00e0 12\u00a0ans.<\/strong><\/p>\n<p class=\" wall-content\">Le <strong>livret<\/strong> explicatif est \u00e0 r\u00e9cup\u00e9rer \u00e0 l\u2019accueil de la Maison de l\u2019Erdre, les mardis, mercredis et vendredis, de 14h \u00e0 18h\u2009; les samedis, dimanches et jours f\u00e9ri\u00e9s, de 10h \u00e0 12h30 et de 14h \u00e0 18h.<\/p>\n<p class=\" wall-content\">Suivez toute l\u2019actualit\u00e9 de vos villes et m\u00e9dias favoris en vous inscrivant \u00e0 <a href=\"https:\/\/moncompte.actu.fr\" title=\"D\u00e9couvez Mon Actu\" rel=\"nofollow noopener\" data-trk=\"{&quot;cta&quot;:{&quot;action&quot;:&quot;https:\\\/\\\/moncompte.actu.fr&quot;,&quot;category&quot;:&quot;mon compte&quot;,&quot;from&quot;:&quot;article footer&quot;,&quot;name&quot;:&quot;Mon actu&quot;,&quot;type&quot;:&quot;cta&quot;}}\" target=\"_blank\">Mon Actu<\/a>.<\/p>\n<ul class=\"ac-article-tag wall-content\">\n<li><a href=\"https:\/\/actu.fr\/tag\/animations\" data-trk=\"{&quot;cta&quot;:{&quot;action&quot;:&quot;Animations&quot;,&quot;category&quot;:&quot;tag&quot;,&quot;from&quot;:&quot;article footer&quot;,&quot;name&quot;:&quot;Animations&quot;,&quot;type&quot;:&quot;cta&quot;}}\" target=\"_blank\" rel=\"noopener\">#Animations<\/a><\/li>\n<li><a href=\"https:\/\/actu.fr\/tag\/vacances-scolaires\" data-trk=\"{&quot;cta&quot;:{&quot;action&quot;:&quot;Vacances scolaires&quot;,&quot;category&quot;:&quot;tag&quot;,&quot;from&quot;:&quot;article footer&quot;,&quot;name&quot;:&quot;Vacances scolaires&quot;,&quot;type&quot;:&quot;cta&quot;}}\" target=\"_blank\" rel=\"noopener\">#Vacances scolaires<\/a><\/li>\n<\/ul>\n","protected":false},"excerpt":{"rendered":"Par Cl\u00e9mence Pays Publi\u00e9 le 8 ao\u00fbt 2025 \u00e0 7h32 Durant l\u2019\u00e9t\u00e9 2025, des jeux de piste gratuits&hellip;\n","protected":false},"author":2,"featured_media":304424,"comment_status":"","ping_status":"","sticky":false,"template":"","format":"standard","meta":{"footnotes":""},"categories":[2818],"tags":[1111,11,1063,1777,674,1011,27,1652,766,12,2636,25,3176],"class_list":{"0":"post-304423","1":"post","2":"type-post","3":"status-publish","4":"format-standard","5":"has-post-thumbnail","7":"category-nantes","8":"tag-actu","9":"tag-actualites","10":"tag-animations","11":"tag-eu","12":"tag-europe","13":"tag-fr","14":"tag-france","15":"tag-loisirs-culture","16":"tag-nantes","17":"tag-news","18":"tag-pays-de-la-loire","19":"tag-republique-francaise","20":"tag-vacances-scolaires"},"share_on_mastodon":{"url":"https:\/\/pubeurope.com\/@fr\/114991646866669122","error":""},"_links":{"self":[{"href":"https:\/\/www.europesays.com\/fr\/wp-json\/wp\/v2\/posts\/304423","targetHints":{"allow":["GET"]}}],"collection":[{"href":"https:\/\/www.europesays.com\/fr\/wp-json\/wp\/v2\/posts"}],"about":[{"href":"https:\/\/www.europesays.com\/fr\/wp-json\/wp\/v2\/types\/post"}],"author":[{"embeddable":true,"href":"https:\/\/www.europesays.com\/fr\/wp-json\/wp\/v2\/users\/2"}],"replies":[{"embeddable":true,"href":"https:\/\/www.europesays.com\/fr\/wp-json\/wp\/v2\/comments?post=304423"}],"version-history":[{"count":0,"href":"https:\/\/www.europesays.com\/fr\/wp-json\/wp\/v2\/posts\/304423\/revisions"}],"wp:featuredmedia":[{"embeddable":true,"href":"https:\/\/www.europesays.com\/fr\/wp-json\/wp\/v2\/media\/304424"}],"wp:attachment":[{"href":"https:\/\/www.europesays.com\/fr\/wp-json\/wp\/v2\/media?parent=304423"}],"wp:term":[{"taxonomy":"category","embeddable":true,"href":"https:\/\/www.europesays.com\/fr\/wp-json\/wp\/v2\/categories?post=304423"},{"taxonomy":"post_tag","embeddable":true,"href":"https:\/\/www.europesays.com\/fr\/wp-json\/wp\/v2\/tags?post=304423"}],"curies":[{"name":"wp","href":"https:\/\/api.w.org\/{rel}","templated":true}]}}