{"id":304425,"date":"2025-08-08T06:07:10","date_gmt":"2025-08-08T06:07:10","guid":{"rendered":"https:\/\/www.europesays.com\/fr\/304425\/"},"modified":"2025-08-08T06:07:10","modified_gmt":"2025-08-08T06:07:10","slug":"huit-ans-apres-lavoir-perdu-une-famille-retrouve-son-chat-en-parfaite-sante","status":"publish","type":"post","link":"https:\/\/www.europesays.com\/fr\/304425\/","title":{"rendered":"huit ans apr\u00e8s l\u2019avoir perdu, une famille retrouve son chat en parfaite sant\u00e9"},"content":{"rendered":"<p><strong>R\u00c9CIT &#8211;<\/strong> En 2017, des habitants de Sainte-Luce-sur-Loire avaient perdu leur chat lors d\u2019un d\u00e9m\u00e9nagement. Recueilli par un homme qui le croyait abandonn\u00e9, le f\u00e9lin vivait en r\u00e9alit\u00e9 \u00e0 seulement quelques centaines de m\u00e8tres de son ancienne famille.<\/p>\n<p class=\"fig-paragraph\">Quand elle a re\u00e7u d\u00e9but juillet le coup de t\u00e9l\u00e9phone d\u2019une clinique v\u00e9t\u00e9rinaire, Isabelle ne s\u2019attendait pas \u00e0 une telle nouvelle. \u00abOn a retrouv\u00e9 votre\u00a0<a href=\"http:\/\/www.lefigaro.fr\/animaux\/dossier\/races-de-chats-fiches-conseils-et-photos\" target=\"_blank\" data-fig-type=\"Topic\" rel=\"noopener nofollow\" data-gtm-custom-categorie=\"navigation\" data-gtm-custom-action=\"crossclick\" data-gtm-custom-label=\"Contextuel\" data-gtm-event=\"customEventSPE\" data-fig-domain=\"LEFIGARO\">chat<\/a> \u00bb, lui a annonc\u00e9 la secr\u00e9taire au bout du fil. \u00abJ\u2019\u00e9tais tr\u00e8s \u00e9tonn\u00e9e car on n\u2019a plus\u00a0<a href=\"http:\/\/www.lefigaro.fr\/animaux\/dossier\/nouveaux-animaux-de-compagnie-nac-tous-nos-conseils\" target=\"_blank\" data-fig-type=\"Topic\" rel=\"noopener nofollow\" data-gtm-custom-categorie=\"navigation\" data-gtm-custom-action=\"crossclick\" data-gtm-custom-label=\"Contextuel\" data-gtm-event=\"customEventSPE\" data-fig-domain=\"LEFIGARO\">d\u2019animaux<\/a> \u00a0depuis huit ans\u00bb, raconte au Figaro l\u2019ancienne propri\u00e9taire d\u2019\u00c9clair, adopt\u00e9 en 2011 puis disparu six ans plus tard. Et pourtant, c\u2019est bien lui, un minet au pelage roux, dot\u00e9 de rayures blanches, que vient de retrouver la famille, originaire de Sainte-Luce-sur-Loire, pr\u00e8s de\u00a0<a href=\"http:\/\/www.lefigaro.fr\/nantes\/nantes-la-metropole-refuse-l-installation-de-nouveaux-uritrottoirs-pres-du-quai-de-la-fosse-pour-ne-pas-discriminer-les-femmes-20250804\" target=\"_blank\" data-fig-type=\"NewsFlash\" rel=\"noopener nofollow\" data-gtm-custom-categorie=\"navigation\" data-gtm-custom-action=\"crossclick\" data-gtm-custom-label=\"Contextuel\" data-gtm-event=\"customEventSPE\" data-fig-domain=\"LEFIGARO\">Nantes<\/a>.<\/p>\n<p class=\"fig-paragraph\">En 2017, lors d\u2019un d\u00e9m\u00e9nagement au sein de la m\u00eame commune, l\u2019animal s\u2019\u00e9chappe de leur foyer. \u00c0 l\u2019\u00e9poque, en pleines grandes vacances, la m\u00e8re de trois enfants avertit les voisins, pose des pancartes, pr\u00e9vient la clinique v\u00e9t\u00e9rinaire. En vain. L\u2019animal, pourtant porteur d\u2019une puce, n\u2019a jamais plus donn\u00e9 signe de vie. \u00abOn a fait notre deuil\u00bb, se souvient Isabelle, \u00e0 propos d\u2019une p\u00e9riode compliqu\u00e9e.<\/p>\n<p>                                    <a class=\"fig-a11y-skip a11y-hidden\" href=\"#fig-a11y-skip-main-inarticle\"><br \/>\n        Passer la publicit\u00e9<br \/>\n    <\/a><\/p>\n<p>Un quiproquo d\u2019adresse<\/p>\n<p class=\"fig-paragraph\">Or, pendant ce temps-l\u00e0, sans qu\u2019elle ne le sache, \u00c9clair a v\u00e9cu une vie de pacha. Devenu \u00abGazoline\u00bb, il a \u00e9t\u00e9 recueilli par Greg, r\u00e9sidant aussi \u00e0 Sainte-Luce-sur-Loire. Co\u00efncidence en cet \u00e9t\u00e9 2017, \u00c9clair appara\u00eet chez lui pour la premi\u00e8re fois le jour m\u00eame o\u00f9 son chat Harley est d\u00e9c\u00e9d\u00e9. All\u00e9ch\u00e9 par l\u2019odeur des croquettes que Greg n\u2019avait pas encore rang\u00e9es, \u00c9clair revient \u00e0 plusieurs reprises. Greg r\u00e9cup\u00e8re l\u2019adresse des propri\u00e9taires gr\u00e2ce \u00e0 la puce afin d\u2019aller leur rendre. Mais, sur place, il tombe sur deux maisons closes sans num\u00e9ro. Impossible de savoir laquelle est la bonne. \u00abJ\u2019ai demand\u00e9 \u00e0 une voisine si elle savait \u00e0 qui appartenait le chat\u00bb, se rem\u00e9more-t-il. \u00abElle m\u2019a dit\u00a0: \u201cUne mamie vient de d\u00e9c\u00e9der. Peut-\u00eatre que ses enfants n\u2019ont pas voulu r\u00e9cup\u00e9rer le chat\u201d\u00bb.<\/p>\n<p class=\"fig-paragraph\">C\u2019est ainsi que Greg d\u00e9cide de garder le matou. Le motard en profite pour le renommer Gazoline, en r\u00e9f\u00e9rence au carburant. De 2017 \u00e0 2025, il l\u2019a bichonn\u00e9. \u00abJe lui ai donn\u00e9 des croquettes et de la p\u00e2t\u00e9e \u00e0 profusion. Si tous les animaux \u00e9taient trait\u00e9s comme \u00e7a,\u00a0<a href=\"http:\/\/www.lefigaro.fr\/animaux\/la-spa-lance-sa-campagne-d-ete-pour-lutter-contre-l-abandon-des-animaux-avec-gilles-lellouche-20250624\" target=\"_blank\" data-fig-type=\"NewsFlash\" rel=\"noopener nofollow\" data-gtm-custom-categorie=\"navigation\" data-gtm-custom-action=\"crossclick\" data-gtm-custom-label=\"Contextuel\" data-gtm-event=\"customEventSPE\" data-fig-domain=\"LEFIGARO\">la SPA<\/a> \u00a0n\u2019existerait pas\u00a0!\u00bb, plaisante-t-il. Sauf que le 6 juillet, rebelote. Sans raison, Gazoline s\u2019est \u00e9chapp\u00e9. Le 10 juillet, Greg a post\u00e9 un message sur Facebook pour signaler sa disparition et rendre hommage \u00e0 son animal de compagnie.<\/p>\n<p>Droit de visite<\/p>\n<p class=\"fig-paragraph\">Entre-temps, la boule de poils \u00e2g\u00e9e de 14 ans a \u00e9t\u00e9 recueillie dans une clinique, puis r\u00e9cup\u00e9r\u00e9e par sa famille d\u2019origine qui a publi\u00e9 un appel \u00e0 t\u00e9moins. Objectif\u00a0: retrouver celui qui s\u2019est occup\u00e9 du f\u00e9lin pendant si longtemps. \u00abSi quelqu\u2019un a accueilli ou nourri \u00c9clair dans\u00a0la commune, nous serions heureux de conna\u00eetre ses bienfaiteurs et de savoir\u00a0comment \u00c9clair a travers\u00e9 toutes ces ann\u00e9es loin de nous\u00bb, a \u00e9crit Isabelle, dans un communiqu\u00e9. Tombant sur le message diffus\u00e9 dans la presse, Greg a fait le lien et contact\u00e9 son auteur.<\/p>\n<p class=\"fig-paragraph\">Ils se sont depuis rencontr\u00e9s et ont d\u00e9couvert qu\u2019ils habitaient \u00e0 900 m\u00e8tres l\u2019un de l\u2019autre. Ils ont alors retrac\u00e9 la chronologie\u00a0: la maison de la d\u00e9funte dame devant laquelle s\u2019est retrouv\u00e9 Greg \u00e0 l\u2019\u00e9poque \u00e9tait bien voisine de l\u2019ancienne maison de la famille. Toujours est-il qu\u2019apr\u00e8s avoir pass\u00e9 un mois dans son ancienne famille, Gazoline, qui s\u2019est adouci avec le temps, va finalement rester chez Greg pour des questions de facilit\u00e9. Isabelle et ses enfants pourront lui rendre visite quand ils le souhaitent et gardent en m\u00e9moire \u00abune tr\u00e8s belle rencontre\u00bb avec Greg.<\/p>\n<p>    Gazoline, anciennement \u00c9clair, sur un transat chez Isabelle.<br \/>\n                Collection personnelle<\/p>\n","protected":false},"excerpt":{"rendered":"R\u00c9CIT &#8211; En 2017, des habitants de Sainte-Luce-sur-Loire avaient perdu leur chat lors d\u2019un d\u00e9m\u00e9nagement. Recueilli par un&hellip;\n","protected":false},"author":2,"featured_media":304426,"comment_status":"","ping_status":"","sticky":false,"template":"","format":"standard","meta":{"footnotes":""},"categories":[2818],"tags":[1111,11,18732,7654,1777,674,1011,27,766,12,2636,25],"class_list":{"0":"post-304425","1":"post","2":"type-post","3":"status-publish","4":"format-standard","5":"has-post-thumbnail","7":"category-nantes","8":"tag-actu","9":"tag-actualites","10":"tag-animal","11":"tag-chat","12":"tag-eu","13":"tag-europe","14":"tag-fr","15":"tag-france","16":"tag-nantes","17":"tag-news","18":"tag-pays-de-la-loire","19":"tag-republique-francaise"},"share_on_mastodon":{"url":"https:\/\/pubeurope.com\/@fr\/114991650799167227","error":""},"_links":{"self":[{"href":"https:\/\/www.europesays.com\/fr\/wp-json\/wp\/v2\/posts\/304425","targetHints":{"allow":["GET"]}}],"collection":[{"href":"https:\/\/www.europesays.com\/fr\/wp-json\/wp\/v2\/posts"}],"about":[{"href":"https:\/\/www.europesays.com\/fr\/wp-json\/wp\/v2\/types\/post"}],"author":[{"embeddable":true,"href":"https:\/\/www.europesays.com\/fr\/wp-json\/wp\/v2\/users\/2"}],"replies":[{"embeddable":true,"href":"https:\/\/www.europesays.com\/fr\/wp-json\/wp\/v2\/comments?post=304425"}],"version-history":[{"count":0,"href":"https:\/\/www.europesays.com\/fr\/wp-json\/wp\/v2\/posts\/304425\/revisions"}],"wp:featuredmedia":[{"embeddable":true,"href":"https:\/\/www.europesays.com\/fr\/wp-json\/wp\/v2\/media\/304426"}],"wp:attachment":[{"href":"https:\/\/www.europesays.com\/fr\/wp-json\/wp\/v2\/media?parent=304425"}],"wp:term":[{"taxonomy":"category","embeddable":true,"href":"https:\/\/www.europesays.com\/fr\/wp-json\/wp\/v2\/categories?post=304425"},{"taxonomy":"post_tag","embeddable":true,"href":"https:\/\/www.europesays.com\/fr\/wp-json\/wp\/v2\/tags?post=304425"}],"curies":[{"name":"wp","href":"https:\/\/api.w.org\/{rel}","templated":true}]}}