{"id":304438,"date":"2025-08-08T06:15:14","date_gmt":"2025-08-08T06:15:14","guid":{"rendered":"https:\/\/www.europesays.com\/fr\/304438\/"},"modified":"2025-08-08T06:15:14","modified_gmt":"2025-08-08T06:15:14","slug":"twin-jet-ouvre-une-nouvelle-liaison-entre-marseille-et-bordeaux-des-septembre-2025-actualite-aeronautique","status":"publish","type":"post","link":"https:\/\/www.europesays.com\/fr\/304438\/","title":{"rendered":"Twin Jet ouvre une nouvelle liaison entre Marseille et Bordeaux d\u00e8s septembre 2025 &#8211; Actualit\u00e9 a\u00e9ronautique"},"content":{"rendered":"<p class=\"subtitle\">Article publi\u00e9 le 8 ao\u00fbt 2025 par David Dagouret<\/p>\n<p>\u00a0\u00c0 compter du 9 septembre 2025, une nouvelle ligne r\u00e9guli\u00e8re reliera Marseille \u00e0 Bordeaux, avec trois vols aller-retour par semaine.<\/p>\n<p>La compagnie a\u00e9rienne r\u00e9gionale Twin Jet continue de renforcer sa pr\u00e9sence sur le territoire national. \u00c0 compter du 9 septembre 2025, une nouvelle ligne r\u00e9guli\u00e8re reliera Marseille \u00e0 Bordeaux, avec trois vols aller-retour par semaine.<\/p>\n<p>Cette nouvelle liaison, op\u00e9r\u00e9e les mardis, mercredis et vendredis, vise \u00e0 r\u00e9pondre \u00e0 la demande croissante des voyageurs d&rsquo;affaires comme de loisirs pour une connexion directe entre la Provence et la Nouvelle-Aquitaine. Elle marque \u00e9galement le retour d\u2019un lien a\u00e9rien r\u00e9gulier entre ces deux m\u00e9tropoles r\u00e9gionales, qui n\u2019\u00e9taient plus directement reli\u00e9es par les airs depuis plusieurs mois.<\/p>\n<p>Le programme pr\u00e9voit deux d\u00e9parts hebdomadaires depuis Marseille \u00e0 14h00 les mardis et mercredis, avec une arriv\u00e9e \u00e0 Bordeaux \u00e0 15h25. Le vol retour est programm\u00e9 \u00e0 16h00, pour une arriv\u00e9e \u00e0 Marseille \u00e0 17h25. Le vendredi, un vol matinal quittera Marseille \u00e0 07h00, avec un retour de Bordeaux \u00e0 08h55.<\/p>\n<p><strong>Eric Moret, Directeur g\u00e9n\u00e9ral de Twin Jet a d\u00e9clar\u00e9 :<\/strong> \u00ab\u00a0Nous sommes ravis de pouvoir \u00e0 nouveau relier Marseille et Bordeaux, deux villes dynamiques au fort potentiel \u00e9conomique et touristique. Marseille est une base tr\u00e8s importante pour Twin Jet, et constitue un v\u00e9ritable point d\u2019ancrage pour la compagnie depuis plus de 20 ans. Cette reprise de ligne t\u00e9moigne de notre engagement \u00e0 r\u00e9pondre aux attentes des passagers de la Cit\u00e9 Phoc\u00e9enne et de renforcer notre r\u00f4le dans la connectivit\u00e9 de la r\u00e9gion.\u00a0\u00bb<\/p>\n<p><img loading=\"lazy\" decoding=\"async\" src=\"https:\/\/www.europesays.com\/fr\/wp-content\/uploads\/2025\/08\/4453.jpg\" alt=\"twin\" width=\"600\" height=\"401\" style=\"border:0px solid;\" \/><\/p>\n<p>  Sur le m\u00eame sujet<\/p>\n","protected":false},"excerpt":{"rendered":"Article publi\u00e9 le 8 ao\u00fbt 2025 par David Dagouret \u00a0\u00c0 compter du 9 septembre 2025, une nouvelle ligne&hellip;\n","protected":false},"author":2,"featured_media":304439,"comment_status":"","ping_status":"","sticky":false,"template":"","format":"standard","meta":{"footnotes":""},"categories":[2814],"tags":[1111,47,11,296,30397,30398,7182,13796,17318,30399,9919,11821,341,1777,674,30400,5556,1011,27,30401,30402,1031,884,12,882,25],"class_list":{"0":"post-304438","1":"post","2":"type-post","3":"status-publish","4":"format-standard","5":"has-post-thumbnail","7":"category-marseille","8":"tag-actu","9":"tag-actualite","10":"tag-actualites","11":"tag-aeronautique","12":"tag-aeroweb","13":"tag-aeroweb-fr-net","14":"tag-aviation","15":"tag-avions","16":"tag-compagnies-aeriennes","17":"tag-constructeurs-aeronautiques","18":"tag-cv","19":"tag-dossiers","20":"tag-emploi","21":"tag-eu","22":"tag-europe","23":"tag-fiches-techniques","24":"tag-forum","25":"tag-fr","26":"tag-france","27":"tag-histoire-de-laeronautique","28":"tag-histoire-de-laviation","29":"tag-magazine","30":"tag-marseille","31":"tag-news","32":"tag-provence-alpes-cote-dazur","33":"tag-republique-francaise"},"share_on_mastodon":{"url":"https:\/\/pubeurope.com\/@fr\/114991682270463849","error":""},"_links":{"self":[{"href":"https:\/\/www.europesays.com\/fr\/wp-json\/wp\/v2\/posts\/304438","targetHints":{"allow":["GET"]}}],"collection":[{"href":"https:\/\/www.europesays.com\/fr\/wp-json\/wp\/v2\/posts"}],"about":[{"href":"https:\/\/www.europesays.com\/fr\/wp-json\/wp\/v2\/types\/post"}],"author":[{"embeddable":true,"href":"https:\/\/www.europesays.com\/fr\/wp-json\/wp\/v2\/users\/2"}],"replies":[{"embeddable":true,"href":"https:\/\/www.europesays.com\/fr\/wp-json\/wp\/v2\/comments?post=304438"}],"version-history":[{"count":0,"href":"https:\/\/www.europesays.com\/fr\/wp-json\/wp\/v2\/posts\/304438\/revisions"}],"wp:featuredmedia":[{"embeddable":true,"href":"https:\/\/www.europesays.com\/fr\/wp-json\/wp\/v2\/media\/304439"}],"wp:attachment":[{"href":"https:\/\/www.europesays.com\/fr\/wp-json\/wp\/v2\/media?parent=304438"}],"wp:term":[{"taxonomy":"category","embeddable":true,"href":"https:\/\/www.europesays.com\/fr\/wp-json\/wp\/v2\/categories?post=304438"},{"taxonomy":"post_tag","embeddable":true,"href":"https:\/\/www.europesays.com\/fr\/wp-json\/wp\/v2\/tags?post=304438"}],"curies":[{"name":"wp","href":"https:\/\/api.w.org\/{rel}","templated":true}]}}