{"id":304447,"date":"2025-08-08T06:21:22","date_gmt":"2025-08-08T06:21:22","guid":{"rendered":"https:\/\/www.europesays.com\/fr\/304447\/"},"modified":"2025-08-08T06:21:22","modified_gmt":"2025-08-08T06:21:22","slug":"pourquoi-marquinhos-et-pacho-nont-pas-ete-retenus","status":"publish","type":"post","link":"https:\/\/www.europesays.com\/fr\/304447\/","title":{"rendered":"pourquoi Marquinhos et Pacho n&rsquo;ont pas \u00e9t\u00e9 retenus"},"content":{"rendered":"<p>Qui choisit les listes des 30\u00a0?<\/p>\n<p>Un comit\u00e9 des listes est en charge de la s\u00e9lection des 30 nomm\u00e9s du Ballon d&rsquo;Or. Le comit\u00e9 comporte 14 personnes\u00a0: 11 journalistes de la r\u00e9daction de France Football et de L&rsquo;\u00c9quipe, ainsi que Vidir Sigurdsson, jur\u00e9 islandais qui a r\u00e9ussi l&rsquo;exploit d&rsquo;\u00eatre le plus proche des r\u00e9sultats lors de l&rsquo;\u00e9dition 2024. Enfin, Luis Figo, vainqueur du troph\u00e9e en 2000, et Fabio Capello, entra\u00eeneur ayant remport\u00e9 la Ligue des champions 1994, ont \u00e9galement transmis leur liste.<br \/>Chaque membre choisit de son c\u00f4t\u00e9 une liste de 30 joueurs, sans d\u00e9battre avec d&rsquo;autres personnes. Le comit\u00e9 s&rsquo;est r\u00e9uni le 15\u00a0juillet, deux jours apr\u00e8s la finale de la Coupe du monde des clubs, pour d\u00e9lib\u00e9rer. Les joueurs ayant \u00e9t\u00e9 cit\u00e9s dans les 14 listes rejoignent directement la s\u00e9lection finale. Un d\u00e9bat s&rsquo;instaure ensuite pour remplir la liste jusqu&rsquo;\u00e0 30. Tout en prenant en compte un \u00e9l\u00e9ment\u00a0: plus le joueur a \u00e9t\u00e9 cit\u00e9 dans les listes de d\u00e9part, plus il a de chance de se retrouver au th\u00e9\u00e2tre du Ch\u00e2telet le 22\u00a0septembre prochain.<\/p>\n","protected":false},"excerpt":{"rendered":"Qui choisit les listes des 30\u00a0? Un comit\u00e9 des listes est en charge de la s\u00e9lection des 30&hellip;\n","protected":false},"author":2,"featured_media":304448,"comment_status":"","ping_status":"","sticky":false,"template":"","format":"standard","meta":{"footnotes":""},"categories":[1888],"tags":[1111,1928,11,1927,1777,674,1011,27,12,1926,626,1925,25],"class_list":{"0":"post-304447","1":"post","2":"type-post","3":"status-publish","4":"format-standard","5":"has-post-thumbnail","7":"category-paris","8":"tag-actu","9":"tag-actu-paris","10":"tag-actualites","11":"tag-actualites-paris","12":"tag-eu","13":"tag-europe","14":"tag-fr","15":"tag-france","16":"tag-news","17":"tag-news-paris","18":"tag-paris","19":"tag-paris-news","20":"tag-republique-francaise"},"share_on_mastodon":{"url":"https:\/\/pubeurope.com\/@fr\/114991706106627766","error":""},"_links":{"self":[{"href":"https:\/\/www.europesays.com\/fr\/wp-json\/wp\/v2\/posts\/304447","targetHints":{"allow":["GET"]}}],"collection":[{"href":"https:\/\/www.europesays.com\/fr\/wp-json\/wp\/v2\/posts"}],"about":[{"href":"https:\/\/www.europesays.com\/fr\/wp-json\/wp\/v2\/types\/post"}],"author":[{"embeddable":true,"href":"https:\/\/www.europesays.com\/fr\/wp-json\/wp\/v2\/users\/2"}],"replies":[{"embeddable":true,"href":"https:\/\/www.europesays.com\/fr\/wp-json\/wp\/v2\/comments?post=304447"}],"version-history":[{"count":0,"href":"https:\/\/www.europesays.com\/fr\/wp-json\/wp\/v2\/posts\/304447\/revisions"}],"wp:featuredmedia":[{"embeddable":true,"href":"https:\/\/www.europesays.com\/fr\/wp-json\/wp\/v2\/media\/304448"}],"wp:attachment":[{"href":"https:\/\/www.europesays.com\/fr\/wp-json\/wp\/v2\/media?parent=304447"}],"wp:term":[{"taxonomy":"category","embeddable":true,"href":"https:\/\/www.europesays.com\/fr\/wp-json\/wp\/v2\/categories?post=304447"},{"taxonomy":"post_tag","embeddable":true,"href":"https:\/\/www.europesays.com\/fr\/wp-json\/wp\/v2\/tags?post=304447"}],"curies":[{"name":"wp","href":"https:\/\/api.w.org\/{rel}","templated":true}]}}