{"id":304449,"date":"2025-08-08T06:22:13","date_gmt":"2025-08-08T06:22:13","guid":{"rendered":"https:\/\/www.europesays.com\/fr\/304449\/"},"modified":"2025-08-08T06:22:13","modified_gmt":"2025-08-08T06:22:13","slug":"paris-face-au-rechauffement-climatique-le-plan-de-la-mairie-pour-transformer-la-capitale-en-ville-eponge","status":"publish","type":"post","link":"https:\/\/www.europesays.com\/fr\/304449\/","title":{"rendered":"Paris\u00a0: face au r\u00e9chauffement climatique, le plan de la mairie pour transformer la capitale en \u00ab\u00a0ville \u00e9ponge\u00a0\u00bb"},"content":{"rendered":"<p class=\"paragraph text_align_left lp-f-body-02\">Par un jeudi synonyme de retour de canicule, parler pluie semble anachronique. C\u2019est pourtant pour faire face \u00e0 l\u2019acc\u00e9l\u00e9ration du r\u00e9chauffement climatique et ses cons\u00e9quences dans une capitale encore tr\u00e8s min\u00e9rale, <a href=\"https:\/\/www.leparisien.fr\/paris-75\/canicule-en-ile-de-france-30-c-a-paris-a-3-heures-du-matin-10-degres-decart-avec-la-grande-couronne-01-07-2025-LERTLQSBGVCSDMQ6YMPT2SYS2U.php\" target=\"_blank\" rel=\"noreferrer nofollow noopener\">o\u00f9 les temp\u00e9ratures d\u00e9passent de plus en plus souvent les normales<\/a>, que la Ville a pr\u00e9sent\u00e9 ce jeudi le nouveau plan ParisPluie. Comprendre : une version am\u00e9lior\u00e9e du plan du m\u00eame nom lanc\u00e9 en 2018, adapt\u00e9 d\u00e9sormais au <a href=\"https:\/\/www.leparisien.fr\/paris-75\/moins-de-voitures-des-logements-sociaux-renoves-comment-paris-veut-eviter-le-scenario-dune-ville-sous-50-c-12-11-2024-Q5KKIDY6LJASLO76YMWS23JNLA.php\" target=\"_self\" rel=\"nofollow noopener\">nouveau plan climat<\/a> et au PLU bioclimatique, pour recourir davantage \u00e0 l\u2019eau de pluie, anticiper sa raret\u00e9 et parfois son trop-plein.<\/p>\n<p class=\"paragraph text_align_left lp-f-body-02\">Pour cela, la municipalit\u00e9 propose de transformer Paris en \u00ab ville \u00e9ponge \u00bb en d\u00e9simperm\u00e9abilisant au moins \u00e0 55 % de ses sols d\u2019ici \u00e0 2050. Elle entend aussi am\u00e9liorer la collecte des eaux pluviales gr\u00e2ce \u00e0 des installations <a href=\"https:\/\/www.leparisien.fr\/jo-paris-2024\/pluies-et-orages-a-paris-le-bassin-dausterlitz-construit-en-marge-des-jo-a-rempli-son-role-02-08-2024-4N5ZCWVGVRFKDJO2CJUT5TEXFE.php\" target=\"_self\" rel=\"nofollow noopener\">comme le bassin d\u2019Austerlitz<\/a> (XIIe). Car l\u2019eau de pluie, qu\u2019elle soit trop abondante ou trop rare comme actuellement \u2014 un arr\u00eat\u00e9 de <a href=\"https:\/\/www.leparisien.fr\/paris-75\/secheresse-a-paris-et-en-ile-de-france-plusieurs-departements-en-etat-de-vigilance-30-07-2025-5DLBGCRLKBG5LCH3FSOQUVBPKU.php\" target=\"_self\" rel=\"nofollow noopener\">vigilance s\u00e9cheresse court depuis le 11 juillet \u00e0 Paris<\/a> \u2014 est encore trop peu utilis\u00e9e. Aujourd\u2019hui, elle est en grande partie rejet\u00e9e dans le r\u00e9seau d\u2019assainissement o\u00f9 elle est m\u00e9lang\u00e9e aux eaux us\u00e9es, lesquelles sont trait\u00e9es dans des stations d\u2019\u00e9puration.<\/p>\n<p class=\"paragraph text_align_left lp-f-body-02\">Antoine Guillou, adjoint \u00e0 la maire de Paris en charge notamment de la propret\u00e9 de l\u2019espace public et de l\u2019assainissement, tire un bilan \u00ab encourageant \u00bb du premier ParisPluie \u00ab 150 ha v\u00e9g\u00e9talis\u00e9s et 950 000 m3 d\u2019eaux de pluie en moyenne qui ont \u00e9vit\u00e9 les \u00e9gouts chaque ann\u00e9e depuis sa mise en application, notamment gr\u00e2ce \u00e0 la d\u00e9simperm\u00e9abilisation. \u00bb Mais la majorit\u00e9 estime aujourd\u2019hui qu\u2019il faut aller plus loin. \u00ab La Ville de Paris est une ville radiateur. La Ville fait \u00e9norm\u00e9ment mais il faut acc\u00e9l\u00e9rer et repenser l\u2019urbanisme totalement diff\u00e9remment, comme une ville \u00e9ponge \u00bb, plaide Chlo\u00e9 Sagaspe, \u00e9lue \u00e9cologiste et vice-pr\u00e9sidente de la 8e commission (environnement &#8211; climat et biodiversit\u00e9, et propret\u00e9) au Conseil de Paris.<\/p>\n<p>Plus de bouches de r\u00e9cup\u00e9ration<\/p>\n<p class=\"paragraph text_align_left lp-f-body-02\">Pour mieux la r\u00e9cup\u00e9rer, la Ville mise sur l\u2019installation de bouches de r\u00e9cup\u00e9ration d\u2019eau en bord de chauss\u00e9e. Le XIIIe arrondissement en fait l\u2019exp\u00e9rimentation avec la r\u00e9cente installation, rue Brillat-Savarin, de ces ouvertures au pied des jardini\u00e8res. Elles permettent \u00e0 l\u2019eau de pluie de venir s\u2019\u00e9couler directement dans les plantations, moyennant un filtre pour certaines \u00ab afin de retenir les polluants, m\u00e9taux lourds et hydrocarbures issus de la route \u00bb, explique Marie Gantois, cheffe de la division expertises sol et v\u00e9g\u00e9tal de la Ville de Paris.<\/p>\n<p><img decoding=\"async\" class=\"image \" loading=\"lazy\" src=\"https:\/\/www.europesays.com\/fr\/wp-content\/uploads\/2025\/08\/G7HGMNRRQNGYRPXS6XDAI43XYI.jpg\" alt=\"Ces am\u00e9nagements permettront d'\u00e9viter \u00e0 430m3 d'eau de se retrouver dans les \u00e9go\u00fbts. LP\/Sarah Krakovitch\" align=\"\" data-rubrique-principale=\"\" data-article-type=\"\" fetchpriority=\"auto\"\/>Ces am\u00e9nagements permettront d&rsquo;\u00e9viter \u00e0 430m3 d&rsquo;eau de se retrouver dans les \u00e9go\u00fbts. LP\/Sarah Krakovitch<\/p>\n<p class=\"paragraph text_align_left lp-f-body-02\">D\u00e9j\u00e0 utilis\u00e9e dans certaines villes de Seine-Saint-Denis, la bouche de r\u00e9cup\u00e9ration d\u2019eau pourrait permettre non seulement de faire des \u00e9conomies, cette eau ne passant plus par les stations d\u2019\u00e9puration, mais aussi de transformer davantage de lieux en \u00eelots de fra\u00eecheur, dans une ville o\u00f9 <a href=\"https:\/\/www.leparisien.fr\/paris-75\/urbanisme-a-paris-en-seize-ans-les-espaces-verts-ont-augmente-de-036-m2-par-habitant-03-06-2023-O6X4YYQJANHSZK5WBGRBD7AKUY.php\" target=\"_self\" rel=\"nofollow noopener\">le ratio d\u2019espaces verts par habitant est tr\u00e8s faible<\/a>.<\/p>\n<p class=\"paragraph text_align_left lp-f-body-02\">Les chantiers de d\u00e9simperm\u00e9abilisation des sols, eux, s\u2019annoncent complexes en certains points de la capitale, o\u00f9 la densit\u00e9 de construction et les r\u00e9seaux souterrains compliquent ce type d\u2019am\u00e9nagements. \u00ab La plupart du territoire parisien est imperm\u00e9abilis\u00e9. Il faut faire une r\u00e9volution haussmannienne \u00e0 l\u2019envers, pr\u00e9conise Chlo\u00e9 Sagaspe. Il faut plus de plantations en pleine terre, notamment dans les quartiers populaires. Viser les arrondissements qui sont d\u00e9ficitaires. Mais il y a la difficult\u00e9 des r\u00e9seaux en sous-sol \u00bb, admet-elle, encourageant \u00ab une politique au cas par cas \u00bb.<\/p>\n<p>Un profit pour les \u00eelots de fra\u00eecheur<\/p>\n<p class=\"paragraph text_align_left lp-f-body-02\">\u00ab D\u00e9connecter cette eau des r\u00e9seaux d\u2019\u00e9gouts permettrait de limiter les al\u00e9as et de faire \u00ab r\u00e9int\u00e9grer le cycle de l\u2019eau \u00bb \u00e0 l\u2019eau pluviale, ajoute Cyril Doizelet, ing\u00e9nieur au sein du Service technique de l\u2019eau et de l\u2019assainissement de la Ville. Pour lui, environ 430 m3 d\u2019eau de pluie pourraient ainsi \u00e9chapper aux \u00e9gouts parisiens chaque ann\u00e9e. De quoi profiter aux v\u00e9g\u00e9taux \u00ab absorbent l\u2019eau et servent, notamment lors de fortes chaleurs, d\u2019\u00eelots de fra\u00eecheurs \u00bb comme sur <a href=\"https:\/\/www.leparisien.fr\/environnement\/forets-urbaines-a-paris-ces-bosquets-ont-une-vraie-fonction-ecologique-24-04-2024-J2EQEWNBKRGVBML5SIZ4NV2WXA.php\" target=\"_self\" rel=\"nofollow noopener\">la place de Catalogne<\/a> (XIVe), fait valoir Antoine Guillou. Pas de quoi convaincre Chlo\u00e9 Sagaspe, pour qui \u00ab les for\u00eats urbaines sont des gadgets environnementaux qui co\u00fbtent tr\u00e8s chers \u00bb.<\/p>\n<p class=\"paragraph text_align_left lp-f-body-02\">Ce PlanPluie doit enfin prendre en compte le parc priv\u00e9, o\u00f9 le dispositif <a href=\"https:\/\/www.leparisien.fr\/paris-75\/vegetalisation-a-paris-un-million-deuros-pour-encourager-les-coproprietes-a-devenir-des-coproasis-03-03-2023-TMYSRZRIOFDZDCDHRWLU4M6OD4.php\" target=\"_self\" rel=\"nofollow noopener\">CoprOasis<\/a> cr\u00e9\u00e9 en 2023 permet aux copropri\u00e9taires de b\u00e9n\u00e9ficier d\u2019aides financi\u00e8res et techniques pour r\u00e9cup\u00e9rer les eaux de pluie afin d\u2019arroser les plantes et de nettoyer les espaces communs. Une eau de pluie mieux collect\u00e9e doit enfin permettre de pr\u00e9server une bonne qualit\u00e9 d\u2019eau dans la Seine, alors que <a href=\"https:\/\/www.leparisien.fr\/paris-75\/cest-genial-inattendu-avec-les-premiers-baigneurs-au-coeur-des-trois-sites-ouverts-sur-la-seine-05-07-2025-GTKAVTCTUFG5TCZNTQEKQJMOHU.php\" target=\"_self\" rel=\"nofollow noopener\">trois sites de baignade p\u00e9rennes ont ouvert pour l\u2019\u00e9t\u00e9<\/a>.<\/p>\n","protected":false},"excerpt":{"rendered":"Par un jeudi synonyme de retour de canicule, parler pluie semble anachronique. C\u2019est pourtant pour faire face \u00e0&hellip;\n","protected":false},"author":2,"featured_media":304450,"comment_status":"","ping_status":"","sticky":false,"template":"","format":"standard","meta":{"footnotes":""},"categories":[1888],"tags":[11,1777,674,1011,27,1944,12,626,44435,25],"class_list":{"0":"post-304449","1":"post","2":"type-post","3":"status-publish","4":"format-standard","5":"has-post-thumbnail","7":"category-paris","8":"tag-actualites","9":"tag-eu","10":"tag-europe","11":"tag-fr","12":"tag-france","13":"tag-ma-ville","14":"tag-news","15":"tag-paris","16":"tag-paris-75013","17":"tag-republique-francaise"},"share_on_mastodon":{"url":"https:\/\/pubeurope.com\/@fr\/114991709939071877","error":""},"_links":{"self":[{"href":"https:\/\/www.europesays.com\/fr\/wp-json\/wp\/v2\/posts\/304449","targetHints":{"allow":["GET"]}}],"collection":[{"href":"https:\/\/www.europesays.com\/fr\/wp-json\/wp\/v2\/posts"}],"about":[{"href":"https:\/\/www.europesays.com\/fr\/wp-json\/wp\/v2\/types\/post"}],"author":[{"embeddable":true,"href":"https:\/\/www.europesays.com\/fr\/wp-json\/wp\/v2\/users\/2"}],"replies":[{"embeddable":true,"href":"https:\/\/www.europesays.com\/fr\/wp-json\/wp\/v2\/comments?post=304449"}],"version-history":[{"count":0,"href":"https:\/\/www.europesays.com\/fr\/wp-json\/wp\/v2\/posts\/304449\/revisions"}],"wp:featuredmedia":[{"embeddable":true,"href":"https:\/\/www.europesays.com\/fr\/wp-json\/wp\/v2\/media\/304450"}],"wp:attachment":[{"href":"https:\/\/www.europesays.com\/fr\/wp-json\/wp\/v2\/media?parent=304449"}],"wp:term":[{"taxonomy":"category","embeddable":true,"href":"https:\/\/www.europesays.com\/fr\/wp-json\/wp\/v2\/categories?post=304449"},{"taxonomy":"post_tag","embeddable":true,"href":"https:\/\/www.europesays.com\/fr\/wp-json\/wp\/v2\/tags?post=304449"}],"curies":[{"name":"wp","href":"https:\/\/api.w.org\/{rel}","templated":true}]}}