{"id":304452,"date":"2025-08-08T06:24:12","date_gmt":"2025-08-08T06:24:12","guid":{"rendered":"https:\/\/www.europesays.com\/fr\/304452\/"},"modified":"2025-08-08T06:24:12","modified_gmt":"2025-08-08T06:24:12","slug":"des-agents-russes-presumes-arretes-en-pologne","status":"publish","type":"post","link":"https:\/\/www.europesays.com\/fr\/304452\/","title":{"rendered":"Des agents russes pr\u00e9sum\u00e9s arr\u00eat\u00e9s en Pologne"},"content":{"rendered":"<p><strong>\u00ab\u00c0 ce jour, 32 personnes soup\u00e7onn\u00e9es de collaborer avec les services sp\u00e9ciaux russes, qui ont commandit\u00e9 des actes de sabotage, ont \u00e9t\u00e9 arr\u00eat\u00e9es en Pologne, a d\u00e9clar\u00e9 jeudi 7 ao\u00fbt 2025 le Premier ministre polonais Donald TuskTusk, selon l\u2019agence de presse polonaise\u00a0Pap.<\/strong><\/p>\n<p>Selon\u00a0AP News, ce groupe de 32 personnes comprend non seulement des Polonais, mais aussi des Russes, des Ukrainiens, des Bi\u00e9lorusses et m\u00eame\u2026 un Colombien.<\/p>\n<p>Le Colombien, qui risque jusqu\u2019\u00e0 10 ans de prison pour deux chefs d\u2019accusation li\u00e9s \u00e0 un incendie criminel, affirme avoir re\u00e7u l\u2019ordre de commettre ces actes de la part des services de renseignement russes, y compris des instructions sur la fabrication de cocktails Molotov, indique l\u2019agence.<\/p>\n<p>Le Premier ministre polonais a averti que les risques pos\u00e9s par les saboteurs du Kremlin constituent une menace \u00abpermanente\u00bb pour son pays.<\/p>\n<p>\u00abTout le monde peut voir cela \u2013 les \u00c9tats-Unis, l\u2019OTAN, nos alli\u00e9s europ\u00e9ens \u2013 comme une menace permanente qui persistera \u00e0 l\u2019avenir\u00bb, a d\u00e9clar\u00e9 Tusk, cit\u00e9 par l\u2019agence Pap.<\/p>\n<p>La cha\u00eene d\u2019information polonaise\u00a0TVP World\u00a0a soulign\u00e9, pour sa part, que la Pologne est le plus grand \u00c9tat-membre de l\u2019Otan en premi\u00e8re ligne face \u00e0 la Russie et qu\u2019elle constitue une plaque tournante essentielle pour l\u2019aide occidentale \u00e0 l\u2019Ukraine.<\/p>\n<p>Cependant, comme le rappelle cette cha\u00eene, la position de la Pologne au voisinage de la Bi\u00e9lorussie et de l\u2019Ukraine la rend tr\u00e8s vuln\u00e9rable aux attaques asym\u00e9triques de la Russie.<\/p>\n<p>Le\u00a0Kyiv Independent\u00a0indique qu\u2019en juin dernier, un Polonais soup\u00e7onn\u00e9 d\u2019espionnage pour le compte de la Russie a \u00e9t\u00e9 arr\u00eat\u00e9 dans le cadre d\u2019une vaste op\u00e9ration contre des r\u00e9seaux orchestr\u00e9s par Moscou et Minsk.<\/p>\n<p>Toujours selon ce journal, les responsables politiques occidentaux mettent en garde contre une campagne de sabotage men\u00e9e par la Russie dans diff\u00e9rents pays europ\u00e9ens, qui cible en particulier les alli\u00e9s de l\u2019Ukraine.<\/p>\n<p class=\"has-text-align-right\"><strong>H. G.<\/strong><\/p>\n","protected":false},"excerpt":{"rendered":"\u00ab\u00c0 ce jour, 32 personnes soup\u00e7onn\u00e9es de collaborer avec les services sp\u00e9ciaux russes, qui ont commandit\u00e9 des actes&hellip;\n","protected":false},"author":2,"featured_media":304453,"comment_status":"","ping_status":"","sticky":false,"template":"","format":"standard","meta":{"footnotes":""},"categories":[1591],"tags":[11,17059,19429,1887,23559,12,136,2437,1885,1886,132,12999,44436,220],"class_list":{"0":"post-304452","1":"post","2":"type-post","3":"status-publish","4":"format-standard","5":"has-post-thumbnail","7":"category-russie","8":"tag-actualites","9":"tag-bielorussie","10":"tag-donald-tusk","11":"tag-federation-de-russie","12":"tag-incendie-criminel","13":"tag-news","14":"tag-otan","15":"tag-pologne","16":"tag-russia","17":"tag-russian-federation","18":"tag-russie","19":"tag-sabotage","20":"tag-services-speciaux","21":"tag-ukraine"},"share_on_mastodon":{"url":"https:\/\/pubeurope.com\/@fr\/114991717943635981","error":""},"_links":{"self":[{"href":"https:\/\/www.europesays.com\/fr\/wp-json\/wp\/v2\/posts\/304452","targetHints":{"allow":["GET"]}}],"collection":[{"href":"https:\/\/www.europesays.com\/fr\/wp-json\/wp\/v2\/posts"}],"about":[{"href":"https:\/\/www.europesays.com\/fr\/wp-json\/wp\/v2\/types\/post"}],"author":[{"embeddable":true,"href":"https:\/\/www.europesays.com\/fr\/wp-json\/wp\/v2\/users\/2"}],"replies":[{"embeddable":true,"href":"https:\/\/www.europesays.com\/fr\/wp-json\/wp\/v2\/comments?post=304452"}],"version-history":[{"count":0,"href":"https:\/\/www.europesays.com\/fr\/wp-json\/wp\/v2\/posts\/304452\/revisions"}],"wp:featuredmedia":[{"embeddable":true,"href":"https:\/\/www.europesays.com\/fr\/wp-json\/wp\/v2\/media\/304453"}],"wp:attachment":[{"href":"https:\/\/www.europesays.com\/fr\/wp-json\/wp\/v2\/media?parent=304452"}],"wp:term":[{"taxonomy":"category","embeddable":true,"href":"https:\/\/www.europesays.com\/fr\/wp-json\/wp\/v2\/categories?post=304452"},{"taxonomy":"post_tag","embeddable":true,"href":"https:\/\/www.europesays.com\/fr\/wp-json\/wp\/v2\/tags?post=304452"}],"curies":[{"name":"wp","href":"https:\/\/api.w.org\/{rel}","templated":true}]}}