{"id":304456,"date":"2025-08-08T06:26:14","date_gmt":"2025-08-08T06:26:14","guid":{"rendered":"https:\/\/www.europesays.com\/fr\/304456\/"},"modified":"2025-08-08T06:26:14","modified_gmt":"2025-08-08T06:26:14","slug":"les-usa-offrent-50-millions-de-dollars-pour-la-capture-dun-chef-detat-et-ce-nest-pas-poutine","status":"publish","type":"post","link":"https:\/\/www.europesays.com\/fr\/304456\/","title":{"rendered":"Les USA offrent 50 millions de dollars pour la capture d\u2019un chef d\u2019\u00c9tat, et ce n\u2019est pas Poutine"},"content":{"rendered":"<p>  \tWashington a annonc\u00e9 jeudi avoir port\u00e9 \u00e0 50 millions de dollars la r\u00e9compense offerte pour la capture de Nicolas Maduro, poursuivi par la justice am\u00e9ricaine pour trafic de drogue.\u00a0<\/p>\n<p>&#13;<br \/>\n&#13;<\/p>\n<p>Les \u00c9tats-Unis, qui n\u2019avaient pas reconnu en janvier, sous le gouvernement de Joe Biden, l\u2019\u00e9lection \u00abill\u00e9gitime\u00bb du pr\u00e9sident v\u00e9n\u00e9zu\u00e9lien Nicolas Maduro, ont annonc\u00e9 jeudi avoir doubl\u00e9 \u00e0 50 millions de dollars la prime pour l\u2019arrestation du dirigeant inculp\u00e9 par la justice am\u00e9ricaine de trafic de drogues.<\/p>\n<p>\u00abAujourd\u2019hui, le minist\u00e8re de la Justice et le d\u00e9partement d\u2019\u00c9tat annoncent une r\u00e9compense de 50 millions de dollars pour toute information conduisant \u00e0 l\u2019interpellation de Nicolas Maduro\u00bb, a \u00e9crit sur X (anciennement Twitter) la ministre de la Justice Pam Bondi, la pr\u00e9c\u00e9dente prime en janvier \u00e9tant de 25 millions de dollars.<\/p>\n<p>&#13;<br \/>\n&#13;<\/p>\n<p>&#13;<br \/>\n&#13;<\/p>\n<p> Caracas n\u2019a pas tard\u00e9 \u00e0 r\u00e9pondre et \u00e0 qualifier de \u00abpath\u00e9tique\u00bb cette d\u00e9cision du gouvernement de Donald Trump.<\/p>\n<p> \u00abNous rejetons cette grossi\u00e8re op\u00e9ration de propagande politique\u00bb, a affirm\u00e9 dans un communiqu\u00e9 le ministre v\u00e9n\u00e9zu\u00e9lien des Affaires \u00e9trang\u00e8res, Yvan Gil.<\/p>\n<p> Les \u00c9tats-Unis ont d\u00e9nonc\u00e9 en janvier le \u00absimulacre\u00bb de l\u2019investiture de Nicolas Maduro, r\u00e9\u00e9lu pour un troisi\u00e8me mandat de six ans \u00e0 la t\u00eate du Venezuela.<\/p>\n<p> Le pr\u00e9sident v\u00e9n\u00e9zu\u00e9lien, fort du soutien de l\u2019arm\u00e9e et d\u2019une administration aux ordres, avait pr\u00eat\u00e9 serment lors d\u2019une c\u00e9r\u00e9monie qualifi\u00e9e de \u00abcoup d\u2019\u00c9tat\u00bb par l\u2019opposition, qui revendique la victoire \u00e0 la pr\u00e9sidentielle.<\/p>\n<p>&#13;<br \/>\n&#13;<\/p>\n<p>&#13;<br \/>\n&#13;<\/p>\n<p> \u00abPendant que nous d\u00e9mantelons les complots terroristes orchestr\u00e9s depuis son pays, cette dame sort avec un cirque m\u00e9diatique pour plaire \u00e0 l\u2019extr\u00eame droite vaincue du Venezuela\u00bb, a d\u00e9clar\u00e9 jeudi le ministre Yvan Gil, en r\u00e9ponse \u00e0 Pam Bondi.<\/p>\n<p> La r\u00e9compense am\u00e9ricaine port\u00e9e jeudi de 25 \u00e0 50 millions de dollars concerne toujours toute information conduisant \u00e0 l\u2019arrestation de Nicolas Maduro et de son ministre de l\u2019Int\u00e9rieur pour qu\u2019ils soient jug\u00e9s pour \u00abtrafic de drogue et corruption\u00bb, selon Washington.<\/p>\n<p> Cette inculpation, notamment pour participation et complicit\u00e9 de \u00abnarcotrafic\u00bb international, remonte \u00e0 2020, \u00e0 la fin du premier mandat de Donald Trump.<\/p>\n<p> Le parquet f\u00e9d\u00e9ral am\u00e9ricain, qui a d\u00e9j\u00e0 fait condamner ces derni\u00e8res ann\u00e9es plusieurs ex-dirigeants d\u2019Am\u00e9rique latine, accuse Nicolas Maduro d\u2019\u00eatre derri\u00e8re un cartel qui aurait envoy\u00e9 des centaines de tonnes de drogues aux \u00c9tats-Unis pour des centaines de millions de dollars.<\/p>\n<p> Les autorit\u00e9s am\u00e9ricaines soup\u00e7onnent le cartel d\u2019avoir travaill\u00e9 main dans la main avec l\u2019organisation colombienne des Farc, que Washington consid\u00e8re comme \u00abterroriste\u00bb.<\/p>\n<p> La ministre de la Justice a enfin accus\u00e9 Nicolas Maduro d\u2019avoir collabor\u00e9 avec le gang criminel v\u00e9n\u00e9zu\u00e9lien Tren de Aragua et le cartel mexicain Sinaloa.<\/p>\n<p>  &#13;<br \/>\n  \u00c0 lire aussi&#13;<br \/>\n  &#13;<\/p>\n<p>  <img decoding=\"async\" data-copyright=\"AFP\" class=\"r-img\"  typeof=\"foaf:Image\" src=\"https:\/\/www.europesays.com\/fr\/wp-content\/uploads\/2025\/08\/46565401.jpeg\" alt=\"Belgaimage-130771405.jpg\"\/><br \/>\n        <a class=\"r-stories--link\" href=\"https:\/\/www.rtl.be\/actu\/monde\/international\/guerre-en-ukraine\/donald-trump-se-dit-pret-voir-poutine-meme-si-ce-dernier-refuse-de-rencontrer\/2025-08-07\/article\/759215\" rel=\"nofollow noopener\" target=\"_blank\">Donald Trump se dit pr\u00eat \u00e0 voir Poutine, m\u00eame si ce dernier refuse de rencontrer Zelensky\u00a0: \u00ab\u00a0Je ferai tout ce que je peux pour arr\u00eater les tueries\u00a0\u00bb<\/a>&#13;<br \/>\n  &#13;<br \/>\n&#13;<\/p>\n<p> Le pr\u00e9sident am\u00e9ricain veut \u00e9vincer Nicolas Maduro du pouvoir et asphyxier \u00e9conomiquement le Venezuela. Depuis son retour \u00e0 la Maison Blanche, Donald Trump a notamment durci l\u2019embargo p\u00e9trolier, annon\u00e7ant qu\u2019il infligerait des droits de douane suppl\u00e9mentaires aux pays qui ach\u00e8teraient du p\u00e9trole v\u00e9n\u00e9zu\u00e9lien. Le gouvernement de Nicolas Maduro d\u00e9nonce lui de longue date une ing\u00e9rence des \u00c9tats-Unis dans les affaires v\u00e9n\u00e9zu\u00e9liennes.<\/p>\n<p>&#13;<br \/>\n&#13;<\/p>\n<p>&#13;<br \/>\n&#13;<\/p>\n","protected":false},"excerpt":{"rendered":"Washington a annonc\u00e9 jeudi avoir port\u00e9 \u00e0 50 millions de dollars la r\u00e9compense offerte pour la capture de&hellip;\n","protected":false},"author":2,"featured_media":304457,"comment_status":"","ping_status":"","sticky":false,"template":"","format":"standard","meta":{"footnotes":""},"categories":[1589],"tags":[29950,11,73,1866,12,1864,1865,1863,308],"class_list":{"0":"post-304456","1":"post","2":"type-post","3":"status-publish","4":"format-standard","5":"has-post-thumbnail","7":"category-etats-unis","8":"tag-nodefield_freetags","9":"tag-actualites","10":"tag-etats-unis","11":"tag-etats-unis-damerique","12":"tag-news","13":"tag-united-states","14":"tag-united-states-of-america","15":"tag-us","16":"tag-usa"},"share_on_mastodon":{"url":"https:\/\/pubeurope.com\/@fr\/114991725563905415","error":""},"_links":{"self":[{"href":"https:\/\/www.europesays.com\/fr\/wp-json\/wp\/v2\/posts\/304456","targetHints":{"allow":["GET"]}}],"collection":[{"href":"https:\/\/www.europesays.com\/fr\/wp-json\/wp\/v2\/posts"}],"about":[{"href":"https:\/\/www.europesays.com\/fr\/wp-json\/wp\/v2\/types\/post"}],"author":[{"embeddable":true,"href":"https:\/\/www.europesays.com\/fr\/wp-json\/wp\/v2\/users\/2"}],"replies":[{"embeddable":true,"href":"https:\/\/www.europesays.com\/fr\/wp-json\/wp\/v2\/comments?post=304456"}],"version-history":[{"count":0,"href":"https:\/\/www.europesays.com\/fr\/wp-json\/wp\/v2\/posts\/304456\/revisions"}],"wp:featuredmedia":[{"embeddable":true,"href":"https:\/\/www.europesays.com\/fr\/wp-json\/wp\/v2\/media\/304457"}],"wp:attachment":[{"href":"https:\/\/www.europesays.com\/fr\/wp-json\/wp\/v2\/media?parent=304456"}],"wp:term":[{"taxonomy":"category","embeddable":true,"href":"https:\/\/www.europesays.com\/fr\/wp-json\/wp\/v2\/categories?post=304456"},{"taxonomy":"post_tag","embeddable":true,"href":"https:\/\/www.europesays.com\/fr\/wp-json\/wp\/v2\/tags?post=304456"}],"curies":[{"name":"wp","href":"https:\/\/api.w.org\/{rel}","templated":true}]}}