{"id":304460,"date":"2025-08-08T06:28:25","date_gmt":"2025-08-08T06:28:25","guid":{"rendered":"https:\/\/www.europesays.com\/fr\/304460\/"},"modified":"2025-08-08T06:28:25","modified_gmt":"2025-08-08T06:28:25","slug":"debut-du-proces-dun-ex-assistant-dun-eurodepute-dextreme-droite-allemand-accuse-despionnage-pour-pekin-liberation","status":"publish","type":"post","link":"https:\/\/www.europesays.com\/fr\/304460\/","title":{"rendered":"d\u00e9but du proc\u00e8s d\u2019un ex-assistant d\u2019un eurod\u00e9put\u00e9 d\u2019extr\u00eame droite allemand accus\u00e9 d\u2019espionnage pour P\u00e9kin \u2013 Lib\u00e9ration"},"content":{"rendered":"<p class=\"sc-ksZaOG ehjQrN text-element\">L\u2019ex-collaborateur d\u2019un eurod\u00e9put\u00e9 d\u2019extr\u00eame droite allemand, soup\u00e7onn\u00e9 d\u2019espionnage au profit de P\u00e9kin, est jug\u00e9 \u00e0 partir de ce mardi 5 ao\u00fbt \u00e0 Dresde (est de l\u2019Allemagne), dans un contexte de multiplication des cas d\u2019espionnage ces derniers mois dans le pays. De septembre 2019 \u00e0 son arrestation en avril 2024, <a href=\"https:\/\/www.liberation.fr\/international\/europe\/allemagne-soupconne-despionnage-pour-la-chine-lassistant-dun-eurodepute-dextreme-droite-arrete-20240423_DU23ENBRJ5EZPDUILZ4YUXIX2Y\/?redirected=1\" target=\"_blank\" rel=\"noreferrer nofollow noopener\" title=\"https:\/\/www.liberation.fr\/international\/europe\/allemagne-soupconne-despionnage-pour-la-chine-lassistant-dun-eurodepute-dextreme-droite-arrete-20240423_DU23ENBRJ5EZPDUILZ4YUXIX2Y\/?redirected=1\">Jian Guo, de nationalit\u00e9 allemande,<\/a> \u00e9tait l\u2019un des assistants parlementaires de <a href=\"https:\/\/www.liberation.fr\/international\/europe\/allemagne-max-le-mousseux-le-boulet-de-lafd-20240522_OI7UX7L5URE4HNWOYJQDDAGJ74\/\" target=\"_blank\" rel=\"noreferrer nofollow noopener\" title=\"https:\/\/www.liberation.fr\/international\/europe\/allemagne-max-le-mousseux-le-boulet-de-lafd-20240522_OI7UX7L5URE4HNWOYJQDDAGJ74\/\">l\u2019eurod\u00e9put\u00e9 Maximilian Krah<\/a>, star sur TikTok et connu lui-m\u00eame pour son penchant pour les autocraties. Selon le parquet, Jian Guo aurait \u00abutilis\u00e9 cette fonction pour collecter des informations\u00bb concernant \u00ables avis et d\u00e9cisions du Parlement europ\u00e9en\u00bb.<\/p>\n<p class=\"sc-ksZaOG ehjQrN text-element\">Actuellement \u00e2g\u00e9 de 44 ans, Jian Guo \u00e9tait employ\u00e9 depuis 2002 par un service de renseignement chinois, affirme le parquet. Au Parlement europ\u00e9en, il aurait collect\u00e9 plus de 500 documents, dont certains class\u00e9s comme particuli\u00e8rement sensibles. Son interpellation l\u2019an dernier avait fait grand bruit, car Maximilian Krah \u00e9tait alors la t\u00eate de liste d\u2019extr\u00eame droite de <a href=\"https:\/\/www.liberation.fr\/international\/europe\/elections-legislatives-en-allemagne-pour-lextreme-droite-un-succes-qui-monte-dun-ecran-20250220_LYGMR5UXBRGLZPLCYXNWOLVJOU\/\" target=\"_blank\" rel=\"noreferrer nofollow noopener\" title=\"https:\/\/www.liberation.fr\/international\/europe\/elections-legislatives-en-allemagne-pour-lextreme-droite-un-succes-qui-monte-dun-ecran-20250220_LYGMR5UXBRGLZPLCYXNWOLVJOU\/\">l\u2019Alternative pour l\u2019Allemagne (AfD)<\/a> pour <a href=\"https:\/\/www.liberation.fr\/dossier\/europeennes-2024\/\" target=\"_blank\" rel=\"noreferrer nofollow noopener\" title=\"https:\/\/www.liberation.fr\/dossier\/europeennes-2024\/\">les \u00e9lections europ\u00e9ennes<\/a>. Il est depuis au Bundestag (Parlement allemand), o\u00f9 il a \u00e9t\u00e9 \u00e9lu d\u00e9put\u00e9 en f\u00e9vrier 2025.<\/p>\n<p class=\"sc-ksZaOG ehjQrN text-element\">Jian Guo aurait aussi, toujours selon l\u2019accusation, espionn\u00e9 des opposants et dissidents chinois en Allemagne. Pour ce faire, il serait apparu sur les r\u00e9seaux sociaux comme un critique de la Chine pour mieux les tromper. Il aurait \u00e9galement rassembl\u00e9 des informations sur des responsables politiques de l\u2019AfD pour P\u00e9kin, dont la divulgation pourrait \u00eatre particuli\u00e8rement embarrassante pour ce parti, <a href=\"https:\/\/www.liberation.fr\/international\/europe\/allemagne-officiellement-qualifiee-dextreme-droite-lafd-ravie-detre-diabolisee-20250506_ETJMXY6PWFHAVG5CGZHOK5EPRU\/\" target=\"_blank\" rel=\"noreferrer nofollow noopener\" title=\"https:\/\/www.liberation.fr\/international\/europe\/allemagne-officiellement-qualifiee-dextreme-droite-lafd-ravie-detre-diabolisee-20250506_ETJMXY6PWFHAVG5CGZHOK5EPRU\/\">premi\u00e8re force d\u2019opposition en Allemagne<\/a> depuis les l\u00e9gislatives de f\u00e9vrier dernier.<\/p>\n<p class=\"sc-ksZaOG ehjQrN text-element\">D\u2019apr\u00e8s l\u2019hebdomadaire allemand <a href=\"https:\/\/www.spiegel.de\/politik\/deutschland\/prozess-gegen-krah-assistenten-das-steht-in-den-afd-dossiers-des-mutmasslichen-china-spions-a-8e0ecae9-fcb2-4831-a512-15467095b6e6\" target=\"_blank\" rel=\"noreferrer nofollow noopener\" title=\"https:\/\/www.spiegel.de\/politik\/deutschland\/prozess-gegen-krah-assistenten-das-steht-in-den-afd-dossiers-des-mutmasslichen-china-spions-a-8e0ecae9-fcb2-4831-a512-15467095b6e6\">Der Spiegel<\/a>, les enqu\u00eateurs ont saisi des \u00e9crits en langue chinoise relatant les luttes de pouvoir au sein de l\u2019AfD et des d\u00e9tails sur la vie priv\u00e9e et intime de sa cheffe de file <a href=\"https:\/\/www.liberation.fr\/international\/europe\/alice-weidel-dediabolisatrice-en-cheffe-de-lextreme-droite-allemande-20250223_ZQUY4YP7M5BUHASZYAWVACJWV4\/\" target=\"_blank\" rel=\"noreferrer nofollow noopener\" title=\"https:\/\/www.liberation.fr\/international\/europe\/alice-weidel-dediabolisatrice-en-cheffe-de-lextreme-droite-allemande-20250223_ZQUY4YP7M5BUHASZYAWVACJWV4\/\">Alice Weidel<\/a>, elle-m\u00eame grande experte de la Chine. Maximilian Krah a, pour sa part, ni\u00e9 aupr\u00e8s du magazine avoir \u00e9chang\u00e9 des informations internes au parti ou d\u2019ordre priv\u00e9 avec son ex-collaborateur.<\/p>\n<p class=\"sc-ksZaOG ehjQrN text-element\">Selon l\u2019accusation, Jian Guo aurait \u00e9galement livr\u00e9 \u00e0 P\u00e9kin des informations d\u2019ordre militaire gr\u00e2ce notamment \u00e0 une pr\u00e9sum\u00e9e complice, d\u00e9sign\u00e9e comme \u00abYaqi X\u00bb. Arr\u00eat\u00e9e fin septembre 2024, elle est \u00e9galement jug\u00e9e \u00e0 Dresde ce mardi pour lui avoir fourni des informations sur les vols, cargaisons et passagers de l\u2019a\u00e9roport de Leipzig \/Halle (est), o\u00f9 elle travaillait pour une entreprise de services logistiques. Selon le minist\u00e8re public, ces informations concernaient le transport de biens militaires et des personnes \u00abayant des liens avec une entreprise allemande d\u2019armement\u00bb, qui serait, d\u2019apr\u00e8s Der Spiegel, Rheinmetall, fabricant du char de combat L\u00e9opard, livr\u00e9 notamment \u00e0 l\u2019Ukraine. Les deux accus\u00e9s ont pass\u00e9 un an en d\u00e9tention provisoire avant leur proc\u00e8s.<\/p>\n<p class=\"sc-ksZaOG ehjQrN text-element\">Survenue juste apr\u00e8s l\u2019arrestation de trois autres agents chinois pr\u00e9sum\u00e9s par les autorit\u00e9s allemandes, celle de Jian Guo avait nourri les craintes d\u2019interf\u00e9rences de P\u00e9kin dans la politique de l\u2019UE. La Chine avait protest\u00e9 contre une \u00abmanipulation politique\u00bb et une \u00abdiffamation malveillante\u00bb \u00e0 son \u00e9gard.<\/p>\n<p class=\"sc-ksZaOG ehjQrN text-element\">Selon le tribunal, Maximilian Krah doit compara\u00eetre en tant que t\u00e9moin le 3 septembre dans ce proc\u00e8s &#8211; pr\u00e9vu pour durer jusqu\u2019au 30 du m\u00eame mois. Cet avocat avait \u00e9t\u00e9 banni des instances dirigeantes de l\u2019AfD <a href=\"https:\/\/www.liberation.fr\/international\/europe\/ingerence-russe-perquisitions-au-parlement-europeen-un-ex-assistant-de-leurodepute-maximilian-krah-vise-20240529_R773DECR2RFMRGBEQV4KOUZBAE\/\" target=\"_blank\" rel=\"noreferrer nofollow noopener\" title=\"https:\/\/www.liberation.fr\/international\/europe\/ingerence-russe-perquisitions-au-parlement-europeen-un-ex-assistant-de-leurodepute-maximilian-krah-vise-20240529_R773DECR2RFMRGBEQV4KOUZBAE\/\">apr\u00e8s plusieurs d\u00e9rapages<\/a>. Il avait notamment fait scandale en estimant qu\u2019un SS n\u2019\u00e9tait \u00abpas automatiquement un criminel\u00bb, ce qui avait conduit \u00e0 une rupture au Parlement europ\u00e9en avec le parti d\u2019extr\u00eame droite fran\u00e7ais Rassemblement national. Maximilian Krah est par ailleurs soup\u00e7onn\u00e9 de blanchiment d\u2019argent et de corruption par le parquet de Dresde. Selon le <a href=\"https:\/\/www.spiegel.de\/politik\/deutschland\/prozess-gegen-krah-assistenten-das-steht-in-den-afd-dossiers-des-mutmasslichen-china-spions-a-8e0ecae9-fcb2-4831-a512-15467095b6e6\" target=\"_blank\" rel=\"noreferrer nofollow noopener\" title=\"https:\/\/www.spiegel.de\/politik\/deutschland\/prozess-gegen-krah-assistenten-das-steht-in-den-afd-dossiers-des-mutmasslichen-china-spions-a-8e0ecae9-fcb2-4831-a512-15467095b6e6\">Spiegel<\/a>, il aurait re\u00e7u entre 2019 et 2023 plus de 50 000 euros de fonds venus de Chine, \u00e9manant de soci\u00e9t\u00e9s proches de son ex-collaborateur.<\/p>\n<p class=\"sc-ksZaOG ehjQrN text-element\">Ces derniers mois, <a href=\"https:\/\/www.liberation.fr\/international\/europe\/arrestations-en-allemagne-trois-personnes-suspectees-despionnage-pour-la-chine-20240422_U4SVX4GEDZAR3OWRUZDFFGB5Y4\/#:~:text=La%20justice%20allemande%20a%20annonc%C3%A9,Herwig%20F.%2C%20Ina%20F.\" target=\"_blank\" rel=\"noreferrer nofollow noopener\" title=\"https:\/\/www.liberation.fr\/international\/europe\/arrestations-en-allemagne-trois-personnes-suspectees-despionnage-pour-la-chine-20240422_U4SVX4GEDZAR3OWRUZDFFGB5Y4\/#:~:text=La%20justice%20allemande%20a%20annonc%C3%A9,Herwig%20F.%2C%20Ina%20F.\">plusieurs cas d\u2019espionnage pr\u00e9sum\u00e9s<\/a>, notamment au profit de Moscou ou P\u00e9kin, ont \u00e9t\u00e9 rendus publics en Allemagne. Le proc\u00e8s de trois Germano-Russes, soup\u00e7onn\u00e9s d\u2019avoir transmis des informations \u00e0 la Russie et pr\u00e9par\u00e9 des actes de sabotage visant l\u2019aide \u00e0 Kyiv, est aussi en cours \u00e0 Munich (sud).<\/p>\n","protected":false},"excerpt":{"rendered":"L\u2019ex-collaborateur d\u2019un eurod\u00e9put\u00e9 d\u2019extr\u00eame droite allemand, soup\u00e7onn\u00e9 d\u2019espionnage au profit de P\u00e9kin, est jug\u00e9 \u00e0 partir de ce&hellip;\n","protected":false},"author":2,"featured_media":304461,"comment_status":"","ping_status":"","sticky":false,"template":"","format":"standard","meta":{"footnotes":""},"categories":[1587],"tags":[11,1862,672,1804,309,1805,1803,1777,674,1801,12,1802],"class_list":{"0":"post-304460","1":"post","2":"type-post","3":"status-publish","4":"format-standard","5":"has-post-thumbnail","7":"category-allemagne","8":"tag-actualites","9":"tag-afd","10":"tag-allemagne","11":"tag-bundesrepublik-deutschland","12":"tag-chine","13":"tag-de","14":"tag-deutschland","15":"tag-eu","16":"tag-europe","17":"tag-germany","18":"tag-news","19":"tag-republique-federale-dallemagne"},"share_on_mastodon":{"url":"https:\/\/pubeurope.com\/@fr\/114991733488411323","error":""},"_links":{"self":[{"href":"https:\/\/www.europesays.com\/fr\/wp-json\/wp\/v2\/posts\/304460","targetHints":{"allow":["GET"]}}],"collection":[{"href":"https:\/\/www.europesays.com\/fr\/wp-json\/wp\/v2\/posts"}],"about":[{"href":"https:\/\/www.europesays.com\/fr\/wp-json\/wp\/v2\/types\/post"}],"author":[{"embeddable":true,"href":"https:\/\/www.europesays.com\/fr\/wp-json\/wp\/v2\/users\/2"}],"replies":[{"embeddable":true,"href":"https:\/\/www.europesays.com\/fr\/wp-json\/wp\/v2\/comments?post=304460"}],"version-history":[{"count":0,"href":"https:\/\/www.europesays.com\/fr\/wp-json\/wp\/v2\/posts\/304460\/revisions"}],"wp:featuredmedia":[{"embeddable":true,"href":"https:\/\/www.europesays.com\/fr\/wp-json\/wp\/v2\/media\/304461"}],"wp:attachment":[{"href":"https:\/\/www.europesays.com\/fr\/wp-json\/wp\/v2\/media?parent=304460"}],"wp:term":[{"taxonomy":"category","embeddable":true,"href":"https:\/\/www.europesays.com\/fr\/wp-json\/wp\/v2\/categories?post=304460"},{"taxonomy":"post_tag","embeddable":true,"href":"https:\/\/www.europesays.com\/fr\/wp-json\/wp\/v2\/tags?post=304460"}],"curies":[{"name":"wp","href":"https:\/\/api.w.org\/{rel}","templated":true}]}}