{"id":304467,"date":"2025-08-08T06:32:10","date_gmt":"2025-08-08T06:32:10","guid":{"rendered":"https:\/\/www.europesays.com\/fr\/304467\/"},"modified":"2025-08-08T06:32:10","modified_gmt":"2025-08-08T06:32:10","slug":"a-gaza-benyamin-netanyahou-tient-sa-guerre-perpetuelle-liberation","status":"publish","type":"post","link":"https:\/\/www.europesays.com\/fr\/304467\/","title":{"rendered":"A Gaza, Benyamin N\u00e9tanyahou tient sa guerre perp\u00e9tuelle \u2013 Lib\u00e9ration"},"content":{"rendered":"<p class=\"sc-ksZaOG ehjQrN text-element\">Forever war. Apr\u00e8s les bourbiers vietnamiens et irakiens, c\u2019est le nom qu\u2019ont donn\u00e9 les Am\u00e9ricains \u00e0 ces conflits sans but ni horizon autre que celui de perp\u00e9tuer la guerre pour la guerre. Benyamin N\u00e9tanyahou, longtemps partisan des guerres \u00e9clair \u2013 \u00e0 l\u2019instar de celle <a href=\"https:\/\/www.liberation.fr\/international\/moyen-orient\/entre-liran-israel-et-les-etats-unis-une-guerre-de-douze-jours-et-des-questions-20250624_LGJ2JLOK5NHMXE3Y6OLKJ4K4KQ\/\" target=\"_blank\" rel=\"noreferrer noopener\" title=\"https:\/\/www.liberation.fr\/international\/moyen-orient\/entre-liran-israel-et-les-etats-unis-une-guerre-de-douze-jours-et-des-questions-20250624_LGJ2JLOK5NHMXE3Y6OLKJ4K4KQ\/\">des douze jours men\u00e9e en Iran<\/a>, en juin \u2013, ces op\u00e9rations ramass\u00e9es men\u00e9es par une poign\u00e9e de jets ou un escadron des forces sp\u00e9ciales, a d\u00e9sormais \u00absa\u00bb guerre perp\u00e9tuelle, \u00e0 Gaza.<\/p>\n","protected":false},"excerpt":{"rendered":"Forever war. Apr\u00e8s les bourbiers vietnamiens et irakiens, c\u2019est le nom qu\u2019ont donn\u00e9 les Am\u00e9ricains \u00e0 ces conflits&hellip;\n","protected":false},"author":2,"featured_media":304468,"comment_status":"","ping_status":"","sticky":false,"template":"","format":"standard","meta":{"footnotes":""},"categories":[2],"tags":[11,952,1011,27,3517,3522,664,3523,12,25],"class_list":{"0":"post-304467","1":"post","2":"type-post","3":"status-publish","4":"format-standard","5":"has-post-thumbnail","7":"category-actualites","8":"tag-actualites","9":"tag-benyamin-netanyahou","10":"tag-fr","11":"tag-france","12":"tag-gaza-l-escalade","13":"tag-guerre-hamas-israel","14":"tag-israel","15":"tag-israel-palestine-conflit","16":"tag-news","17":"tag-republique-francaise"},"share_on_mastodon":{"url":"https:\/\/pubeurope.com\/@fr\/114991749141330204","error":""},"_links":{"self":[{"href":"https:\/\/www.europesays.com\/fr\/wp-json\/wp\/v2\/posts\/304467","targetHints":{"allow":["GET"]}}],"collection":[{"href":"https:\/\/www.europesays.com\/fr\/wp-json\/wp\/v2\/posts"}],"about":[{"href":"https:\/\/www.europesays.com\/fr\/wp-json\/wp\/v2\/types\/post"}],"author":[{"embeddable":true,"href":"https:\/\/www.europesays.com\/fr\/wp-json\/wp\/v2\/users\/2"}],"replies":[{"embeddable":true,"href":"https:\/\/www.europesays.com\/fr\/wp-json\/wp\/v2\/comments?post=304467"}],"version-history":[{"count":0,"href":"https:\/\/www.europesays.com\/fr\/wp-json\/wp\/v2\/posts\/304467\/revisions"}],"wp:featuredmedia":[{"embeddable":true,"href":"https:\/\/www.europesays.com\/fr\/wp-json\/wp\/v2\/media\/304468"}],"wp:attachment":[{"href":"https:\/\/www.europesays.com\/fr\/wp-json\/wp\/v2\/media?parent=304467"}],"wp:term":[{"taxonomy":"category","embeddable":true,"href":"https:\/\/www.europesays.com\/fr\/wp-json\/wp\/v2\/categories?post=304467"},{"taxonomy":"post_tag","embeddable":true,"href":"https:\/\/www.europesays.com\/fr\/wp-json\/wp\/v2\/tags?post=304467"}],"curies":[{"name":"wp","href":"https:\/\/api.w.org\/{rel}","templated":true}]}}