{"id":304475,"date":"2025-08-08T06:39:23","date_gmt":"2025-08-08T06:39:23","guid":{"rendered":"https:\/\/www.europesays.com\/fr\/304475\/"},"modified":"2025-08-08T06:39:23","modified_gmt":"2025-08-08T06:39:23","slug":"grand-prix-de-la-motogp-dargentine-a-quelle-heure-et-sur-quelle-chaine-voir-la-course-en-direct","status":"publish","type":"post","link":"https:\/\/www.europesays.com\/fr\/304475\/","title":{"rendered":"Grand Prix de la MotoGP d\u2019Argentine : \u00e0 quelle heure et sur quelle cha\u00eene voir la course en direct ?"},"content":{"rendered":"<p class=\"paragraph text_align_left lp-f-body-02\">\u00c0 l\u2019issue de la premi\u00e8re course de la saison, Marc Marquez a pris la t\u00eate du classement, devant Alex Marquez et Francesco Bagnaia. De son c\u00f4t\u00e9, Johann Zarco occupe la huiti\u00e8me place du tableau, avec neuf points au compteur. Son homologue fran\u00e7ais Fabio Quartararo est, quant \u00e0 lui, treizi\u00e8me, \u00e0 \u00e9galit\u00e9 avec Luca Marini et Pedro Acosta. Cette semaine, les pilotes se retrouvent sur la piste de Termas de Rio Hondo. Le circuit s\u2019\u00e9tend sur 4 805 m\u00e8tres et offre quatorze virages. Cette \u00e9tape argentine fait partie des trac\u00e9s les plus rapides de la saison, avec une moyenne par tour de 177 km\/h et une vitesse maximale d\u00e9passant les 345 km\/h. En ce d\u00e9but de saison, l\u2019enjeu est fort pour tous les pilotes, car ils ont l\u2019occasion d\u2019obtenir une premi\u00e8re victoire de rang et de rester dans la course au titre. Dans ces lignes,<a href=\"https:\/\/bit.ly\/3PyYcNS\" target=\"_blank\" rel=\"sponsored nofollow noopener\"> on vous dit \u00e0 quelle heure et sur quelle cha\u00eene regarder le Grand Prix\u2122 de la MotoGP\u2122 d\u2019Argentine, en direct ce dimanche soir.<\/a><\/p>\n<p>Diffusion Grand Prix\u2122 de la MotoGP\u2122 d\u2019Argentine en direct : sur quelle cha\u00eene regarder la course ?<\/p>\n<p class=\"paragraph text_align_left lp-f-body-02\"><b>Le Grand Prix\u2122 de la MotoGP\u2122 d\u2019Argentine est diffus\u00e9 ce dimanche 16 mars, <\/b><a href=\"https:\/\/bit.ly\/3PyYcNS\" target=\"_blank\" rel=\"sponsored nofollow noopener\"><b>en direct sur la cha\u00eene CANAL+<\/b><\/a><b>. Le d\u00e9part a lieu \u00e0 19 heures, sur le circuit de Termas de Rio Hondo.<\/b> D\u00e8s 18 heures, vous retrouvez les experts pour la pr\u00e9sentation des enjeux, des concurrents et des derni\u00e8res actualit\u00e9s de la comp\u00e9tition. Les commentateurs vous plongent ensuite au c\u0153ur des paddocks, d\u00e9cryptent les performances des pilotes, analysent les r\u00e9sultats et reviennent sur les temps forts de la course.<\/p>\n<p class=\"paragraph text_align_left lp-f-body-02\"><b>Suivez ici la MotoGP \u2122 <\/b><a href=\"https:\/\/bit.ly\/3PyYcNS\" rel=\"sponsored nofollow noopener\" target=\"_blank\"><b>toute l\u2019ann\u00e9e avec CANAL+<\/b><\/a><\/p>\n","protected":false},"excerpt":{"rendered":"\u00c0 l\u2019issue de la premi\u00e8re course de la saison, Marc Marquez a pris la t\u00eate du classement, devant&hellip;\n","protected":false},"author":2,"featured_media":304476,"comment_status":"","ping_status":"","sticky":false,"template":"","format":"standard","meta":{"footnotes":""},"categories":[1413],"tags":[1011,27,749,1457,1456,60,6718],"class_list":{"0":"post-304475","1":"post","2":"type-post","3":"status-publish","4":"format-standard","5":"has-post-thumbnail","7":"category-moto","8":"tag-fr","9":"tag-france","10":"tag-guide-shopping","11":"tag-moto","12":"tag-motocycle","13":"tag-sports","14":"tag-tv-streaming"},"share_on_mastodon":{"url":"https:\/\/pubeurope.com\/@fr\/114991776710377777","error":""},"_links":{"self":[{"href":"https:\/\/www.europesays.com\/fr\/wp-json\/wp\/v2\/posts\/304475","targetHints":{"allow":["GET"]}}],"collection":[{"href":"https:\/\/www.europesays.com\/fr\/wp-json\/wp\/v2\/posts"}],"about":[{"href":"https:\/\/www.europesays.com\/fr\/wp-json\/wp\/v2\/types\/post"}],"author":[{"embeddable":true,"href":"https:\/\/www.europesays.com\/fr\/wp-json\/wp\/v2\/users\/2"}],"replies":[{"embeddable":true,"href":"https:\/\/www.europesays.com\/fr\/wp-json\/wp\/v2\/comments?post=304475"}],"version-history":[{"count":0,"href":"https:\/\/www.europesays.com\/fr\/wp-json\/wp\/v2\/posts\/304475\/revisions"}],"wp:featuredmedia":[{"embeddable":true,"href":"https:\/\/www.europesays.com\/fr\/wp-json\/wp\/v2\/media\/304476"}],"wp:attachment":[{"href":"https:\/\/www.europesays.com\/fr\/wp-json\/wp\/v2\/media?parent=304475"}],"wp:term":[{"taxonomy":"category","embeddable":true,"href":"https:\/\/www.europesays.com\/fr\/wp-json\/wp\/v2\/categories?post=304475"},{"taxonomy":"post_tag","embeddable":true,"href":"https:\/\/www.europesays.com\/fr\/wp-json\/wp\/v2\/tags?post=304475"}],"curies":[{"name":"wp","href":"https:\/\/api.w.org\/{rel}","templated":true}]}}