{"id":304493,"date":"2025-08-08T06:49:17","date_gmt":"2025-08-08T06:49:17","guid":{"rendered":"https:\/\/www.europesays.com\/fr\/304493\/"},"modified":"2025-08-08T06:49:17","modified_gmt":"2025-08-08T06:49:17","slug":"pourquoi-etre-seul-peut-vous-tuer","status":"publish","type":"post","link":"https:\/\/www.europesays.com\/fr\/304493\/","title":{"rendered":"pourquoi \u00eatre seul peut vous tuer ?"},"content":{"rendered":"<p>             <a href=\"https:\/\/ma-sante.news\/wp-content\/uploads\/2025\/07\/isolement-social-solitude-mortalite-maladies-depression-Ma-Sante.jpeg\" data-caption=\"Le sentiment de solitude concerne 24 % des Fran\u00e7ais \u00e2g\u00e9s de plus de 15 ans. \u00a9 Adobe Stock\" target=\"_blank\" rel=\"noopener\"><img loading=\"lazy\" decoding=\"async\" width=\"696\" height=\"464\" class=\"entry-thumb td-modal-image\" src=\"data:image\/svg+xml,%3Csvg%20xmlns=\" http:=\"\" data-lazy- data-lazy- alt=\"Une personne \u00e2g\u00e9e qui souffre de la solitude.\" title=\"isolement social solitude mortalit\u00e9 maladies d\u00e9pression Ma Sant\u00e9\" data-lazy-src=\"https:\/\/www.europesays.com\/fr\/wp-content\/uploads\/2025\/08\/isolement-social-solitude-mortalite-maladies-depression-Ma-Sante-696x464.jpeg\"\/><\/a>Le sentiment de solitude concerne 24 % des Fran\u00e7ais \u00e2g\u00e9s de plus de 15 ans. \u00a9 Adobe Stock                                    \t\t\t             <a class=\"gofollow\" data-track=\"MjgsMCwxLDYw\" href=\"https:\/\/ma-sante.news\/inscrivez-vous-a-notre-newsletter\/\" target=\"_blank\" rel=\"noopener\"><img loading=\"lazy\" decoding=\"async\" width=\"1068\" height=\"131\" src=\"data:image\/svg+xml,%3Csvg%20xmlns=\" http:=\"\" data-lazy-src=\"https:\/\/www.europesays.com\/fr\/wp-content\/uploads\/2025\/03\/banniere-newsletter.png\"\/><\/a> <\/p>\n<p>La solitude semble se transformer en un probl\u00e8me de sant\u00e9 publique majeur. Selon un rapport alarmant de l\u2019Organisation mondiale de la Sant\u00e9 (OMS), la solitude serait responsable de la mort pr\u00e9matur\u00e9e de plus de 871 000 personnes chaque ann\u00e9e \u00e0 l\u2019\u00e9chelle mondiale, soit un d\u00e9c\u00e8s toutes les 36 secondes. <\/p>\n<p>Les experts s\u2019accordent \u00e0 dire que ce ph\u00e9nom\u00e8ne est largement sous-estim\u00e9 et mal compris, malgr\u00e9 ses effets d\u00e9vastateurs sur<a href=\"https:\/\/ma-sante.news\/sante-mentale-comment-identifier-les-premiers-signes-dun-trouble\/\" target=\"_blank\" rel=\"noopener\"> la sant\u00e9 mentale<\/a> et physique des individus.<\/p>\n<p>        La solitude : un probl\u00e8me de sant\u00e9 publique mondial    <strong>Un ph\u00e9nom\u00e8ne qui touche toutes les g\u00e9n\u00e9rations<\/strong>    <\/p>\n<p>L\u2019isolement social ne se limite pas aux a\u00een\u00e9s. Un ph\u00e9nom\u00e8ne frappant est celui des jeunes g\u00e9n\u00e9rations. Selon une \u00e9tude men\u00e9e par l\u2019OMS, environ 17 \u00e0 21% des jeunes \u00e2g\u00e9s de 13 \u00e0 29 ans ressentent fr\u00e9quemment un sentiment de solitude. Le nombre est encore plus inqui\u00e9tant chez les adolescents, o\u00f9 pr\u00e8s d\u2019un sur cinq se sent isol\u00e9 et sans contact social r\u00e9el.<a href=\"https:\/\/ma-sante.news\/comment-le-smartphone-avant-13-ans-demolit-la-sante-mentale-des-enfants\/\" target=\"_blank\" rel=\"noopener\"> <\/a><\/p>\n<p><a href=\"https:\/\/ma-sante.news\/comment-le-smartphone-avant-13-ans-demolit-la-sante-mentale-des-enfants\/\" target=\"_blank\" rel=\"noopener\">Un probl\u00e8me qui semble s\u2019aggraver avec la mont\u00e9e des r\u00e9seaux sociaux et des technologies num\u00e9riques<\/a>, qui, paradoxalement, au lieu de cr\u00e9er des liens, tendent \u00e0 isoler les individus derri\u00e8re leurs \u00e9crans.<\/p>\n<p>Ainsi, la solitude ne conna\u00eet pas de fronti\u00e8res. Les pays riches comme la France, les \u00c9tats-Unis, ou le Royaume-Uni ne sont pas \u00e9pargn\u00e9s. Mais le ph\u00e9nom\u00e8ne est encore plus exacerb\u00e9 dans les pays \u00e0 faibles revenus, o\u00f9 environ 24% de la population d\u00e9clare vivre dans une situation d\u2019isolement social. Ce chiffre est presque deux fois sup\u00e9rieur \u00e0 celui observ\u00e9 dans les nations les plus d\u00e9velopp\u00e9es selon L\u2019OMS.<\/p>\n<p>        <strong>Pourquoi la solitude a-t-elle un impact aussi destructeur ?<\/strong>    <\/p>\n<p>Les cons\u00e9quences de la solitude ne se limitent pas aux seuls aspects \u00e9motionnels. L\u2019OMS affirme que<a href=\"https:\/\/ma-sante.news\/isolement-social-solitude-risque-grave-pour-sante\/\" target=\"_blank\" rel=\"noopener\"> la solitude est d\u00e9sormais un facteur de risque comparable aux maladies chroniques, au tabagisme<\/a> ou l\u2019inactivit\u00e9 physique. En effet, plusieurs \u00e9tudes montrent que les personnes socialement isol\u00e9es ont des risques de souffrir de maladies graves, notamment :<\/p>\n<p>            La situation en France : un isolement inqui\u00e9tant    <\/p>\n<p>En France, la situation n\u2019est pas moins alarmante. Selon une \u00e9tude command\u00e9e par la Fondation de France, 530 000 personnes \u00e2g\u00e9es vivent dans une situation de \u00ab mort sociale \u00bb : sans contacts r\u00e9guliers, ou presque, avec leur entourage. Ce chiffre repr\u00e9sente un nombre consid\u00e9rable de personnes isol\u00e9es dans un pays o\u00f9 les liens sociaux sont pourtant au c\u0153ur de la culture. Ce qui est aussi symptomatique d\u2019une soci\u00e9t\u00e9 o\u00f9 le vieillissement de la population, la pr\u00e9carit\u00e9, et l\u2019urbanisation galopante contribuent \u00e0 accentuer l\u2019isolement des plus vuln\u00e9rables.<\/p>\n<p>Le manque de proximit\u00e9, les conditions de logement pr\u00e9caires, ou encore les situations de ch\u00f4mage et d\u2019exclusion sociale sont autant de facteurs qui rendent les individus plus susceptibles de se retrouver seuls. Et paradoxalement, m\u00eame dans une soci\u00e9t\u00e9 connect\u00e9e, beaucoup d\u2019entre nous ressentent un vide immense, un manque de lien r\u00e9el et chaleureux.<\/p>\n<p>        Agir pour rompre le silence    <\/p>\n<p>Face \u00e0 cette situation qui ne cesse d\u2019empirer, il est grand temps d\u2019agir. Rompre le cycle de la solitude commence par renforcer les liens humains, tout simplement.\u00a0\u00a0<\/p>\n<ul class=\"wp-block-list\">\n<li>organiser des visites \u00e0 domicile pour les personnes \u00e2g\u00e9es<\/li>\n<li>cr\u00e9er des lieux de rencontre pour les jeunes et les moins jeunes,<\/li>\n<li>mettre en place des projets interg\u00e9n\u00e9rationnels pour que chacun puisse trouver un peu de compagnie et de chaleur humaine\u00a0<\/li>\n<\/ul>\n<p>Mais ce n\u2019est pas tout. Il est \u00e9galement essentiel de sensibiliser notre entourage aux dangers de l\u2019isolement. La cl\u00e9 r\u00e9side dans l\u2019entraide, dans la cr\u00e9ation de r\u00e9seaux de soutien pour ceux qui en ont besoin, et surtout dans l\u2019id\u00e9e que personne ne doit rester seul face \u00e0 la solitude.<\/p>\n<blockquote class=\"wp-block-quote is-layout-flow wp-block-quote-is-layout-flow\">\n<p><strong>\u00c0 SAVOIR<\/strong><\/p>\n<p>La solitude n\u2019\u00e9pargne pas les jeunes adultes. En France, une \u00e9tude de la Fondation de France men\u00e9e en 2024 r\u00e9v\u00e8le que 12\u202f% des Fran\u00e7ais sont en situation d\u2019isolement relationnel, c\u2019est-\u00e0-dire sans r\u00e9seau social proche. Ce ph\u00e9nom\u00e8ne est particuli\u00e8rement marqu\u00e9 chez les jeunes adultes : plus d\u2019un sur trois (34\u202f%) \u00e2g\u00e9s de 25 \u00e0 39 ans se sentent r\u00e9guli\u00e8rement seuls, un taux deux fois plus \u00e9lev\u00e9 que chez les 60-69 ans.<\/p>\n<\/blockquote>\n<p>      <a class=\"gofollow\" data-track=\"MTIsMCwxLDYw\" href=\"https:\/\/ma-sante.news\/annonceurs\/\" target=\"_blank\" rel=\"noopener\"><img loading=\"lazy\" decoding=\"async\" width=\"2560\" height=\"2133\" src=\"data:image\/svg+xml,%3Csvg%20xmlns=\" http:=\"\" data-lazy-src=\"https:\/\/www.europesays.com\/fr\/wp-content\/uploads\/2025\/03\/pub-annonceurs-4-scaled.jpg\"\/><\/a>    <img loading=\"lazy\" decoding=\"async\" width=\"755\" height=\"495\" src=\"data:image\/svg+xml,%3Csvg%20xmlns=\" http:=\"\" data-lazy-src=\"https:\/\/www.europesays.com\/fr\/wp-content\/uploads\/2025\/03\/Image1.jpg\"\/>Inscrivez-vous \u00e0 notre newsletter <br \/>Ma Sant\u00e9                      <\/p>\n","protected":false},"excerpt":{"rendered":"Le sentiment de solitude concerne 24 % des Fran\u00e7ais \u00e2g\u00e9s de plus de 15 ans. \u00a9 Adobe Stock&hellip;\n","protected":false},"author":2,"featured_media":304494,"comment_status":"","ping_status":"","sticky":false,"template":"","format":"standard","meta":{"footnotes":""},"categories":[10],"tags":[1011,27,72,32962,71,22127,37353],"class_list":{"0":"post-304493","1":"post","2":"type-post","3":"status-publish","4":"format-standard","5":"has-post-thumbnail","7":"category-sante","8":"tag-fr","9":"tag-france","10":"tag-health","11":"tag-maladies-cardiovasculaires","12":"tag-sante","13":"tag-symptomes-avc","14":"tag-troubles-de-la-mu00e9moire"},"share_on_mastodon":{"url":"https:\/\/pubeurope.com\/@fr\/114991816039723845","error":""},"_links":{"self":[{"href":"https:\/\/www.europesays.com\/fr\/wp-json\/wp\/v2\/posts\/304493","targetHints":{"allow":["GET"]}}],"collection":[{"href":"https:\/\/www.europesays.com\/fr\/wp-json\/wp\/v2\/posts"}],"about":[{"href":"https:\/\/www.europesays.com\/fr\/wp-json\/wp\/v2\/types\/post"}],"author":[{"embeddable":true,"href":"https:\/\/www.europesays.com\/fr\/wp-json\/wp\/v2\/users\/2"}],"replies":[{"embeddable":true,"href":"https:\/\/www.europesays.com\/fr\/wp-json\/wp\/v2\/comments?post=304493"}],"version-history":[{"count":0,"href":"https:\/\/www.europesays.com\/fr\/wp-json\/wp\/v2\/posts\/304493\/revisions"}],"wp:featuredmedia":[{"embeddable":true,"href":"https:\/\/www.europesays.com\/fr\/wp-json\/wp\/v2\/media\/304494"}],"wp:attachment":[{"href":"https:\/\/www.europesays.com\/fr\/wp-json\/wp\/v2\/media?parent=304493"}],"wp:term":[{"taxonomy":"category","embeddable":true,"href":"https:\/\/www.europesays.com\/fr\/wp-json\/wp\/v2\/categories?post=304493"},{"taxonomy":"post_tag","embeddable":true,"href":"https:\/\/www.europesays.com\/fr\/wp-json\/wp\/v2\/tags?post=304493"}],"curies":[{"name":"wp","href":"https:\/\/api.w.org\/{rel}","templated":true}]}}