{"id":304497,"date":"2025-08-08T06:51:12","date_gmt":"2025-08-08T06:51:12","guid":{"rendered":"https:\/\/www.europesays.com\/fr\/304497\/"},"modified":"2025-08-08T06:51:12","modified_gmt":"2025-08-08T06:51:12","slug":"canto-due-dabdellatif-kechiche-tourne-il-y-a-7-ans-nest-projete-que-maintenant","status":"publish","type":"post","link":"https:\/\/www.europesays.com\/fr\/304497\/","title":{"rendered":"Canto Due\u00a0\u00bb d\u2019Abdellatif Kechiche, tourn\u00e9 il y a 7\u00a0ans, n\u2019est projet\u00e9 que maintenant"},"content":{"rendered":"<p>        <img decoding=\"async\" loading=\"lazy\" src=\"https:\/\/www.europesays.com\/fr\/wp-content\/uploads\/2025\/08\/1ba91e9_upload-1-wndnsvnai4wb-afp-20190524-1gv00g-v1-highres-francecannesfilmfestival.jpg\"  width=\"728\" height=\"409\" alt=\"Abdellatif Kechiche, ici au mois de mai 2019, \u00e0 Cannes.\"\/>  <\/p>\n<p>SEBASTIEN BERDA \/ AFP<\/p>\n<p>Abdellatif Kechiche, ici au mois de mai 2019, \u00e0 Cannes.<\/p>\n<p class=\"asset asset-text\">CIN\u00c9MA &#8211; Certains, comme Hafsia Herzi ou <a href=\"https:\/\/www.huffingtonpost.fr\/culture\/article\/adele-exarchopoulos-a-vecu-le-cauchemar-de-tout-ado-pour-les-besoins-du-nouveau-dupieux_251798.html\" target=\"_blank\" rel=\"noopener\">Ad\u00e8le Exarchopoulos<\/a>, vantent son g\u00e9nie. D\u2019autres le conspuent pour des pratiques de travail jug\u00e9es peu morales. Neuf ans apr\u00e8s la sortie de son dernier long-m\u00e9trage au <a href=\"https:\/\/www.huffingtonpost.fr\/culture\/article\/le-mariage-de-mon-meilleur-ami-avec-julia-roberts-s-offre-une-suite-avec-la-realisatrice-du-moment_253117.html\" target=\"_blank\" rel=\"noopener\">cin\u00e9ma<\/a>, <a href=\"https:\/\/www.huffingtonpost.fr\/culture\/article\/mektoub-my-love-abdellatif-kechiche-chahute-pour-son-retour-en-public_209595.html\" target=\"_blank\" rel=\"noopener\">Abdellatif Kechiche<\/a> est de retour, ce samedi 9\u00a0ao\u00fbt, avec la projection de Mektoub my Love\u00a0: Canto Due au Festival de Locarno, en Suisse.<\/p>\n<p class=\"asset asset-text\">Le huiti\u00e8me film du r\u00e9alisateur de La Graine et le Mulet, La Vie d\u2019Ad\u00e8le et L\u2019Esquive concourt dans la cat\u00e9gorie internationale du festival, qui se tient jusqu\u2019au 16\u00a0ao\u00fbt. Une surprise pour beaucoup \u00e0 l\u2019annonce de sa s\u00e9lection dans le courant du mois de juin, dont les organisateurs se r\u00e9jouissent. Le cin\u00e9aste de 64\u00a0ans s\u2019est fait, lui, plus discret.<\/p>\n<p class=\"asset asset-text\">Pas une r\u00e9action de sa part, ni m\u00eame un mot sur l\u2019intrigue. Le film a longtemps \u00e9t\u00e9 d\u00e9crit comme \u00ab\u00a0la vraie suite de Mektoub my Love\u00a0: Canto Uno\u00a0\u00bb. Succ\u00e8s critique, mais moins populaire (un peu plus de 128\u00a0000\u00a0spectateurs en France), le film suivait l\u2019histoire d\u2019une bande de jeunes \u00e0 S\u00e8te, entre jeux de l\u2019amour, s\u00e9duction et soir\u00e9es d\u2019ivresse dans la lumi\u00e8re d\u2019un \u00e9t\u00e9 pendant les ann\u00e9es 1990.<\/p>\n<p class=\"asset asset-text\">Tourn\u00e9 il y a de \u00e7a sept ans, Canto Due, dont on ignore encore la date de sortie dans les salles, arrive dans un contexte particulier, celui du fiasco de son r\u00e9alisateur au Festival de Cannes, en 2019. Cette ann\u00e9e-l\u00e0, il \u00e9tait venu pr\u00e9senter Mektoub, My Love\u00a0: Intermezzo, sorte d\u2019interm\u00e8de de plus d\u2019environ 3\u00a0h\u00a030 entre les deux \u00e9pisodes.<\/p>\n<p>                     Intermezzo s\u00e8me la controverse    <\/p>\n<p class=\"asset asset-text\">Si nombre de festivaliers ont quitt\u00e9 la salle en raison des sc\u00e8nes de sexe crues et \u00e9rotiques du film tourn\u00e9 dans une discoth\u00e8que, celui-ci a fait couler beaucoup d\u2019encre dans la presse \u00e0 cette \u00e9poque pour d\u2019autres raisons. Son actrice principale Oph\u00e9lie Bau s\u2019est \u00e9clips\u00e9e apr\u00e8s la mont\u00e9e des marches, et n\u2019est pas apparue le lendemain en conf\u00e9rence de presse.<\/p>\n<p class=\"asset asset-text\">La raison de ce d\u00e9sistement\u00a0? Une sc\u00e8ne de cunnilingus non simul\u00e9 de plusieurs minutes, qu\u2019elle pensait ne pas voir atterrir au montage final. \u00c0 cela se sont ajout\u00e9es de nombreuses critiques de \u00ab\u00a0male gaze\u00a0\u00bb (une notion d\u00e9non\u00e7ant les st\u00e9r\u00e9otypes du regard masculin, NDLR) contre Abdellatif Kechiche, accus\u00e9 de s\u2019attarder longuement sur les fesses des danseuses accroch\u00e9es \u00e0 des barres de pole dance.<\/p>\n<p class=\"asset asset-text\">\u00ab\u00a0La chose plus importante, pour moi, \u00e9tait de c\u00e9l\u00e9brer la vie, l\u2019amour, le d\u00e9sir, le pain, la musique, le corps et de tenter une exp\u00e9rience cin\u00e9matographique la plus libre possible\u00a0\u00bb, a-t-il pour sa part d\u00e9clar\u00e9 \u00e0 la presse sur la Croisette. Avant de parler de \u00ab\u00a0<a href=\"https:\/\/www.huffingtonpost.fr\/culture\/article\/avant-la-sortie-de-mektoub-my-love-intermezzo-kechiche-se-dit-victime-d-un-complot_147854.html\" target=\"_blank\" rel=\"noopener\">complot<\/a>\u00a0\u00bb dans un courrier public adress\u00e9 contre la com\u00e9dienne, qui n\u2019a \u00ab\u00a0\u00e0 aucun moment, manifest\u00e9 la moindre g\u00eane ni quant \u00e0 sa nudit\u00e9, [\u2026] ni quant \u00e0 la dimension \u00e9rotique de certaines s\u00e9quences\u00a0\u00bb, selon lui.<\/p>\n<p class=\"asset asset-text\">Finalement, Mektoub, My Love\u00a0: Intermezzo n\u2019est jamais sorti au cin\u00e9ma. Certains assurent qu\u2019il a \u00e9t\u00e9 plomb\u00e9 par la controverse. D\u2019autres, pour des raisons d\u2019argent\u00a0: les financeurs se sont trouv\u00e9s dans l\u2019impossibilit\u00e9 de s\u2019acquitter des droits du remix techno de Voulez-vous\u00a0? d\u2019Abba, en boucle dans le long-m\u00e9trage. \u00ab\u00a0Intermezzo tel que je l\u2019avais con\u00e7u, j\u2019ai pr\u00e9f\u00e9r\u00e9 le mettre de c\u00f4t\u00e9\u00a0\u00bb, a expliqu\u00e9 \u00e0 nos confr\u00e8res de <a href=\"https:\/\/sofilm.fr\/montages-a-repetition-problemes-judiciaires-et-temoignages-accablants-enquete-sur-la-methode-kechiche\/\" target=\"_blank\" rel=\"noopener\" title=\"Nouvelle fen\u00eatre\">SoFilm<\/a> le cin\u00e9aste, selon qui il s\u2019agissait d\u2019un \u00ab\u00a0exercice libre\u00a0\u00bb.<\/p>\n<p>    Abdellatif Kechiche y passe \u00ab\u00a0tout son temps\u00a0\u00bb    <\/p>\n<p class=\"asset asset-text\">L\u2019id\u00e9e du diptyque, qu\u2019il a imagin\u00e9 en cours de route, ne l\u2019a, elle, jamais quitt\u00e9. En 2020, alors que sa soci\u00e9t\u00e9 de production vient d\u2019\u00eatre liquid\u00e9e, il d\u00e9cide de s\u2019atteler au montage de ce nouveau film tourn\u00e9 en 2018. Le cin\u00e9aste dispose d\u2019une quantit\u00e9 ph\u00e9nom\u00e9nale de rushs\u00a0: mille heures, un chiffre bien au-del\u00e0 du record d\u00e9tenu par La Vie d\u2019Ad\u00e8le (750\u00a0heures), note <a href=\"https:\/\/connexion.liberation.fr\/autorefresh?referer=https%3a%2f%2fwww.liberation.fr%2fculture%2fcinema%2fabdellatif-kechiche-et-la-trilogie-mektoub-my-love-dans-les-coulisses-dune-disparition-et-dun-retour-20250729_63DIVRSFWZDXZENGN4BX4E5IQI%2f\" target=\"_blank\" rel=\"noopener\" title=\"Nouvelle fen\u00eatre\">Lib\u00e9ration<\/a>.<\/p>\n<p class=\"asset asset-text\">Pire, le quotidien raconte qu\u2019il s\u2019est fait l\u00e2cher par ses partenaires. Son distributeur Path\u00e9 et son vendeur \u00e0 l\u2019international (la soci\u00e9t\u00e9 Wild Bunch) se seraient montr\u00e9s r\u00e9calcitrants \u00e0 l\u2019id\u00e9e de \u00ab\u00a0mettre la main au portefeuille\u00a0\u00bb. Par chance pour le r\u00e9alisateur, un nouveau producteur a fait son entr\u00e9e dans l\u2019ar\u00e8ne. Son nom\u00a0? Pascal Caucheteux, le patron de Why Not Productions, qui compte entre autres dans ses rangs Christophe Honor\u00e9, Jacques Audiard et Ma\u00efwen.<\/p>\n<p class=\"asset asset-text\">Quelques billets suppl\u00e9mentaires, et voil\u00e0 Abdellatif Kechiche reparti de plus belle. \u00ab\u00a0J\u2019y passe mon temps, depuis toutes ces ann\u00e9es. Je n\u2019ai fait pratiquement que \u00e7a\u00a0: monter, remonter, essayer. J\u2019esp\u00e8re bient\u00f4t la fin\u00a0\u00bb, a-t-il d\u00e9clar\u00e9 en 2022\u00a0au Festival Cin\u00e9med de Montpellier, o\u00f9 sa venue a d\u00e9clench\u00e9 une manifestation contre son \u00ab\u00a0sexisme\u00a0\u00bb, ses m\u00e9thodes de travail proches du harc\u00e8lement moral, motiv\u00e9e par une plainte pour agression sexuelle, class\u00e9e sans suite.<\/p>\n<p>    Le Festival de Cannes d\u00e9cline    <\/p>\n<p class=\"asset asset-text\">En 2024, il a toujours le nez dedans, mais le bouclage approche. Une premi\u00e8re version est propos\u00e9e au comit\u00e9 de s\u00e9lection du Festival de Cannes sans l\u2019accord du r\u00e9alisateur. Elle est recal\u00e9e. En 2025, rebelote. Sur les conseils d\u2019un autre producteur, un certain Riccardo Marchegiani, on retente l\u2019exp\u00e9rience aupr\u00e8s de la Quinzaine des cin\u00e9astes, s\u00e9lection parall\u00e8le. Le film doit repasser au montage, selon eux. Le flou autour de la version finale les inqui\u00e8te. Ils d\u00e9clinent.<\/p>\n<p class=\"asset asset-text\">C\u2019est finalement Locarno qui le r\u00e9cup\u00e8re, sur les conseils de son directeur artistique. \u00c0 quoi ressemble le film\u00a0? Myst\u00e8re. Eux disent avoir \u00ab\u00a0travaill\u00e9 tr\u00e8s longuement dessus\u00a0\u00bb, et accorder toute leur confiance au producteur.<\/p>\n<p class=\"asset asset-text\">Qu\u2019en est-il d\u2019Abdellatif Kechiche\u00a0? Sera-t-il pr\u00e9sent\u00a0? Le cin\u00e9aste a \u00e9t\u00e9 victime d\u2019un AVC, au mois de mars dernier. Ses capacit\u00e9s orales et \u00e9crites sont diminu\u00e9es. Si l\u2019on raconte qu\u2019il souhaiterait se concentrer sur des activit\u00e9s de producteur, ses aptitudes \u00e0 diriger sont tr\u00e8s remises en question. De quoi ajouter une attente suppl\u00e9mentaire. Mektoub my Love\u00a0: Canto Due pourrait-il \u00eatre le dernier film de sa carri\u00e8re\u00a0?<\/p>\n","protected":false},"excerpt":{"rendered":"SEBASTIEN BERDA \/ AFP Abdellatif Kechiche, ici au mois de mai 2019, \u00e0 Cannes. CIN\u00c9MA &#8211; Certains, comme&hellip;\n","protected":false},"author":2,"featured_media":304498,"comment_status":"","ping_status":"","sticky":false,"template":"","format":"standard","meta":{"footnotes":""},"categories":[8],"tags":[44438,650,251,58,59,1011,27],"class_list":{"0":"post-304497","1":"post","2":"type-post","3":"status-publish","4":"format-standard","5":"has-post-thumbnail","7":"category-divertissement","8":"tag-abdellatif-kechiche","9":"tag-cinema","10":"tag-culture","11":"tag-divertissement","12":"tag-entertainment","13":"tag-fr","14":"tag-france"},"share_on_mastodon":{"url":"https:\/\/pubeurope.com\/@fr\/114991823877845276","error":""},"_links":{"self":[{"href":"https:\/\/www.europesays.com\/fr\/wp-json\/wp\/v2\/posts\/304497","targetHints":{"allow":["GET"]}}],"collection":[{"href":"https:\/\/www.europesays.com\/fr\/wp-json\/wp\/v2\/posts"}],"about":[{"href":"https:\/\/www.europesays.com\/fr\/wp-json\/wp\/v2\/types\/post"}],"author":[{"embeddable":true,"href":"https:\/\/www.europesays.com\/fr\/wp-json\/wp\/v2\/users\/2"}],"replies":[{"embeddable":true,"href":"https:\/\/www.europesays.com\/fr\/wp-json\/wp\/v2\/comments?post=304497"}],"version-history":[{"count":0,"href":"https:\/\/www.europesays.com\/fr\/wp-json\/wp\/v2\/posts\/304497\/revisions"}],"wp:featuredmedia":[{"embeddable":true,"href":"https:\/\/www.europesays.com\/fr\/wp-json\/wp\/v2\/media\/304498"}],"wp:attachment":[{"href":"https:\/\/www.europesays.com\/fr\/wp-json\/wp\/v2\/media?parent=304497"}],"wp:term":[{"taxonomy":"category","embeddable":true,"href":"https:\/\/www.europesays.com\/fr\/wp-json\/wp\/v2\/categories?post=304497"},{"taxonomy":"post_tag","embeddable":true,"href":"https:\/\/www.europesays.com\/fr\/wp-json\/wp\/v2\/tags?post=304497"}],"curies":[{"name":"wp","href":"https:\/\/api.w.org\/{rel}","templated":true}]}}