{"id":304503,"date":"2025-08-08T06:54:19","date_gmt":"2025-08-08T06:54:19","guid":{"rendered":"https:\/\/www.europesays.com\/fr\/304503\/"},"modified":"2025-08-08T06:54:19","modified_gmt":"2025-08-08T06:54:19","slug":"larmenie-et-lazerbaidjan-attendus-vendredi-a-washington-pour-signer-un-accord-de-paix-annonce-donald-trump","status":"publish","type":"post","link":"https:\/\/www.europesays.com\/fr\/304503\/","title":{"rendered":"L\u2019Arm\u00e9nie et l\u2019Azerba\u00efdjan attendus vendredi \u00e0\u00a0Washington pour signer un accord de paix, annonce\u00a0Donald Trump"},"content":{"rendered":"<p>                          <img loading=\"lazy\" decoding=\"async\" src=\"https:\/\/www.europesays.com\/fr\/wp-content\/uploads\/2025\/08\/1bcbb41_upload-1-pmtrgjhql4el-000-66gw7zq.jpg\" alt=\"Le premier ministre arm\u00e9nien, Nikol Pachinian, et le pr\u00e9sident azerba\u00efdjanais, Ilham Aliev, lors d\u2019une rencontre \u00e0 Abou Dhabi, le 10\u00a0juillet\u00a02025.\"   width=\"664\" height=\"443\"\/>    Le premier ministre arm\u00e9nien, Nikol Pachinian, et le pr\u00e9sident azerba\u00efdjanais, Ilham Aliev, lors d\u2019une rencontre \u00e0 Abou Dhabi, le 10\u00a0juillet\u00a02025.  MOHAMED AL-HAMMADI\/SERVICE DE PRESSE DU GOUVERNEMENT ARM\u00c9NIEN\/AFP                   <\/p>\n<p class=\"article__paragraph  \">L\u2019annonce est tomb\u00e9e de mani\u00e8re inattendue. Les dirigeants d\u2019Arm\u00e9nie et d\u2019Azerba\u00efdjan, deux ex-r\u00e9publiques sovi\u00e9tiques engag\u00e9es depuis des d\u00e9cennies dans un conflit territorial, vont se\u00a0retrouver, vendredi 8\u00a0ao\u00fbt, \u00e0 Washington pour la signature d\u2019un accord de paix, sous l\u2019\u00e9gide des Etats-Unis et de son pr\u00e9sident, Donald Trump.<\/p>\n<p>                                     Lire aussi |  Article r\u00e9serv\u00e9 \u00e0 nos abonn\u00e9s  <a href=\"https:\/\/www.lemonde.fr\/international\/article\/2025\/08\/04\/les-gens-ont-tres-peur-d-une-nouvelle-guerre-entre-l-armenie-et-l-azerbaidjan-la-paix-introuvable_6626447_3210.html\" class=\"js-article-read-also catcher--favoris__link\" data-premium=\"1\" id=\"article-title-3433443\" rel=\"nofollow noopener\" target=\"_blank\">\u00ab\u00a0A trop vouloir \u00e9viter la guerre, on finira par avoir l\u2019humiliation et la guerre\u00a0\u00bb\u00a0: entre l\u2019Arm\u00e9nie et l\u2019Azerba\u00efdjan, une paix introuvable<\/a>    <\/p>\n<p>   Lire plus tard  <\/p>\n<p class=\"article__paragraph  \">\u00ab\u00a0Beaucoup de dirigeants ont tent\u00e9 de mettre fin \u00e0 la guerre, sans succ\u00e8s, jusqu\u2019\u00e0 maintenant gr\u00e2ce \u00e0 Trump\u00a0\u00bb, a lanc\u00e9, jeudi soir, le r\u00e9publicain sur son r\u00e9seau Truth Social. Le pr\u00e9sident am\u00e9ricain a ainsi pr\u00e9cis\u00e9 qu\u2019une \u00ab\u00a0c\u00e9r\u00e9monie de signature de la paix\u00a0\u00bb serait organis\u00e9e lors de ce \u00ab\u00a0sommet historique\u00a0\u00bb avec la participation du pr\u00e9sident azerba\u00efdjanais, Ilham Aliev, et du premier ministre arm\u00e9nien, Nikol Pachinian.<\/p>\n<p class=\"article__paragraph  \">Donald\u00a0Trump accueillera dans un premier temps les deux dirigeants de mani\u00e8re s\u00e9par\u00e9e, et signera avec chacun un accord bilat\u00e9ral entre les Etats-Unis et leur pays, avant la signature \u00e0\u00a016\u00a0h\u00a015 (22\u00a0h\u00a015\u00a0\u00e0 Paris) de l\u2019accord tripartite.<\/p>\n<p>             Une liste d\u2019exigences pr\u00e9sent\u00e9e \u00e0 l\u2019Arm\u00e9nie             <\/p>\n<p class=\"article__paragraph  \">Selon la cha\u00eene CBS, le texte octroie aux Etats-Unis des droits de d\u00e9veloppement sur un corridor de quarante-trois kilom\u00e8tres en territoire arm\u00e9nien qui sera appel\u00e9 \u00ab\u00a0Voie Trump pour la paix et la prosp\u00e9rit\u00e9 internationales\u00a0\u00bb ou TRIPP.<\/p>\n<p class=\"article__paragraph  \">Erevan a confirm\u00e9 que le premier ministre arm\u00e9nien aurait un entretien avec le pr\u00e9sident am\u00e9ricain \u00ab\u00a0afin de renforcer le partenariat strat\u00e9gique entre l\u2019Arm\u00e9nie et les Etats-Unis\u00a0\u00bb, et ajout\u00e9 qu\u2019une \u00ab\u00a0r\u00e9union tripartite (\u2026) avec Donald Trump et le pr\u00e9sident azerba\u00efdjanais [aurait] \u00e9galement lieu afin de contribuer \u00e0 la paix, \u00e0\u00a0l\u2019\u00e9panouissement et \u00e0\u00a0la coop\u00e9ration \u00e9conomique dans la r\u00e9gion\u00a0\u00bb.<\/p>\n<p>                                Lire aussi |  Article r\u00e9serv\u00e9 \u00e0 nos abonn\u00e9s  <a href=\"https:\/\/www.lemonde.fr\/international\/article\/2025\/07\/10\/l-armenie-et-l-azerbaidjan-poursuivent-les-negociations-de-paix-sans-la-russie_6620535_3210.html\" class=\"js-article-read-also catcher--favoris__link\" data-premium=\"1\" id=\"article-title-3431050\" rel=\"nofollow noopener\" target=\"_blank\">L\u2019Arm\u00e9nie et l\u2019Azerba\u00efdjan poursuivent les n\u00e9gociations de paix sans la Russie<\/a>    <\/p>\n<p>   Lire plus tard  <\/p>\n<p class=\"article__paragraph  \">La derni\u00e8re rencontre entre Nikol Pachinian et Ilham Aliev, le 10\u00a0juillet \u00e0 Abou Dhabi, n\u2019avait abouti \u00e0 aucun progr\u00e8s tangible en vue d\u2019une finalisation de l\u2019accord de paix sur lequel les deux Etats du Caucase s\u2019\u00e9taient pourtant entendus en mars apr\u00e8s de tr\u00e8s longues n\u00e9gociations.<\/p>\n<p class=\"article__paragraph  \">Avant toute signature, l\u2019Azerba\u00efdjan a pr\u00e9sent\u00e9 une liste d\u2019exigences \u00e0 l\u2019Arm\u00e9nie, dont l\u2019ajout d\u2019amendements \u00e0 la Constitution arm\u00e9nienne incluant l\u2019abandon de toute revendication territoriale sur la r\u00e9gion contest\u00e9e du Haut-Karabakh. Les deux pays se sont affront\u00e9s lors de deux guerres pour le contr\u00f4le de ce territoire montagneux, que l\u2019Azerba\u00efdjan a finalement repris aux s\u00e9paratistes arm\u00e9niens lors d\u2019une offensive \u00e9clair en\u00a02023.<\/p>\n<p> Newsletter  <\/p>\n<p> <a href=\"https:\/\/www.lemonde.fr\/newsletters\/a-la-une\/\" class=\"inread__link js-services-inread-link\" target=\"_blank\" rel=\"nofollow noopener\">  <\/p>\n<p>\u00ab A la une \u00bb<\/p>\n<p>Chaque matin, parcourez l&rsquo;essentiel de l&rsquo;actualit\u00e9 du jour avec les derniers titres du \u00ab Monde \u00bb<\/p>\n<p>S&rsquo;inscrire<\/p>\n<p> <\/a>         <\/p>\n<p class=\"article__paragraph  \">Nikol Pachinian s\u2019est d\u00e9clar\u00e9 pr\u00eat \u00e0 se conformer aux demandes dans l\u2019int\u00e9r\u00eat d\u2019une paix durable, annon\u00e7ant son intention d\u2019organiser un r\u00e9f\u00e9rendum constitutionnel en\u00a02027. Mais le traumatisme de la perte du Haut-Karabakh continue de diviser son pays.<\/p>\n<p>             Trump et le prix Nobel de la paix             <\/p>\n<p class=\"article__paragraph  \">\u00ab\u00a0Il est plus que temps que Donald Trump re\u00e7oive le prix Nobel de la paix\u00a0\u00bb, avait lanc\u00e9 sa porte-parole, Karoline Leavitt, le 31\u00a0juillet pendant son point presse de routine, suscitant des r\u00e9actions mi-incr\u00e9dules mi-ironiques des opposants du dirigeant r\u00e9publicain.<\/p>\n<p class=\"article__paragraph  \">Elle a estim\u00e9 que depuis son retour au pouvoir le 20\u00a0janvier, le pr\u00e9sident am\u00e9ricain avait pr\u00e9sid\u00e9 \u00e0 la conclusion \u00ab\u00a0d\u2019un cessez-le-feu ou accord de paix par mois\u00a0\u00bb, donnant pour exemples ses m\u00e9diations entre l\u2019Inde et le Pakistan, le Cambodge et la Tha\u00eflande, l\u2019Egypte et l\u2019Ethiopie, le Rwanda et la R\u00e9publique d\u00e9mocratique du Congo, la Serbie et le Kosovo\u2026<\/p>\n<p class=\"article__paragraph  \">La liste des candidats n\u2019est pas rendue publique par le comit\u00e9 norv\u00e9gien qui d\u00e9cerne la distinction, mais Isra\u00ebl, le Cambodge et le Pakistan ont r\u00e9cemment annonc\u00e9 avoir propos\u00e9 Donald Trump.<\/p>\n<p>                                Lire aussi la chronique |  Article r\u00e9serv\u00e9 \u00e0 nos abonn\u00e9s  <a href=\"https:\/\/www.lemonde.fr\/idees\/article\/2025\/01\/30\/donald-trump-n-a-que-faire-du-multilateralisme-c-est-tout-seul-qu-il-chasserait-le-nobel-au-moyen-orient_6523851_3232.html\" class=\"js-article-read-also catcher--favoris__link\" data-premium=\"1\" id=\"article-title-3407932\" rel=\"nofollow noopener\" target=\"_blank\">\u00ab\u00a0Donald Trump n\u2019a que faire du multilat\u00e9ralisme, c\u2019est tout seul qu\u2019il chasserait le Nobel au Moyen-Orient\u00a0\u00bb<\/a>    <\/p>\n<p>   Lire plus tard  <\/p>\n<p class=\"author__detail\">  Le Monde avec AFP  <\/p>\n","protected":false},"excerpt":{"rendered":"Le premier ministre arm\u00e9nien, Nikol Pachinian, et le pr\u00e9sident azerba\u00efdjanais, Ilham Aliev, lors d\u2019une rencontre \u00e0 Abou Dhabi,&hellip;\n","protected":false},"author":2,"featured_media":304504,"comment_status":"","ping_status":"","sticky":false,"template":"","format":"standard","meta":{"footnotes":""},"categories":[5],"tags":[11,1011,27,14,12,28],"class_list":{"0":"post-304503","1":"post","2":"type-post","3":"status-publish","4":"format-standard","5":"has-post-thumbnail","7":"category-international","8":"tag-actualites","9":"tag-fr","10":"tag-france","11":"tag-international","12":"tag-news","13":"tag-world"},"share_on_mastodon":{"url":"https:\/\/pubeurope.com\/@fr\/114991835791681739","error":""},"_links":{"self":[{"href":"https:\/\/www.europesays.com\/fr\/wp-json\/wp\/v2\/posts\/304503","targetHints":{"allow":["GET"]}}],"collection":[{"href":"https:\/\/www.europesays.com\/fr\/wp-json\/wp\/v2\/posts"}],"about":[{"href":"https:\/\/www.europesays.com\/fr\/wp-json\/wp\/v2\/types\/post"}],"author":[{"embeddable":true,"href":"https:\/\/www.europesays.com\/fr\/wp-json\/wp\/v2\/users\/2"}],"replies":[{"embeddable":true,"href":"https:\/\/www.europesays.com\/fr\/wp-json\/wp\/v2\/comments?post=304503"}],"version-history":[{"count":0,"href":"https:\/\/www.europesays.com\/fr\/wp-json\/wp\/v2\/posts\/304503\/revisions"}],"wp:featuredmedia":[{"embeddable":true,"href":"https:\/\/www.europesays.com\/fr\/wp-json\/wp\/v2\/media\/304504"}],"wp:attachment":[{"href":"https:\/\/www.europesays.com\/fr\/wp-json\/wp\/v2\/media?parent=304503"}],"wp:term":[{"taxonomy":"category","embeddable":true,"href":"https:\/\/www.europesays.com\/fr\/wp-json\/wp\/v2\/categories?post=304503"},{"taxonomy":"post_tag","embeddable":true,"href":"https:\/\/www.europesays.com\/fr\/wp-json\/wp\/v2\/tags?post=304503"}],"curies":[{"name":"wp","href":"https:\/\/api.w.org\/{rel}","templated":true}]}}