{"id":304505,"date":"2025-08-08T06:55:10","date_gmt":"2025-08-08T06:55:10","guid":{"rendered":"https:\/\/www.europesays.com\/fr\/304505\/"},"modified":"2025-08-08T06:55:10","modified_gmt":"2025-08-08T06:55:10","slug":"direct-loi-duplomb-surprise-et-mecontentement-sur-le-retrait-de-lacetamipride-reagit-le-senateur-lr-a-lorigine-du-texte","status":"publish","type":"post","link":"https:\/\/www.europesays.com\/fr\/304505\/","title":{"rendered":"DIRECT. Loi Duplomb : \u00ab Surprise et m\u00e9contentement \u00bb sur le retrait de l\u2019ac\u00e9tamipride, r\u00e9agit le s\u00e9nateur LR \u00e0 l\u2019origine du texte"},"content":{"rendered":"<p>08:38<\/p>\n<p>\u00ab Une partie positive \u00bb sur l&rsquo;ac\u00e9tamipride, mais d&rsquo;autres articles \u00ab posent probl\u00e8me \u00bb, selon l&rsquo;eurod\u00e9put\u00e9 \u00e9cologiste David Cormand<\/p>\n<p>Sur franceinfo, l&rsquo;eurod\u00e9put\u00e9 \u00e9cologiste David Cormand salue une d\u00e9cision \u00ab positive \u00bb sur l&rsquo;ac\u00e9tamipride. Mais pour lui, d&rsquo;autres articles non censur\u00e9s \u00ab posent probl\u00e8me \u00bb, notamment sur \u00ab la simplification de l&rsquo;industrialisation de l&rsquo;\u00e9levage \u00bb. \u00ab Il y a aussi tout ce qu&rsquo;il manque \u00bb \u00e0 la loi Duplomb, a-t-il ajout\u00e9 en parlant des questions \u00e9conomiques.<\/p>\n<p>08:31<\/p>\n<p>\u00ab Courageux \u00bb, \u00ab victoire de la d\u00e9mocratie \u00bb&#8230; La d\u00e9cision des Sages sur la loi Duplomb salu\u00e9e par les m\u00e9decins<\/p>\n<p>Annonc\u00e9e ce jeudi soir, la d\u00e9cision du Conseil constitutionnel de censurer l\u2019article qui r\u00e9autorisait l\u2019utilisation de pesticides trouve plut\u00f4t un bon \u00e9cho parmi le corps m\u00e9dical, qui peine encore \u00e0 se prononcer unanimement. <a href=\"https:\/\/www.leparisien.fr\/societe\/sante\/courageux-victoire-de-la-democratie-la-decision-des-sages-sur-la-loi-duplomb-saluee-par-les-medecins-08-08-2025-TUQ75DP7GRCIJCPHGAH4A7OXRM.php\" target=\"_blank\" rel=\"noopener\">La d\u00e9cision des Sages est salu\u00e9e par les m\u00e9decins<\/a>.<\/p>\n<p>08:24<\/p>\n<p>\u00c9ric Piolle parle de loi \u00ab nocive \u00bb et critique un texte qui ne \u00ab r\u00e9pond pas \u00e0 la questions des revenus \u00bb<\/p>\n<p>Sur RFI, le maire \u00e9cologiste de Grenoble et porte-parole des \u00c9cologistes \u00c9ric Piolle consid\u00e8re que la loi Duplomb, m\u00eame partiellement censur\u00e9e, reste \u00ab\u00a0nocive\u00a0\u00bb. \u00ab\u00a0Elle s\u2019adresse en fait \u00e0 un tout petit nombre de paysans, de paysans qui ne sont plus vraiment les paysans, mais plut\u00f4t des industriels\u00a0\u00bb, a-t-il estim\u00e9. Il regrette que ce texte ne r\u00e9ponde \u00ab\u00a0ni \u00e0 la question des revenus\u00a0\u00bb ni \u00ab\u00a0\u00e0 la question de la connexion de la fourche \u00e0 la fourchette\u00a0\u00bb. Il r\u00e9clame, <a href=\"#35f8d18d-4b31-4294-a5f7-94f4c3a149fc\">comme sa secr\u00e9taire nationale Marine Tondelier<\/a>, une nouvelle d\u00e9lib\u00e9ration au Parlement.<\/p>\n<p>08:20<\/p>\n<p>\u00ab \u00a0La loi constitutionnelle s&rsquo;impose \u00e0 tous \u00bb, d\u00e9clare le d\u00e9put\u00e9 \u00e9cologiste Benjamin Lucas-Lundy<\/p>\n<p>Le d\u00e9put\u00e9 \u00e9cologiste des Yvelines Benjamin Lucas-Lundy, interrog\u00e9 sur Europe 1, se satisfait de cette d\u00e9cision. \u00ab La loi constitutionnelle s&rsquo;impose \u00e0 tous et elle est plus forte que tous \u00bb, a-t-il d\u00e9clar\u00e9 en parlant de \u00ab remise en cause putschiste \u00bb depuis hier soir et les critiques venues de la droite et de l&rsquo;extr\u00eame droite. \u00ab Ce ne sont pas des parlementaires et des ministres qui seraient au-dessus \u00bb, a ajout\u00e9 Benjamin Lucas-Lundy.<\/p>\n<p>08:09<\/p>\n<p>La col\u00e8re de la FNSEA, la joie des ONG pro-environnement<\/p>\n<p>Le principal syndicat agricole estime que la censure de la loi est un \u00ab choc \u00bb, qu&rsquo;elle est \u00ab inacceptable \u00bb et \u00ab incompr\u00e9hensible \u00bb. La Conf\u00e9d\u00e9ration paysanne, elle, dit craindre pour l&rsquo;avenir de la fili\u00e8re apicole.<\/p>\n<p>R\u00e9action diam\u00e9tralement oppos\u00e9e du c\u00f4t\u00e9 de G\u00e9n\u00e9rations futures. L&rsquo;ONG salue une \u00ab victoire surtout pour la sant\u00e9 et la biodiversit\u00e9 \u00bb.<\/p>\n<p>\u00ab La voix du peuple compte. Elle est l\u00e9gitime. C\u2019est l\u00e0 que commence le vrai travail \u00bb, a pour sa part r\u00e9agi <a href=\"https:\/\/www.leparisien.fr\/politique\/je-defends-la-voix-de-la-liberte-qui-est-eleonore-pattery-letudiante-a-lorigine-de-la-petition-contre-la-loi-duplomb-21-07-2025-L5DBBP6MN5CL5IOCZFZBT2JW4M.php\" target=\"_blank\" rel=\"noopener\">\u00c9l\u00e9onore Pattery<\/a>, la jeune femme \u00e0 l\u2019origine de la <a href=\"https:\/\/petitions.assemblee-nationale.fr\/initiatives\/i-3014\" target=\"_blank\" rel=\"noopener\">p\u00e9tition contre la loi Duplomb<\/a>, qui a r\u00e9uni plus de 2,1 millions de signatures.\u00a0<\/p>\n<p>08:03<\/p>\n<p>Yannick Neuder veut \u00ab avancer vers la promulgation \u00bb<\/p>\n<p>Yannick Neuder souhaite \u00ab avancer vers la promulgation \u00bb de la loi Duplomb, apr\u00e8s la censure partielle du Conseil constitutionnel. \u00ab Cette loi permet aussi un pas important pour nos agriculteurs \u00bb, a-t-il \u00e9galement d\u00e9clar\u00e9.<\/p>\n<p>07:59<\/p>\n<p>Le ministre charg\u00e9 de la Sant\u00e9 appelle \u00e0 une \u00ab r\u00e9\u00e9valuation par les autorit\u00e9s sanitaires europ\u00e9ennes sans d\u00e9lai \u00bb sur l&rsquo;ac\u00e9tamipride<\/p>\n<p>Yannick Neuder, ministre charg\u00e9 de la Sant\u00e9, affirme sur France Inter \u00ab respecter la d\u00e9cision du Conseil constitutionnel \u00bb. Dans le m\u00eame temps, il en appelle \u00ab avec beaucoup d&rsquo;attention et de transparence \u00e0 une r\u00e9\u00e9valuation par les autorit\u00e9s sanitaires europ\u00e9ennes sans d\u00e9lai \u00bb sur l&rsquo;ac\u00e9tamipride. \u00ab On ne peut pas interdire une substance en France si on importe des produits d&rsquo;autres pays europ\u00e9ens qui sont trait\u00e9s avec \u00bb, a-t-il d\u00e9clar\u00e9.<\/p>\n<p>07:52<\/p>\n<p>\u00ab C&rsquo;est la victoire de la d\u00e9croissance \u00bb, tacle Laurent Duplomb<\/p>\n<p>\u00ab\u00a0C\u2019est la victoire de la d\u00e9croissance\u00a0\u00bb, lance Laurent Duplomb sur RMC en parlant \u00ab\u00a0d\u2019\u00e9cologie punitive\u00a0\u00bb et de \u00ab\u00a0concurrence d\u00e9loyale\u00a0\u00bb face aux autres pays europ\u00e9ens. \u00ab\u00a0Si on vous demande de courir 100\u00a0m en vous mettant trois boulets aux pieds, vous pensez que vous pourrez courir le 100\u00a0m plus facilement que celui qui ne les a pas\u00a0?\u00a0\u00bb, a-t-il illustr\u00e9.<\/p>\n<p>07:48<\/p>\n<p>Vers un nouveau texte ? Laurent Duplomb botte en touche<\/p>\n<p>De nouveau interrog\u00e9 sur RMC, le s\u00e9nateur LR Laurent Duplomb ne r\u00e9pond pas vraiment sur la possibilit\u00e9 de red\u00e9poser un texte pour r\u00e9introduire les ac\u00e9tamiprides. Pourrait-il le faire ? \u00ab Je ne dis pas \u00e7a, il reste encore du temps pour examiner ce qu&rsquo;il va se passer. Je dis simplement qu&rsquo;\u00e0 la lecture de la d\u00e9cision du Conseil constitutionnel, il ne ferme pas la porte \u00bb, d\u00e9clare-t-il.<\/p>\n<p>07:42<\/p>\n<p>La FNSEA veut \u00ab plus de dialogue \u00bb avec les Fran\u00e7ais<\/p>\n<p>Sur la p\u00e9tition qui a r\u00e9colt\u00e9 plus de 2,1\u00a0millions de signatures, Luc Smessaert reconna\u00eet que son syndicat n\u2019a pas assez dialogu\u00e9. Il compte \u00ab\u00a0aller \u00e0 la rencontre des Fran\u00e7ais pour dialoguer, \u00e9changer\u00a0\u00bb et mieux \u00ab\u00a0expliquer comment on travaille avec de la p\u00e9dagogie\u00a0\u00bb. Il souhaite prendre la parole face aux \u00ab\u00a0extr\u00e9mistes de l\u2019environnement\u00a0\u00bb.<\/p>\n<p>07:39<\/p>\n<p>Certaines \u00ab productions sont plus qu&rsquo;en danger \u00bb, lance le vice-pr\u00e9sident de la FNSEA qui parle de \u00ab d\u00e9cision politique \u00bb<\/p>\n<p>Luc Smessaert, vice-pr\u00e9sident de la FNSEA, a alert\u00e9 sur TF1 que certaines productions de betterave \u00ab sont plus qu&rsquo;en danger \u00bb apr\u00e8s la d\u00e9cision du Conseil constitutionnel. Pour lui, la d\u00e9cision des Sages est \u00ab plus une d\u00e9cision politique \u00bb que v\u00e9ritablement \u00ab appuy\u00e9e sur les vrais fondements de la Constitution \u00bb.<\/p>\n<p>07:35<\/p>\n<p>La FNSEA \u00ab prend acte \u00bb d&rsquo;une d\u00e9cision qui \u00ab marque l&rsquo;abandon pur et simple de certaines fili\u00e8res \u00bb<\/p>\n<p>Il est en col\u00e8re. Dans un message post\u00e9 sur le r\u00e9seau social X hier soir, le pr\u00e9sident de la FNSEA &#8211; principal syndicat agricole &#8211; Arnaud Rousseau, a dit \u00ab prendre acte de la d\u00e9cision du Conseil constitutionnel \u00bb, notamment sur la censure de l&rsquo;article r\u00e9introduisant l&rsquo;ac\u00e9tamipride. Pour lui, cela \u00ab marque l&rsquo;abandon pur et simple de certaines fili\u00e8res de l&rsquo;agriculture fran\u00e7aise \u00bb.<\/p>\n<blockquote class=\"twitter-tweet\" align=\"center\">\n<p lang=\"fr\" dir=\"ltr\">La <a href=\"https:\/\/twitter.com\/FNSEA?ref_src=twsrc%5Etfw\" target=\"_blank\" rel=\"noopener\">@FNSEA<\/a> prend acte de la d\u00e9cision du <a href=\"https:\/\/twitter.com\/Conseil_constit?ref_src=twsrc%5Etfw\" target=\"_blank\" rel=\"noopener\">@Conseil_constit<\/a> , qui valide l&rsquo;ensemble de la loi <a href=\"https:\/\/twitter.com\/hashtag\/Duplomb?src=hash&amp;ref_src=twsrc%5Etfw\" target=\"_blank\" rel=\"noopener\">#Duplomb<\/a> \u00e0 l&rsquo;exception des articles 2 et 8. Cette d\u00e9cision marque l&rsquo;abandon pur et simple de certaines fili\u00e8res de l&rsquo;agriculture fran\u00e7aise, alors m\u00eame que notre d\u00e9pendance aux importations\u2026<\/p>\n<p>\u2014 Arnaud Rousseau (@rousseautrocy) <a href=\"https:\/\/twitter.com\/rousseautrocy\/status\/1953512838665785718?ref_src=twsrc%5Etfw\" target=\"_blank\" rel=\"noopener\">August 7, 2025<\/a><\/p><\/blockquote>\n<p>07:28<\/p>\n<p>Marine Tondelier\u00a0: \u00ab\u00a0Nous demandons \u00e0 Emmanuel Macron de ne pas promulguer la loi Duplomb\u00a0\u00bb<\/p>\n<p>07:23<\/p>\n<p>Le Conseil constitutionnel ill\u00e9gitime ? \u00ab Je n&rsquo;ai pas \u00e0 critiquer sa d\u00e9cision \u00bb, r\u00e9pond Duplomb<\/p>\n<p>Alors que certaines personnalit\u00e9s politiques \u00e0 droite et \u00e0 l&rsquo;extr\u00eame droite ont remis en cause hier soir la l\u00e9gitimit\u00e9 du Conseil constitutionnel, Laurent Duplomb ne va pas dans ce sens. \u00ab En \u00e9tant \u00e9lu de la R\u00e9publique, j&rsquo;estime que je n&rsquo;ai pas \u00e0 critiquer ou \u00e0 trouver des parades par rapport \u00e0 la d\u00e9cision du Conseil constitutionnel. Elle s&rsquo;applique \u00bb, a-t-il simplement r\u00e9pondu.<\/p>\n<p>07:16<\/p>\n<p>\u00ab Une forme de satisfaction \u00bb, mais \u00ab un sentiment de surprise et de m\u00e9contentement \u00bb, pour Laurent Duplomb<\/p>\n<p>Interrog\u00e9 sur franceinfo, le s\u00e9nateur LR Laurent Duplomb fait part de sa \u00ab satisfaction \u00bb alors que \u00ab 80% \u00bb du texte a \u00e9t\u00e9 approuv\u00e9. Sur la censure hier soir de l&rsquo;article autorisant la r\u00e9introduction de l&rsquo;ac\u00e9tamipride, il dit avoir \u00ab un sentiment de surprise et de m\u00e9contentement \u00bb. Pour lui, les Sages affirment que \u00ab l&rsquo;encadrement n&rsquo;est pas suffisamment important \u00bb et \u00ab s&rsquo;appuient sur un principe de pr\u00e9caution \u00bb.<\/p>\n<p>07:13<\/p>\n<p>Un succ\u00e8s pour la gauche, un non-sens pour la droite et l&rsquo;extr\u00eame droite<\/p>\n<p>PS, LFI, <a href=\"https:\/\/www.leparisien.fr\/politique\/marine-tondelier-nous-demandons-a-emmanuel-macron-de-ne-pas-promulguer-la-loi-duplomb-07-08-2025-B7SJYN55EFDKFPSEQV4OSVBH5E.php\" target=\"_blank\" rel=\"noopener\">\u00c9cologistes<\/a> : tous se r\u00e9jouissent de la d\u00e9cision des Sages, autant pour des motifs sanitaires qu&rsquo;environnementaux.\u00a0<\/p>\n<p>Chez LR, Laurent Wauquiez tonne contre \u00ab l&rsquo;ing\u00e9rence des juges constitutionnels \u00bb. Un propos semblable \u00e0 celui de Marine Le Pen : \u00ab En se comportant comme un l\u00e9gislateur alors qu\u2019il n\u2019en d\u00e9tient pas la l\u00e9gitimit\u00e9 d\u00e9mocratique, le Conseil constitutionnel scie la branche sur laquelle il est assis \u00bb.<\/p>\n<p>07:13<\/p>\n<p>L&rsquo;engagement d&rsquo;Emmanuel Macron<\/p>\n<p>Par l&rsquo;interm\u00e9diaire de son entourage, le pr\u00e9sident de la R\u00e9publique a fait savoir qu&rsquo;il prenait note de la d\u00e9cision du Conseil constitutionnel et qu&rsquo;il promulguerait \u00ab la loi telle qu\u2019elle r\u00e9sulte de cette d\u00e9cision dans les meilleurs d\u00e9lais \u00bb.<\/p>\n<p>07:03<\/p>\n<p>Les raisons d&rsquo;une censure<\/p>\n<p>Si les Sages ont retoqu\u00e9 la disposition le pesticide pol\u00e9mique, c&rsquo;est parce qu&rsquo;ils l&rsquo;ont jug\u00e9e contraire \u00e0 la Charte de l&rsquo;environnement.<\/p>\n<p>07:01<\/p>\n<p>Bonjour \u00e0 toutes et \u00e0 tous<\/p>\n<p>Bienvenue sur ce direct consacr\u00e9 \u00e0 la d\u00e9cision du Conseil constitutionnel de censurer la disposition la plus contest\u00e9e de la loi Duplomb : celle pr\u00e9voyant la r\u00e9introduction de l\u2019ac\u00e9tamipride, un pesticide interdit en France depuis 2018.<\/p>\n<p>Contexte<\/p>\n<p>La loi Duplomb partiellement censur\u00e9e par le Conseil constitutionnel<\/p>\n<ul>\n<li>C&rsquo;\u00e9tait une d\u00e9cision extr\u00eamement attendue, \u00e0 la fois par <a href=\"https:\/\/www.leparisien.fr\/politique\/loi-duplomb-apres-la-censure-de-lacetamipride-la-gauche-salue-une-victoire-et-le-rn-crie-au-scandale-07-08-2025-W6LWMV45SZFJZCZWKW23QZXESA.php\" target=\"_blank\" rel=\"noopener\">ses partisans et ses d\u00e9tracteurs<\/a> : hier soir, le Conseil constitutionnel a censur\u00e9 la r\u00e9introduction de <a href=\"https:\/\/www.leparisien.fr\/politique\/lacetamipride\" target=\"_blank\" rel=\"noopener\">l&rsquo;ac\u00e9tamipride<\/a>, un pesticide pol\u00e9mique.<\/li>\n<li>Par le biais de son entourage, Emmanuel Macron a fait savoir qu&rsquo;il promulguerait \u00ab la loi telle qu&rsquo;elle r\u00e9sulte de cette d\u00e9cision \u00bb.<\/li>\n<li>Principal syndicat agricole, la FNSEA se dit sous le \u00ab choc \u00bb et regrette une d\u00e9cision \u00ab inacceptable et incompr\u00e9hensible \u00bb.<\/li>\n<li>PS, LFI, <a href=\"https:\/\/www.leparisien.fr\/politique\/marine-tondelier-nous-demandons-a-emmanuel-macron-de-ne-pas-promulguer-la-loi-duplomb-07-08-2025-B7SJYN55EFDKFPSEQV4OSVBH5E.php\" target=\"_blank\" rel=\"noopener\">\u00c9cologistes<\/a>\u2026 \u00c0 gauche, on salue unanimement la d\u00e9cision des Sages. Tandis qu&rsquo;\u00e0 droite et \u00e0 l&rsquo;extr\u00eame droite, on la fustige.<\/li>\n<\/ul>\n<p><script async src=\"https:\/\/platform.twitter.com\/widgets.js\" charset=\"utf-8\"><\/script><\/p>\n","protected":false},"excerpt":{"rendered":"08:38 \u00ab Une partie positive \u00bb sur l&rsquo;ac\u00e9tamipride, mais d&rsquo;autres articles \u00ab posent probl\u00e8me \u00bb, selon l&rsquo;eurod\u00e9put\u00e9 \u00e9cologiste&hellip;\n","protected":false},"author":2,"featured_media":304506,"comment_status":"","ping_status":"","sticky":false,"template":"","format":"standard","meta":{"footnotes":""},"categories":[4],"tags":[11,1011,27,1227,12,9024,9026,25,3755],"class_list":{"0":"post-304505","1":"post","2":"type-post","3":"status-publish","4":"format-standard","5":"has-post-thumbnail","7":"category-france","8":"tag-actualites","9":"tag-fr","10":"tag-france","11":"tag-horizontal","12":"tag-news","13":"tag-politics","14":"tag-portrait","15":"tag-republique-francaise","16":"tag-studio-photography"},"share_on_mastodon":{"url":"https:\/\/pubeurope.com\/@fr\/114991839538152868","error":""},"_links":{"self":[{"href":"https:\/\/www.europesays.com\/fr\/wp-json\/wp\/v2\/posts\/304505","targetHints":{"allow":["GET"]}}],"collection":[{"href":"https:\/\/www.europesays.com\/fr\/wp-json\/wp\/v2\/posts"}],"about":[{"href":"https:\/\/www.europesays.com\/fr\/wp-json\/wp\/v2\/types\/post"}],"author":[{"embeddable":true,"href":"https:\/\/www.europesays.com\/fr\/wp-json\/wp\/v2\/users\/2"}],"replies":[{"embeddable":true,"href":"https:\/\/www.europesays.com\/fr\/wp-json\/wp\/v2\/comments?post=304505"}],"version-history":[{"count":0,"href":"https:\/\/www.europesays.com\/fr\/wp-json\/wp\/v2\/posts\/304505\/revisions"}],"wp:featuredmedia":[{"embeddable":true,"href":"https:\/\/www.europesays.com\/fr\/wp-json\/wp\/v2\/media\/304506"}],"wp:attachment":[{"href":"https:\/\/www.europesays.com\/fr\/wp-json\/wp\/v2\/media?parent=304505"}],"wp:term":[{"taxonomy":"category","embeddable":true,"href":"https:\/\/www.europesays.com\/fr\/wp-json\/wp\/v2\/categories?post=304505"},{"taxonomy":"post_tag","embeddable":true,"href":"https:\/\/www.europesays.com\/fr\/wp-json\/wp\/v2\/tags?post=304505"}],"curies":[{"name":"wp","href":"https:\/\/api.w.org\/{rel}","templated":true}]}}