{"id":304519,"date":"2025-08-08T07:09:48","date_gmt":"2025-08-08T07:09:48","guid":{"rendered":"https:\/\/www.europesays.com\/fr\/304519\/"},"modified":"2025-08-08T07:09:48","modified_gmt":"2025-08-08T07:09:48","slug":"ce-refuge-spa-est-sature-des-centaines-danimaux-abandonnes-sont-a-ladoption","status":"publish","type":"post","link":"https:\/\/www.europesays.com\/fr\/304519\/","title":{"rendered":"ce refuge SPA est satur\u00e9, des centaines d\u2019animaux abandonn\u00e9s sont \u00e0 l\u2019adoption"},"content":{"rendered":"<p class=\"article__intro\">En ce d\u00e9but de mois d&rsquo;ao\u00fbt, la SPA du Dauphin\u00e9 (Is\u00e8re) est toujours satur\u00e9e avec des centaines de chiens et de chats \u00e0 l\u2019adoption. Une situation inacceptable pour le pr\u00e9sident de ce refuge qui appelle les citoyens \u00e0 prendre leurs responsabilit\u00e9s.<\/p>\n<p>\n      L\u2019actu des r\u00e9gions\n    <\/p>\n<p>\n      Chaque jour, un tour d\u2019horizon des principales infos de toutes les r\u00e9gions.\n    <\/p>\n<p>    France T\u00e9l\u00e9visions utilise votre adresse e-mail afin de vous envoyer la newsletter \u00ab\u00a0L\u2019actu des r\u00e9gions\u00a0\u00bb. Vous pouvez vous d\u00e9sinscrire \u00e0 tout moment via le lien en bas de cette newsletter. <a target=\"_blank\" href=\"https:\/\/www.francetelevisions.fr\/groupe\/confidentialite\/politique-de-confidentialite\/politique-de-confidentialite-de-france-televisions-6503\" rel=\"nofollow noopener\">Notre politique de confidentialit\u00e9<\/a><\/p>\n<p>\u00ab\u00a0Nous sommes archi complets\u00a0\u00bb, souffle G\u00e9rard Lassiaz, le pr\u00e9sident de la SPA du Dauphin\u00e9 situ\u00e9e \u00e0 Uriage et Grenoble (Is\u00e8re). Le refuge abrite actuellement 80 chats et 50 chiens&#8230; Sans compter ceux en famille d\u2019accueil, soit une centaine de f\u00e9lins et 80 canid\u00e9s. \u00ab\u00a0C\u2019est \u00e9norme\u00a0\u00bb, poursuit-il, \u00ab\u00a0nous sommes dans une p\u00e9riode o\u00f9 il y a peu d\u2019adoptions. On s\u2019attend \u00e0 un pic fin ao\u00fbt\u00a0\u00bb.\u00a0<\/p>\n<\/p>\n<p>\u00ab\u00a0Le refuge est d\u00e9j\u00e0 satur\u00e9 quasiment toute l\u2019ann\u00e9e et ce, depuis 2022\u00a0\u00bb, d\u00e9plore G\u00e9rard Lassiaz. \u00ab\u00a0Avant, nous avions un \u00e9t\u00e9 saisonnier. Maintenant, les abandons se font toute l\u2019ann\u00e9e avec des profils de chiens particuliers\u00a0\u00bb, tels que des Malinois, Staffs, Dogues, au grand gabarit et class\u00e9s en tant que molosso\u00efdes. Parmi eux, <a href=\"https:\/\/www.spa-du-dauphine.fr\/adoption\/ghost\/\" target=\"_blank\" rel=\"noopener nofollow\">Ghost<\/a>, un American Bully aux yeux bleus n\u00e9 en 2023 et \u00e0 l\u2019adoption depuis plus d\u2019un an.\u00a0<\/p>\n<blockquote class=\"ftvi_content_quote\">\n<p class=\"ftvi_citation_quote\">Nous sommes d\u00e9sesp\u00e9r\u00e9s.\u00a0<\/p>\n<p>G\u00e9rard Lassiaz, pr\u00e9sident de la SPA du Dauphin\u00e9<\/p>\n<\/blockquote>\n<p>\u00ab\u00a0On se dit qu\u2019on n&rsquo;avance pas dans le bon sens, la situation stagne voire s\u2019amplifie\u00a0\u00bb, l\u00e2che G\u00e9rard Lassiaz, \u00ab\u00a0l\u2019animal est pris comme un achat ou quelque chose de compulsif. La base du probl\u00e8me est l\u00e0. Un animal est un \u00eatre vivant qui a des besoins\u00a0\u00bb.\u00a0<\/p>\n<p>Pour le pr\u00e9sident de la SPA du Dauphin\u00e9, \u00ab\u00a0tout se joue au moment o\u00f9 l\u2019on veut prendre un animal\u00a0\u00bb. Un acte qui demande une \u00ab\u00a0m\u00fbre r\u00e9flexion\u00a0\u00bb : \u00ab\u00a0Est-on capable de lui apporter tout ce dont il a besoin ?\u00a0\u00bb, questionne celui \u00e0 la t\u00eate du refuge qui entretient, nourrit, soigne plus de 900 animaux par an en moyenne.\u00a0<\/p>\n<blockquote class=\"ftvi_content_quote\">\n<p class=\"ftvi_citation_quote\">On ne prend pas un animal parce qu\u2019il est beau.\u00a0<\/p>\n<p>G\u00e9rard Lassiaz, pr\u00e9sident de la SPA du Dauphin\u00e9<\/p>\n<\/blockquote>\n<p>\u00ab\u00a0Il faut mesurer le pour et le contre, se renseigner sur les besoins de la race et penser qu\u2019en adoptant un chiot, nous partons pour 15 voire 20 ans\u00a0\u00bb, conseille-t-il, \u00ab\u00a0c\u2019est un membre de la famille, bien qu\u2019il ne soit pas humain\u00a0\u00bb.\u00a0<\/p>\n<p>Selon l\u2019association <a href=\"https:\/\/www.30millionsdamis.fr\/la-fondation\/nos-combats\/abandons\/\" target=\"_blank\" rel=\"noopener nofollow\">60 millions d\u2019amis<\/a>, 60\u00a0000 animaux sont abandonn\u00e9s par leurs ma\u00eetres durant la p\u00e9riode estivale. Un chiffre probablement sup\u00e9rieur, selon G\u00e9rard Lassiaz, qui, entour\u00e9 de 250 b\u00e9n\u00e9voles et 11 salari\u00e9s, tente d\u2019offrir une nouvelle vie aux animaux priv\u00e9s d\u2019amour et de soins.\u00a0<\/p>\n","protected":false},"excerpt":{"rendered":"En ce d\u00e9but de mois d&rsquo;ao\u00fbt, la SPA du Dauphin\u00e9 (Is\u00e8re) est toujours satur\u00e9e avec des centaines de&hellip;\n","protected":false},"author":2,"featured_media":304520,"comment_status":"","ping_status":"","sticky":false,"template":"","format":"standard","meta":{"footnotes":""},"categories":[9566],"tags":[1111,11,2430,1777,674,1011,27,2731,12,25],"class_list":{"0":"post-304519","1":"post","2":"type-post","3":"status-publish","4":"format-standard","5":"has-post-thumbnail","7":"category-grenoble","8":"tag-actu","9":"tag-actualites","10":"tag-auvergne-rhone-alpes","11":"tag-eu","12":"tag-europe","13":"tag-fr","14":"tag-france","15":"tag-grenoble","16":"tag-news","17":"tag-republique-francaise"},"share_on_mastodon":{"url":"https:\/\/pubeurope.com\/@fr\/114991898494362223","error":""},"_links":{"self":[{"href":"https:\/\/www.europesays.com\/fr\/wp-json\/wp\/v2\/posts\/304519","targetHints":{"allow":["GET"]}}],"collection":[{"href":"https:\/\/www.europesays.com\/fr\/wp-json\/wp\/v2\/posts"}],"about":[{"href":"https:\/\/www.europesays.com\/fr\/wp-json\/wp\/v2\/types\/post"}],"author":[{"embeddable":true,"href":"https:\/\/www.europesays.com\/fr\/wp-json\/wp\/v2\/users\/2"}],"replies":[{"embeddable":true,"href":"https:\/\/www.europesays.com\/fr\/wp-json\/wp\/v2\/comments?post=304519"}],"version-history":[{"count":0,"href":"https:\/\/www.europesays.com\/fr\/wp-json\/wp\/v2\/posts\/304519\/revisions"}],"wp:featuredmedia":[{"embeddable":true,"href":"https:\/\/www.europesays.com\/fr\/wp-json\/wp\/v2\/media\/304520"}],"wp:attachment":[{"href":"https:\/\/www.europesays.com\/fr\/wp-json\/wp\/v2\/media?parent=304519"}],"wp:term":[{"taxonomy":"category","embeddable":true,"href":"https:\/\/www.europesays.com\/fr\/wp-json\/wp\/v2\/categories?post=304519"},{"taxonomy":"post_tag","embeddable":true,"href":"https:\/\/www.europesays.com\/fr\/wp-json\/wp\/v2\/tags?post=304519"}],"curies":[{"name":"wp","href":"https:\/\/api.w.org\/{rel}","templated":true}]}}