{"id":304602,"date":"2025-08-08T07:57:10","date_gmt":"2025-08-08T07:57:10","guid":{"rendered":"https:\/\/www.europesays.com\/fr\/304602\/"},"modified":"2025-08-08T07:57:10","modified_gmt":"2025-08-08T07:57:10","slug":"kelly-clarkson-en-deuil-son-ex-mari-et-pere-de-ses-enfants-est-mort-il-navait-que-48-ans","status":"publish","type":"post","link":"https:\/\/www.europesays.com\/fr\/304602\/","title":{"rendered":"Kelly Clarkson en deuil : son ex-mari et p\u00e8re de ses enfants est mort, il n\u2019avait que 48 ans"},"content":{"rendered":"<p>Brandon Blackstock, ancien \u00e9poux de <a href=\"https:\/\/www.closermag.fr\/people\/kelly-clarkson-repense-a-ses-debuts-je-voulais-me-suicider-755739#item=1\" rel=\"nofollow noopener\" target=\"_blank\"><br \/>\nKelly Clarkson<\/a>, est d\u00e9c\u00e9d\u00e9 \u00e0 l\u2019\u00e2ge de 48 ans. Il se battait<br \/>\ncontre un cancer depuis plusieurs ann\u00e9es. Ensemble, ils ont eu<br \/>\n<strong>deux enfants<\/strong>. Tr\u00e8s affect\u00e9e, la chanteuse a d\u00e9cid\u00e9<br \/>\nde mettre sa carri\u00e8re en pause pour se consacrer \u00e0 sa famille.<\/p>\n<p>Actuellement en r\u00e9sidence \u00e0 <strong>Las Vegas<\/strong> avec son<br \/>\nspectacle Studio Sessions,<br \/>\nKelly Clarkson a annonc\u00e9 le report de ses repr\u00e9sentations pr\u00e9vues<br \/>\nen ao\u00fbt. Une d\u00e9cision difficile mais n\u00e9cessaire, afin d\u2019\u00eatre<br \/>\npleinement pr\u00e9sente pour ses enfants dans ce moment de deuil.<\/p>\n<p>Kelly Clarkson en deuil : son<br \/>\nex-mari s\u2019est \u00e9teint \u00e0 l\u2019\u00e2ge de 48 ans<\/p>\n<p data-start=\"253\" data-end=\"887\"><a href=\"https:\/\/www.closermag.fr\/people\/la-chanteuse-kelly-clarkson-s-est-mariee-219108#item=1\" rel=\"nofollow noopener\" target=\"_blank\"><br \/>\nBrandon Blackstock<\/a>, manager reconnu dans l\u2019industrie musicale,<br \/>\nancien \u00e9poux de Kelly Clarkson et ex-beau-fils de la chanteuse Reba<br \/>\nMcEntire, est d\u00e9c\u00e9d\u00e9 \u00e0 l\u2019\u00e2ge de 48 ans. La famille a confirm\u00e9 la<br \/>\ntriste nouvelle dans un communiqu\u00e9 transmis au magazine People :<br \/>\n\u00ab\u00a0C\u2019est avec une profonde tristesse que nous annon\u00e7ons le d\u00e9c\u00e8s<br \/>\nde Brandon Blackstock. <strong>Brandon s\u2019est battu courageusement<br \/>\ncontre le cancer pendant plus de trois ans<\/strong>. Il est d\u00e9c\u00e9d\u00e9<br \/>\npaisiblement, entour\u00e9 de sa famille. Nous vous remercions pour vos<br \/>\npens\u00e9es et vos pri\u00e8res et demandons \u00e0 tous de respecter l\u2019intimit\u00e9<br \/>\nde la famille en cette p\u00e9riode extr\u00eamement difficile\u00a0\u00bb.<\/p>\n<p data-start=\"889\" data-end=\"1641\">Mercredi 6 ao\u00fbt, Kelly Clarkson<br \/>\navait r\u00e9v\u00e9l\u00e9 publiquement la maladie de son ex-mari en annon\u00e7ant<br \/>\nqu\u2019elle repoussait sa r\u00e9sidence \u00e0 Las Vegas afin de se consacrer<br \/>\npleinement \u00e0 leurs deux enfants, <a href=\"https:\/\/www.closermag.fr\/people\/kelly-clarkson-est-enceinte-la-chanteuse-attend-son-premier-enfant-233233#item=1\" rel=\"nofollow noopener\" target=\"_blank\"><br \/>\nRiver<\/a> et Remington. \u00ab\u00a0Habituellement, je garde ma vie personnelle priv\u00e9e. Mais<br \/>\ncette ann\u00e9e, le p\u00e8re de mes enfants a \u00e9t\u00e9 <strong>malade<\/strong><br \/>\net, en ce moment, j\u2019ai besoin d\u2019\u00eatre enti\u00e8rement pr\u00e9sente pour eux<br \/>\n\u00ab\u00a0, \u00e9crivait-elle dans un message adress\u00e9 \u00e0 ses fans, en les<br \/>\nremerciant pour leur \u00ab\u00a0bienveillance, leur gr\u00e2ce et leur compr\u00e9hension\u00a0\u00bb.<\/p>\n<p>Brandon Blackstock : une vie entre musique, amour et ruptures<\/p>\n<p data-start=\"1694\" data-end=\"2656\">En mars 2024, Blackstock<br \/>\napparaissait encore tout sourire lors d\u2019un moment familial au rod\u00e9o<br \/>\nde Houston. \u00a0Ce dernier, ancien manager de Kelly Clarkson,<br \/>\navait permis leur rencontre en mai 2006 lors d\u2019une r\u00e9p\u00e9tition des<br \/>\nAcademy of Country Music Awards. \u00c0 l\u2019\u00e9poque, Brandon \u00e9tait encore<br \/>\nmari\u00e9 \u00e0 Melissa Ashworth. Mais la connexion entre les deux artistes<br \/>\nest imm\u00e9diate. \u00ab\u00a0Ce type est<br \/>\npass\u00e9 en faisant rire tout le monde. J\u2019ai dit : <strong>je vais<br \/>\nfinir avec lui. Je le sais<\/strong>\u201d , confiait Clarkson en<br \/>\n2013.<\/p>\n<p data-start=\"2658\" data-end=\"3707\" data-is-last-node=\"\" data-is-only-node=\"\">Blackstock s\u2019\u00e9tait impos\u00e9 dans l\u2019univers de la<br \/>\nmusique, repr\u00e9sentant notamment <a href=\"https:\/\/www.closermag.fr\/people\/gwen-stefani-qui-est-son-compagnon-blake-shelton-1179633#item=1\" rel=\"nofollow noopener\" target=\"_blank\"><br \/>\nBlake Shelton<\/a>. Il avait \u00e9galement pris en main la carri\u00e8re de<br \/>\nKelly apr\u00e8s leur mariage. \u00ab\u00a0Je<br \/>\nn\u2019aurais jamais engag\u00e9 Brandon comme manager si je n\u2019avais pas vu<br \/>\nde mes propres yeux \u00e0 quel point il est <strong>dou\u00e9<\/strong>. Et<br \/>\ncombien il se soucie de Blake\u00a0\u00bb, d\u00e9clarait la chanteuse. Leur<br \/>\n<strong>s\u00e9paration<\/strong> a profond\u00e9ment marqu\u00e9 la chanteuse, qui<br \/>\ns&rsquo;\u00e9tait confi\u00e9e sur cette \u00e9preuve : \u00ab\u00a0Ce qu\u2019il y a de plus difficile avec un <a href=\"https:\/\/www.closermag.fr\/people\/coup-dur-pour-kelly-clarkson-son-divorce-va-lui-couter-tres-tres-cher-1533317#item=1\" rel=\"nofollow noopener\" target=\"_blank\"><br \/>\ndivorce<\/a>, c\u2019est que ce n\u2019est pas une d\u00e9cision prise du jour au<br \/>\nlendemain. Je voulais que ce soit beau, que ce soit<br \/>\ng\u00e9nial, que ce soit tout ce que \u00e7a pouvait \u00eatre. Mais parfois, \u00e7a<br \/>\nne fonctionne pas\u00a0\u00bb.<\/p>\n","protected":false},"excerpt":{"rendered":"Brandon Blackstock, ancien \u00e9poux de Kelly Clarkson, est d\u00e9c\u00e9d\u00e9 \u00e0 l\u2019\u00e2ge de 48 ans. Il se battait contre&hellip;\n","protected":false},"author":2,"featured_media":304603,"comment_status":"","ping_status":"","sticky":false,"template":"","format":"standard","meta":{"footnotes":""},"categories":[1355],"tags":[548,58,59,1011,27,1361,873],"class_list":{"0":"post-304602","1":"post","2":"type-post","3":"status-publish","4":"format-standard","5":"has-post-thumbnail","7":"category-musique","8":"tag-article-simple","9":"tag-divertissement","10":"tag-entertainment","11":"tag-fr","12":"tag-france","13":"tag-music","14":"tag-musique"},"share_on_mastodon":{"url":"https:\/\/pubeurope.com\/@fr\/114992083393933518","error":""},"_links":{"self":[{"href":"https:\/\/www.europesays.com\/fr\/wp-json\/wp\/v2\/posts\/304602","targetHints":{"allow":["GET"]}}],"collection":[{"href":"https:\/\/www.europesays.com\/fr\/wp-json\/wp\/v2\/posts"}],"about":[{"href":"https:\/\/www.europesays.com\/fr\/wp-json\/wp\/v2\/types\/post"}],"author":[{"embeddable":true,"href":"https:\/\/www.europesays.com\/fr\/wp-json\/wp\/v2\/users\/2"}],"replies":[{"embeddable":true,"href":"https:\/\/www.europesays.com\/fr\/wp-json\/wp\/v2\/comments?post=304602"}],"version-history":[{"count":0,"href":"https:\/\/www.europesays.com\/fr\/wp-json\/wp\/v2\/posts\/304602\/revisions"}],"wp:featuredmedia":[{"embeddable":true,"href":"https:\/\/www.europesays.com\/fr\/wp-json\/wp\/v2\/media\/304603"}],"wp:attachment":[{"href":"https:\/\/www.europesays.com\/fr\/wp-json\/wp\/v2\/media?parent=304602"}],"wp:term":[{"taxonomy":"category","embeddable":true,"href":"https:\/\/www.europesays.com\/fr\/wp-json\/wp\/v2\/categories?post=304602"},{"taxonomy":"post_tag","embeddable":true,"href":"https:\/\/www.europesays.com\/fr\/wp-json\/wp\/v2\/tags?post=304602"}],"curies":[{"name":"wp","href":"https:\/\/api.w.org\/{rel}","templated":true}]}}