{"id":304614,"date":"2025-08-08T08:03:12","date_gmt":"2025-08-08T08:03:12","guid":{"rendered":"https:\/\/www.europesays.com\/fr\/304614\/"},"modified":"2025-08-08T08:03:12","modified_gmt":"2025-08-08T08:03:12","slug":"donald-trump-presente-des-statistiques-economiques-alternatives-a-la-maison-blanche-graphiques-en-main","status":"publish","type":"post","link":"https:\/\/www.europesays.com\/fr\/304614\/","title":{"rendered":"Donald Trump pr\u00e9sente des statistiques \u00e9conomiques alternatives \u00e0 la Maison Blanche, graphiques en main"},"content":{"rendered":"<p>        <img decoding=\"async\" loading=\"lazy\" src=\"https:\/\/www.europesays.com\/fr\/wp-content\/uploads\/2025\/08\/8b5a181_upload-1-ceomvdny2wcf-afp-20250807-692j243-v3-highres-uspoliticseconomytrump.jpg\"  width=\"728\" height=\"409\" alt=\"Donald Trump, pr\u00e9sentant un graphique lors d\u2019une prise de parole \u00e0 la Maison Blanche sur l\u2019\u00e9conomie am\u00e9ricaine, le 7\u00a0ao\u00fbt 2025.\"\/>  <\/p>\n<p>BRENDAN SMIALOWSKI \/ AFP<\/p>\n<p>Donald Trump, pr\u00e9sentant un graphique lors d\u2019une prise de parole \u00e0 la Maison Blanche sur l\u2019\u00e9conomie am\u00e9ricaine, le 7\u00a0ao\u00fbt 2025.<\/p>\n<p class=\"asset asset-text\">\u00c9TATS-UNIS &#8211; Un pr\u00e9sident dans sa propre v\u00e9rit\u00e9. <a href=\"https:\/\/www.huffingtonpost.fr\/international\/article\/donald-trump-n-a-pas-du-tout-apprecie-que-ce-journaliste-lui-rappelle-sa-cote-de-popularite_253299.html\" target=\"_blank\" rel=\"noopener\">Donald Trump<\/a> a pr\u00e9sent\u00e9 jeudi 7\u00a0ao\u00fbt \u00e0 la Maison Blanche des statistiques \u00e9conomiques alternatives prouvant, selon lui, que des chiffres officiels ont \u00e9t\u00e9 fauss\u00e9s \u00ab\u00a0volontairement\u00a0\u00bb. Une pr\u00e9sentation qui intervient peu de temps apr\u00e8s le <a href=\"https:\/\/www.huffingtonpost.fr\/international\/article\/donald-trump-veut-virer-la-cheffe-des-statistiques-car-elle-aurait-truque-les-chiffres-de-l-emploi-pour-le-denigrer_253207.html\" target=\"_blank\" rel=\"noopener\">limogeage la patronne de la principale agence publique de statistiques<\/a> de l\u2019emploi.<\/p>\n<p class=\"asset asset-text\">Devant des journalistes, convoqu\u00e9s en toute h\u00e2te dans le Bureau ovale pour une annonce qualifi\u00e9e de \u00ab\u00a0majeure\u00a0\u00bb par un haut responsable, le pr\u00e9sident r\u00e9publicain a exhib\u00e9 plusieurs graphiques en compagnie de Stephen Moore.<\/p>\n<p class=\"asset asset-text\">Cet \u00e9conomiste travaillant avec le tr\u00e8s conservateur centre de r\u00e9flexion Heritage Foundation a affirm\u00e9 que \u00ab\u00a0durant les deux derni\u00e8res ann\u00e9es du gouvernement de Joe Biden, le Bureau des statistiques de l\u2019emploi (BLS) avait surestim\u00e9 les cr\u00e9ations d\u2019emploi de 1,5\u00a0million d\u2019unit\u00e9s\u00a0\u00bb. Face \u00e0 cette \u00ab\u00a0erreur gigantesque\u00a0\u00bb, le pr\u00e9sident r\u00e9publicain \u00ab\u00a0a eu raison de demander \u00e0 nommer un nouveau responsable\u00a0\u00bb de cette agence f\u00e9d\u00e9rale, a assur\u00e9 cet expert, conseiller de longue date de Donald Trump.<\/p>\n<p> La lecture de ce contenu est susceptible d\u2019entra\u00eener un d\u00e9p\u00f4t de cookies de la part de l\u2019op\u00e9rateur tiers qui l\u2019h\u00e9berge. Compte-tenu des choix que vous avez exprim\u00e9s en mati\u00e8re de d\u00e9p\u00f4t de cookies, nous avons bloqu\u00e9 l\u2019affichage de ce contenu. Si vous souhaitez y acc\u00e9der, vous devez accepter la cat\u00e9gorie de cookies \u201cContenus tiers\u201d en cliquant sur le bouton ci-dessous. <\/p>\n<p> Lire la Vid\u00e9o        <\/p>\n<p class=\"asset asset-text\">\u00ab\u00a0Je ne pense pas que c\u2019\u00e9tait une erreur. Je pense que \u00e7a a \u00e9t\u00e9 fait volontairement\u00a0\u00bb, a comment\u00e9 le pr\u00e9sident am\u00e9ricain. \u00ab\u00a0Ce sont des donn\u00e9es incroyables. Nous allons tr\u00e8s bien\u00a0\u00bb, s\u2019est-il f\u00e9licit\u00e9.<\/p>\n<p>                     Une rectification qui a fait la fureur de Donald Trump    <\/p>\n<p class=\"asset asset-text\">Selon les calculs de Stephen Moore, \u00ab\u00a0durant les cinq premiers mois de mandat de Donald Trump, le revenu moyen des foyers, ajust\u00e9 de l\u2019inflation, a progress\u00e9 de 1\u00a0174\u00a0dollars\u00a0\u00bb.<\/p>\n<p>         <img decoding=\"async\" loading=\"lazy\" src=\"https:\/\/www.europesays.com\/fr\/wp-content\/uploads\/2025\/08\/9024c25_upload-1-psyiyrq36lbb-afp-20250807-692j24m-v1-highres-uspoliticseconomytrump.jpg\"  width=\"728\" height=\"410\" alt=\"Donald Trump, pr\u00e9sentant un graphique \u00e9conomique \u00e0 la Maison Blanche, le 7\u00a0ao\u00fbt 2025.\"\/>  <\/p>\n<p>BRENDAN SMIALOWSKI \/ AFP<\/p>\n<p>Donald Trump, pr\u00e9sentant un graphique \u00e9conomique \u00e0 la Maison Blanche, le 7\u00a0ao\u00fbt 2025.<\/p>\n<p class=\"asset asset-text\">Le BLS revoit de mani\u00e8re r\u00e9guli\u00e8re, \u00e0 la hausse ou \u00e0 la baisse, les donn\u00e9es de l\u2019emploi apr\u00e8s la publication initiale, parfois de mani\u00e8re importante. La derni\u00e8re r\u00e9vision d\u2019importance, d\u00e9but ao\u00fbt, a revu \u00e0 la baisse de 258\u00a0000 emplois sur les deux derniers mois.<\/p>\n<p class=\"asset asset-text\">Cette rectification a provoqu\u00e9 la fureur de Donald Trump qui a d\u00e9cid\u00e9 dans la foul\u00e9e de limoger la responsable du Bureau, accus\u00e9e d\u2019avoir \u00ab\u00a0truqu\u00e9 les chiffres de l\u2019emploi avant l\u2019\u00e9lection pour augmenter les chances de victoires de Kamala\u00a0\u00bb Harris, son adversaire d\u00e9mocrate lors de la derni\u00e8re \u00e9lection pr\u00e9sidentielle.<\/p>\n<p class=\"asset asset-text\">Donald Trump avait voulu pendant son premier mandat nommer Stephen Moore \u00e0 la Fed, la puissante banque centrale am\u00e9ricaine. Il avait renonc\u00e9 face \u00e0 des critiques portant sur les qualifications de l\u2019\u00e9conomiste ainsi que sur des commentaires sexistes \u00e9mis par ce dernier.<\/p>\n","protected":false},"excerpt":{"rendered":"BRENDAN SMIALOWSKI \/ AFP Donald Trump, pr\u00e9sentant un graphique lors d\u2019une prise de parole \u00e0 la Maison Blanche&hellip;\n","protected":false},"author":2,"featured_media":304615,"comment_status":"","ping_status":"","sticky":false,"template":"","format":"standard","meta":{"footnotes":""},"categories":[6],"tags":[35,75,33,34,73,1011,27,14,78],"class_list":{"0":"post-304614","1":"post","2":"type-post","3":"status-publish","4":"format-standard","5":"has-post-thumbnail","7":"category-economie","8":"tag-business","9":"tag-donald-trump","10":"tag-economie","11":"tag-economy","12":"tag-etats-unis","13":"tag-fr","14":"tag-france","15":"tag-international","16":"tag-maison-blanche"},"share_on_mastodon":{"url":"https:\/\/pubeurope.com\/@fr\/114992107098256178","error":""},"_links":{"self":[{"href":"https:\/\/www.europesays.com\/fr\/wp-json\/wp\/v2\/posts\/304614","targetHints":{"allow":["GET"]}}],"collection":[{"href":"https:\/\/www.europesays.com\/fr\/wp-json\/wp\/v2\/posts"}],"about":[{"href":"https:\/\/www.europesays.com\/fr\/wp-json\/wp\/v2\/types\/post"}],"author":[{"embeddable":true,"href":"https:\/\/www.europesays.com\/fr\/wp-json\/wp\/v2\/users\/2"}],"replies":[{"embeddable":true,"href":"https:\/\/www.europesays.com\/fr\/wp-json\/wp\/v2\/comments?post=304614"}],"version-history":[{"count":0,"href":"https:\/\/www.europesays.com\/fr\/wp-json\/wp\/v2\/posts\/304614\/revisions"}],"wp:featuredmedia":[{"embeddable":true,"href":"https:\/\/www.europesays.com\/fr\/wp-json\/wp\/v2\/media\/304615"}],"wp:attachment":[{"href":"https:\/\/www.europesays.com\/fr\/wp-json\/wp\/v2\/media?parent=304614"}],"wp:term":[{"taxonomy":"category","embeddable":true,"href":"https:\/\/www.europesays.com\/fr\/wp-json\/wp\/v2\/categories?post=304614"},{"taxonomy":"post_tag","embeddable":true,"href":"https:\/\/www.europesays.com\/fr\/wp-json\/wp\/v2\/tags?post=304614"}],"curies":[{"name":"wp","href":"https:\/\/api.w.org\/{rel}","templated":true}]}}