{"id":304622,"date":"2025-08-08T08:07:14","date_gmt":"2025-08-08T08:07:14","guid":{"rendered":"https:\/\/www.europesays.com\/fr\/304622\/"},"modified":"2025-08-08T08:07:14","modified_gmt":"2025-08-08T08:07:14","slug":"nos-idees-sorties-du-week-end-des-15-16-et-17-aout-2025-dans-la-loire","status":"publish","type":"post","link":"https:\/\/www.europesays.com\/fr\/304622\/","title":{"rendered":"Nos id\u00e9es sorties du week-end des 15, 16 et 17 ao\u00fbt 2025 dans la Loire"},"content":{"rendered":"<p class=\"is-style-chapo\">Voici la s\u00e9lection de la r\u00e9daction de If Saint-Etienne pour se divertir et s\u2019amuser dans la Loire le week-end prochain, soit les 15, 16 et 17 ao\u00fbt. Une liste d\u2019\u00e9v\u00e9nements, s\u00e9lectionn\u00e9s de mani\u00e8re ind\u00e9pendante et, bien entendu, non-exhaustive.<\/p>\n<p><img loading=\"lazy\" decoding=\"async\" width=\"1024\" height=\"576\" src=\"https:\/\/www.europesays.com\/fr\/wp-content\/uploads\/2025\/05\/16955250-1024x576.jpg\" alt=\"Chartreuse\" class=\"wp-image-77129\"  \/><\/p>\n<p>1 \u2013 Big bang<\/p>\n<p>Vendredi 15 ao\u00fbt \u00e0 partir de 14h30, le <a href=\"https:\/\/www.if-saint-etienne.fr\/breves\/de-nouveaux-projecteurs-au-planetarium-de-saint-etienne\" target=\"_blank\" rel=\"noreferrer noopener\">Plan\u00e9tarium<\/a> de Saint-Etienne vous accueille pour la projection \u00ab\u00a0Nous sommes les \u00e9toiles\u00a0\u00bb. Vous serez embarqu\u00e9 dans le chapiteau du temps, dans le but de d\u00e9couvrir l\u2019histoire de l\u2019univers, dont la formation des \u00e9toiles ou encore des plan\u00e8tes. Un voyage passionnant accessible d\u00e8s 9 ans.<\/p>\n<p>2 \u2013 Chaudron magique<\/p>\n<p>Samedi 16 ao\u00fbt, \u00e0 partir de 20h, ce sera la premi\u00e8re r\u00e9ception de la saison pour l<a href=\"https:\/\/www.asse.fr\/\" target=\"_blank\" rel=\"noreferrer noopener\">\u2019AS Saint-Etienne<\/a>. Pour ce retour en Ligue 2 BKT, les Verts re\u00e7oivent le Rodez Aveyron Football au stade Geoffroy Guichard. Le retour en Ligue 1 McDonald\u2019s commence maintenant\u2026<\/p>\n<p>3 \u2013 Gourmandise<\/p>\n<p>Dimanche 17 ao\u00fbt, \u00e0 14h30 et 15 h 45, la miellerie <a href=\"https:\/\/lagrangeauxabeilles.fr\/\" target=\"_blank\" rel=\"noreferrer noopener\">La Grange aux Abeilles<\/a>, situ\u00e9e \u00e0 Estivareilles, vous propose de d\u00e9couvrir son travail. La visite guid\u00e9e comprendra notamment une d\u00e9monstration parmi 200 000 abeilles.<\/p>\n<p>4 \u2013 Myst\u00e8re<\/p>\n<p>Et si vous profitiez de l\u2019\u00e9t\u00e9 pour r\u00e9soudre des \u00e9nigmes\u00a0? C\u2019est le programme de <a href=\"https:\/\/www.roannais-tourisme.com\/temps-fort\/roanne-plage\/\" target=\"_blank\" rel=\"noreferrer noopener\">Roanne Plage<\/a> du vendredi 15 ao\u00fbt entre 14h et 16h, propos\u00e9 par les animateurs. A r\u00e9soudre en famille.<\/p>\n<p>5 \u2013 Visite<\/p>\n<p>Tous les jours jusqu\u2019au 31 ao\u00fbt, \u00e0 10h30 et 15h, il est possible de participer \u00e0 une visite guid\u00e9e de la <a href=\"https:\/\/www.chartreuse-saintecroixenjarez.com\/\" target=\"_blank\" rel=\"noreferrer noopener\">Chartreuse<\/a> de Sainte-Croix-en-Jarez. L\u2019occasion de d\u00e9couvrir ou red\u00e9couvrir ce site d\u2019exception \u00e0 travers la cour des p\u00e8res, celle des fr\u00e8res, les \u00e9glises, les anciennes cuisines en passant par l\u2019ermitage d\u2019un p\u00e8re Chartreux.<\/p>\n","protected":false},"excerpt":{"rendered":"Voici la s\u00e9lection de la r\u00e9daction de If Saint-Etienne pour se divertir et s\u2019amuser dans la Loire le&hellip;\n","protected":false},"author":2,"featured_media":69028,"comment_status":"","ping_status":"","sticky":false,"template":"","format":"standard","meta":{"footnotes":""},"categories":[9653],"tags":[44451,14428,1111,11,2430,1777,674,1011,27,34689,14429,12,14430,25,4001,1669,14431],"class_list":{"0":"post-304622","1":"post","2":"type-post","3":"status-publish","4":"format-standard","5":"has-post-thumbnail","7":"category-saint-etienne","8":"tag-activites-famille-loire","9":"tag-activites-week-end-loire","10":"tag-actu","11":"tag-actualites","12":"tag-auvergne-rhone-alpes","13":"tag-eu","14":"tag-europe","15":"tag-fr","16":"tag-france","17":"tag-idee-sortie-saint-etienne","18":"tag-idees-sorties-loire","19":"tag-news","20":"tag-recreatif","21":"tag-republique-francaise","22":"tag-saint-etienne","23":"tag-sorties","24":"tag-week-ends"},"share_on_mastodon":{"url":"https:\/\/pubeurope.com\/@fr\/114992122729299673","error":""},"_links":{"self":[{"href":"https:\/\/www.europesays.com\/fr\/wp-json\/wp\/v2\/posts\/304622","targetHints":{"allow":["GET"]}}],"collection":[{"href":"https:\/\/www.europesays.com\/fr\/wp-json\/wp\/v2\/posts"}],"about":[{"href":"https:\/\/www.europesays.com\/fr\/wp-json\/wp\/v2\/types\/post"}],"author":[{"embeddable":true,"href":"https:\/\/www.europesays.com\/fr\/wp-json\/wp\/v2\/users\/2"}],"replies":[{"embeddable":true,"href":"https:\/\/www.europesays.com\/fr\/wp-json\/wp\/v2\/comments?post=304622"}],"version-history":[{"count":0,"href":"https:\/\/www.europesays.com\/fr\/wp-json\/wp\/v2\/posts\/304622\/revisions"}],"wp:featuredmedia":[{"embeddable":true,"href":"https:\/\/www.europesays.com\/fr\/wp-json\/wp\/v2\/media\/69028"}],"wp:attachment":[{"href":"https:\/\/www.europesays.com\/fr\/wp-json\/wp\/v2\/media?parent=304622"}],"wp:term":[{"taxonomy":"category","embeddable":true,"href":"https:\/\/www.europesays.com\/fr\/wp-json\/wp\/v2\/categories?post=304622"},{"taxonomy":"post_tag","embeddable":true,"href":"https:\/\/www.europesays.com\/fr\/wp-json\/wp\/v2\/tags?post=304622"}],"curies":[{"name":"wp","href":"https:\/\/api.w.org\/{rel}","templated":true}]}}